{"id":39787,"date":"2022-10-24T07:21:53","date_gmt":"2022-10-24T12:21:53","guid":{"rendered":"http:\/\/losperiodistas.com.mx\/portal\/?p=39787"},"modified":"2022-10-24T07:21:55","modified_gmt":"2022-10-24T12:21:55","slug":"inflacion-se-ubico-en-8-53-anual-durante-la-primera-quincena-de-octubre-el-economista","status":"publish","type":"post","link":"https:\/\/losperiodistas.com.mx\/portal\/inflacion-se-ubico-en-8-53-anual-durante-la-primera-quincena-de-octubre-el-economista\/","title":{"rendered":"Inflaci\u00f3n se ubic\u00f3 en 8.53% anual durante la primera quincena de octubre | El Economista"},"content":{"rendered":"\n<figure class=\"wp-block-image size-large is-style-default\"><img fetchpriority=\"high\" decoding=\"async\" width=\"1024\" height=\"683\" src=\"https:\/\/losperiodistas.com.mx\/portal\/wp-content\/uploads\/2022\/10\/mercado_rs197.jpg_1015297232-1024x683.jpg\" alt=\"\" class=\"wp-image-39788\" srcset=\"https:\/\/losperiodistas.com.mx\/portal\/wp-content\/uploads\/2022\/10\/mercado_rs197.jpg_1015297232-1024x683.jpg 1024w, https:\/\/losperiodistas.com.mx\/portal\/wp-content\/uploads\/2022\/10\/mercado_rs197.jpg_1015297232-300x200.jpg 300w, https:\/\/losperiodistas.com.mx\/portal\/wp-content\/uploads\/2022\/10\/mercado_rs197.jpg_1015297232-768x512.jpg 768w, https:\/\/losperiodistas.com.mx\/portal\/wp-content\/uploads\/2022\/10\/mercado_rs197.jpg_1015297232.jpg 1200w\" sizes=\"(max-width: 1024px) 100vw, 1024px\" \/><\/figure>\n\n\n\n<p>Foto EE: Archivo<\/p>\n\n\n\n<p class=\"has-vivid-cyan-blue-color has-text-color has-medium-font-size\">BEL\u00c9N SALD\u00cdVAR \/ EL ECONOMISTA<\/p>\n\n\n\n<p>La&nbsp;<strong>inflaci\u00f3n<\/strong>&nbsp;dio un leve respiro en la primera quincena de octubre, de acuerdo con los datos divulgados por el Instituto Nacional de Estad\u00edstica y Geograf\u00eda (<strong>Inegi<\/strong>) que mostraron que el dato se ubic\u00f3 por debajo de la expectativa del mercado.<\/p>\n\n\n\n<p>En la primera mitad del mes, el&nbsp;<strong>\u00cdndice Nacional de Precios al Consumidor<\/strong>&nbsp;(INPC)&nbsp;<a href=\"https:\/\/www.eleconomista.com.mx\/economia\/Inflacion-repite-dosis-en-septiembre-precios-al-consumidor-aumentaron-8.70-anual-20221007-0026.html\" target=\"_blank\" rel=\"noreferrer noopener\">report\u00f3 un avance quincenal de 0.44%<\/a>, mientras que a tasa anual alcanz\u00f3 un nivel de 8.53 por ciento.<\/p>\n\n\n\n<p>Si bien la inflaci\u00f3n contin\u00faa por arriba del objetivo del Banco de M\u00e9xico (Banxico) de 3% +\/-1 punto porcentual, el dato de los primeros 15 d\u00edas del mes sorprendi\u00f3 al mercado, que esperaba un mayor&nbsp;<strong>aumento de precios<\/strong>.<\/p>\n\n\n\n<p>Un sondeo realizado por Reuters arroj\u00f3 que los especialistas del mercado esperaban una inflaci\u00f3n de 8.62 por ciento.<\/p>\n\n\n\n<p>Adem\u00e1s de ubicarse por debajo de la proyecci\u00f3n del mercado, la inflaci\u00f3n en la primera quincena de octubre mostr\u00f3 una desaceleraci\u00f3n desde 8.64% de la \u00faltima quincena de septiembre.<\/p>\n\n\n\n<h2 class=\"wp-block-heading\">Alimentos contin\u00faan presionando bolsillos<\/h2>\n\n\n\n<p>Dentro del reporte se observ\u00f3 que, c\u00f3mo ha pasado en los \u00faltimos meses, son los productos relacionados con los alimentos que han metido presi\u00f3n al bolsillo de los mexicanos.<\/p>\n\n\n\n<p>Del lado de la&nbsp;<strong>inflaci\u00f3n Subyacente<\/strong>, que elimina de su c\u00e1lculo los bienes y servicios con los precios m\u00e1s vol\u00e1tiles, el dato fue de 8.39% anual. Dentro de \u00e9sta, fueron los alimentos, bebidas y tabaco los productos que m\u00e1s presionaron, con un alza en su precio de 13.87 por ciento.<\/p>\n\n\n\n<p>En el caso de la&nbsp;<strong>inflaci\u00f3n no Subyacente<\/strong>, el aumento de precios promedio, a nivel nacional, fue de 8.95 por ciento.<\/p>\n\n\n\n<p>Al igual que con la inflaci\u00f3n Subyacente, la presi\u00f3n aqu\u00ed estuvo relacionada con alimentos, en donde los productos pecuarios presionaron al mostrar un aumento de 15.09 por ciento.<\/p>\n\n\n\n<h2 class=\"wp-block-heading\">Fin de temporada c\u00e1lida pega<\/h2>\n\n\n\n<p>La inflaci\u00f3n quincenal reportada en la primera mitad de octubre se explic\u00f3, principalmente, por el incremento en los&nbsp;<strong>precios de la electricidad<\/strong>&nbsp;en varios estados. De acuerdo con los datos, la electricidad mostr\u00f3 un aumento de 17.46% anual debido al t\u00e9rmino de la temporada c\u00e1lida en diferentes regiones del pa\u00eds.<\/p>\n\n\n\n<p>En tanto, el jitomate mostr\u00f3 un aumento de 9.31% y las loncher\u00edas, fondas y taquer\u00edas de 0.61 por ciento.<\/p>\n\n\n\n<p><a href=\"mailto:Ana.martinez@eleconomista.mx\">ana.martinez@eleconomista.mx<\/a><\/p>\n\n\n\n<p>Fuente: https:\/\/www.eleconomista.com.mx\/economia\/Inflacion-se-ubico-en-8.53-anual-durante-la-primera-quincena-de-octubre-20221024-0024.html <\/p>\n","protected":false},"excerpt":{"rendered":"<p>Foto EE: Archivo BEL\u00c9N SALD\u00cdVAR \/ EL ECONOMISTA La&nbsp;inflaci\u00f3n&nbsp;dio un leve respiro en la primera quincena de octubre, de acuerdo [&hellip;]<\/p>\n","protected":false},"author":1,"featured_media":39788,"comment_status":"open","ping_status":"open","sticky":false,"template":"","format":"standard","meta":{"site-sidebar-layout":"default","site-content-layout":"","ast-site-content-layout":"default","site-content-style":"default","site-sidebar-style":"default","ast-global-header-display":"","ast-banner-title-visibility":"","ast-main-header-display":"","ast-hfb-above-header-display":"","ast-hfb-below-header-display":"","ast-hfb-mobile-header-display":"","site-post-title":"","ast-breadcrumbs-content":"","ast-featured-img":"","footer-sml-layout":"","theme-transparent-header-meta":"","adv-header-id-meta":"","stick-header-meta":"","header-above-stick-meta":"","header-main-stick-meta":"","header-below-stick-meta":"","astra-migrate-meta-layouts":"default","ast-page-background-enabled":"default","ast-page-background-meta":{"desktop":{"background-color":"var(--ast-global-color-4)","background-image":"","background-repeat":"repeat","background-position":"center center","background-size":"auto","background-attachment":"scroll","background-type":"","background-media":"","overlay-type":"","overlay-color":"","overlay-opacity":"","overlay-gradient":""},"tablet":{"background-color":"","background-image":"","background-repeat":"repeat","background-position":"center center","background-size":"auto","background-attachment":"scroll","background-type":"","background-media":"","overlay-type":"","overlay-color":"","overlay-opacity":"","overlay-gradient":""},"mobile":{"background-color":"","background-image":"","background-repeat":"repeat","background-position":"center center","background-size":"auto","background-attachment":"scroll","background-type":"","background-media":"","overlay-type":"","overlay-color":"","overlay-opacity":"","overlay-gradient":""}},"ast-content-background-meta":{"desktop":{"background-color":"var(--ast-global-color-5)","background-image":"","background-repeat":"repeat","background-position":"center center","background-size":"auto","background-attachment":"scroll","background-type":"","background-media":"","overlay-type":"","overlay-color":"","overlay-opacity":"","overlay-gradient":""},"tablet":{"background-color":"var(--ast-global-color-5)","background-image":"","background-repeat":"repeat","background-position":"center center","background-size":"auto","background-attachment":"scroll","background-type":"","background-media":"","overlay-type":"","overlay-color":"","overlay-opacity":"","overlay-gradient":""},"mobile":{"background-color":"var(--ast-global-color-5)","background-image":"","background-repeat":"repeat","background-position":"center center","background-size":"auto","background-attachment":"scroll","background-type":"","background-media":"","overlay-type":"","overlay-color":"","overlay-opacity":"","overlay-gradient":""}},"footnotes":""},"categories":[8],"tags":[13395,653,13394,10959],"class_list":["post-39787","post","type-post","status-publish","format-standard","has-post-thumbnail","hentry","category-noticias","tag-aumento-de-precios","tag-inegi","tag-inflacion-octubre-2022","tag-inpc"],"_links":{"self":[{"href":"https:\/\/losperiodistas.com.mx\/portal\/wp-json\/wp\/v2\/posts\/39787","targetHints":{"allow":["GET"]}}],"collection":[{"href":"https:\/\/losperiodistas.com.mx\/portal\/wp-json\/wp\/v2\/posts"}],"about":[{"href":"https:\/\/losperiodistas.com.mx\/portal\/wp-json\/wp\/v2\/types\/post"}],"author":[{"embeddable":true,"href":"https:\/\/losperiodistas.com.mx\/portal\/wp-json\/wp\/v2\/users\/1"}],"replies":[{"embeddable":true,"href":"https:\/\/losperiodistas.com.mx\/portal\/wp-json\/wp\/v2\/comments?post=39787"}],"version-history":[{"count":1,"href":"https:\/\/losperiodistas.com.mx\/portal\/wp-json\/wp\/v2\/posts\/39787\/revisions"}],"predecessor-version":[{"id":39789,"href":"https:\/\/losperiodistas.com.mx\/portal\/wp-json\/wp\/v2\/posts\/39787\/revisions\/39789"}],"wp:featuredmedia":[{"embeddable":true,"href":"https:\/\/losperiodistas.com.mx\/portal\/wp-json\/wp\/v2\/media\/39788"}],"wp:attachment":[{"href":"https:\/\/losperiodistas.com.mx\/portal\/wp-json\/wp\/v2\/media?parent=39787"}],"wp:term":[{"taxonomy":"category","embeddable":true,"href":"https:\/\/losperiodistas.com.mx\/portal\/wp-json\/wp\/v2\/categories?post=39787"},{"taxonomy":"post_tag","embeddable":true,"href":"https:\/\/losperiodistas.com.mx\/portal\/wp-json\/wp\/v2\/tags?post=39787"}],"curies":[{"name":"wp","href":"https:\/\/api.w.org\/{rel}","templated":true}]}}