{"id":39782,"date":"2022-10-24T06:26:27","date_gmt":"2022-10-24T11:26:27","guid":{"rendered":"http:\/\/losperiodistas.com.mx\/portal\/?p=39782"},"modified":"2022-10-24T06:26:29","modified_gmt":"2022-10-24T11:26:29","slug":"ha-entrado-en-declive-la-iglesia-en-america-aleteia","status":"publish","type":"post","link":"https:\/\/losperiodistas.com.mx\/portal\/ha-entrado-en-declive-la-iglesia-en-america-aleteia\/","title":{"rendered":"\u00bfHa entrado en declive la Iglesia en Am\u00e9rica?\u00a0| Aleteia"},"content":{"rendered":"\n<p class=\"has-luminous-vivid-amber-background-color has-background has-medium-font-size\">Desde hace 96 a\u00f1os se celebra la Jornada Mundial de las Misiones y en el marco de esta, la Agencia Fides, \u00f3rgano de informaci\u00f3n de las Obras Misionales Pontificias, publica las estad\u00edsticas de la Iglesia cat\u00f3lica en el mundo<\/p>\n\n\n\n<p><\/p>\n\n\n\n<figure class=\"wp-block-image size-large is-style-default\"><img fetchpriority=\"high\" decoding=\"async\" width=\"1024\" height=\"512\" src=\"https:\/\/losperiodistas.com.mx\/portal\/wp-content\/uploads\/2022\/10\/web3-catholic-mass-church-hispanic-mexican-america-catholic-diocese-of-saginaw-cc-by-nd-2-0-1024x512.jpg\" alt=\"\" class=\"wp-image-39785\" srcset=\"https:\/\/losperiodistas.com.mx\/portal\/wp-content\/uploads\/2022\/10\/web3-catholic-mass-church-hispanic-mexican-america-catholic-diocese-of-saginaw-cc-by-nd-2-0-1024x512.jpg 1024w, https:\/\/losperiodistas.com.mx\/portal\/wp-content\/uploads\/2022\/10\/web3-catholic-mass-church-hispanic-mexican-america-catholic-diocese-of-saginaw-cc-by-nd-2-0-300x150.jpg 300w, https:\/\/losperiodistas.com.mx\/portal\/wp-content\/uploads\/2022\/10\/web3-catholic-mass-church-hispanic-mexican-america-catholic-diocese-of-saginaw-cc-by-nd-2-0-768x384.jpg 768w, https:\/\/losperiodistas.com.mx\/portal\/wp-content\/uploads\/2022\/10\/web3-catholic-mass-church-hispanic-mexican-america-catholic-diocese-of-saginaw-cc-by-nd-2-0.jpg 1200w\" sizes=\"(max-width: 1024px) 100vw, 1024px\" \/><figcaption>Catholic Diocese of Saginaw-(CC BY-ND 2.0)<\/figcaption><\/figure>\n\n\n\n<p class=\"has-vivid-cyan-blue-color has-text-color has-medium-font-size\">JAIME SEPTI\u00c9N \/ ALETEIA<\/p>\n\n\n\n<p class=\"has-drop-cap\">Extrapoladas del \u00faltimo Anuario Estad\u00edstico de la Iglesia (actualizado al 31 de diciembre de 2020), los datos son una estupenda herramienta para componer la presencia cat\u00f3lica en un mundo que cada vez se encuentra m\u00e1s lejano a Dios y m\u00e1s cercano a la violencia.<\/p>\n\n\n\n<p>Sin que sea una debacle, lo cierto es que la presencia cat\u00f3lica en el continente americano comienza a evidenciar una serie de problemas que podr\u00edan ser el pre\u00e1mbulo del declive del llamado \u201cContinente de la Esperanza\u201d; un continente que acaba de darle a la Iglesia su primer Papa y que alberga, a\u00fan, el mayor n\u00famero de cat\u00f3licos del mundo.<\/p>\n\n\n\n<h3 class=\"wp-block-heading\">Alzas que son bajas<\/h3>\n\n\n\n<p>Las estad\u00edsticas pueden ser un retrato de lo que est\u00e1 sucediendo al interior del continente cuya poblaci\u00f3n total es de mil 22 millones de habitantes y en el que los cat\u00f3licos alcanzan el 63.90 por ciento de la poblaci\u00f3n (653.6 millones de personas).<\/p>\n\n\n\n<p>Mientras en 2022 la poblaci\u00f3n continental en 8.5 millones de seres humanos, los cat\u00f3licos crecieron en 6.4 millones. Y en t\u00e9rminos de porcentaje de la participaci\u00f3n cat\u00f3lica en el total de la poblaci\u00f3n, apenas subi\u00f3 marginalmente 0.1 por ciento.<\/p>\n\n\n\n<p>Sin embargo, en la importante relaci\u00f3n de habitantes cat\u00f3licos por sacerdote la tendencia es al alza. En 2022 los cat\u00f3licos a los que tiene que atender un sacerdote en el continente crecieron en 117 personas, de tal suerte que a cada sacerdote le es conferida la atenci\u00f3n de 5.435 cat\u00f3licos.<\/p>\n\n\n\n<h3 class=\"wp-block-heading\">Ministerio sacerdotal en crisis<\/h3>\n\n\n\n<p>Donde los timbres de alarma comienzan a encenderse es en el n\u00famero de obispos, sacerdotes y di\u00e1conos permanentes que presentan las estad\u00edsticas para Am\u00e9rica del dossier de la Agencia Fides a cuyo cargo se encuentra Stefano Lodigiani.<\/p>\n\n\n\n<p>En cuanto al n\u00famero total de obispos (2.022 del total mundial de 5.363) aumentaron en 16. El informe muestra que hay una tendencia al alza en los obispos diocesanos (+25), los obispos religiosos sufrieron una dr\u00e1stica ca\u00edda (-9).<\/p>\n\n\n\n<p><strong>Una ca\u00edda muy relevante en Am\u00e9rica se encuentra en el n\u00famero de sacerdotes.&nbsp;<\/strong>Del total mundial de 410.2019, corresponden a Am\u00e9rica 120,272. Si el mundo perdi\u00f3 en este per\u00edodo 4.117 sacerdotes, Am\u00e9rica contribuy\u00f3 con esa p\u00e9rdida con 1.421, de los cuales 364 son diocesanos y 1.057 religiosos. Di\u00e1conos permanentes, Am\u00e9rica perdi\u00f3 46.<\/p>\n\n\n\n<h3 class=\"wp-block-heading\">El coraz\u00f3n de la di\u00f3cesis comienza a fallar<\/h3>\n\n\n\n<p>Todos los papas de la segunda mitad del siglo XX y primeras d\u00e9cadas del siglo XXI han sido enf\u00e1ticos en se\u00f1alar que el seminario es el coraz\u00f3n de una di\u00f3cesis y que las vocaciones sacerdotales se encuentran en crisis por la invasi\u00f3n generalizada del secularismo.<\/p>\n\n\n\n<p><strong>Am\u00e9rica se est\u00e1 convirtiendo en el continente donde mejor se refleja esa p\u00e9rdida.<\/strong>&nbsp;Los seminaristas mayores (diocesanos y religiosos) bajaron en 2.203 personas en todo el mundo. De ellos 1.261 pertenecen a Am\u00e9rica (524 diocesanos y 737 religiosos).<\/p>\n\n\n\n<p>Lo mismo ocurri\u00f3 con los seminaristas menores (diocesanos y religiosos). Del total que perdi\u00f3 el mundo (1.592), al continente americano le corresponde mucho m\u00e1s de la mitad (1.049), lo que demuestra que la vocaci\u00f3n religiosa est\u00e1 cada vez menos presente entre los j\u00f3venes.<\/p>\n\n\n\n<p>Fuente: https:\/\/es.aleteia.org\/2022\/10\/23\/ha-entrado-en-declive-la-iglesia-en-america\/<\/p>\n\n\n\n<p><\/p>\n","protected":false},"excerpt":{"rendered":"<p>Desde hace 96 a\u00f1os se celebra la Jornada Mundial de las Misiones y en el marco de esta, la Agencia [&hellip;]<\/p>\n","protected":false},"author":1,"featured_media":39785,"comment_status":"open","ping_status":"open","sticky":false,"template":"","format":"standard","meta":{"site-sidebar-layout":"default","site-content-layout":"","ast-site-content-layout":"default","site-content-style":"default","site-sidebar-style":"default","ast-global-header-display":"","ast-banner-title-visibility":"","ast-main-header-display":"","ast-hfb-above-header-display":"","ast-hfb-below-header-display":"","ast-hfb-mobile-header-display":"","site-post-title":"","ast-breadcrumbs-content":"","ast-featured-img":"","footer-sml-layout":"","theme-transparent-header-meta":"","adv-header-id-meta":"","stick-header-meta":"","header-above-stick-meta":"","header-main-stick-meta":"","header-below-stick-meta":"","astra-migrate-meta-layouts":"default","ast-page-background-enabled":"default","ast-page-background-meta":{"desktop":{"background-color":"var(--ast-global-color-4)","background-image":"","background-repeat":"repeat","background-position":"center center","background-size":"auto","background-attachment":"scroll","background-type":"","background-media":"","overlay-type":"","overlay-color":"","overlay-opacity":"","overlay-gradient":""},"tablet":{"background-color":"","background-image":"","background-repeat":"repeat","background-position":"center center","background-size":"auto","background-attachment":"scroll","background-type":"","background-media":"","overlay-type":"","overlay-color":"","overlay-opacity":"","overlay-gradient":""},"mobile":{"background-color":"","background-image":"","background-repeat":"repeat","background-position":"center center","background-size":"auto","background-attachment":"scroll","background-type":"","background-media":"","overlay-type":"","overlay-color":"","overlay-opacity":"","overlay-gradient":""}},"ast-content-background-meta":{"desktop":{"background-color":"var(--ast-global-color-5)","background-image":"","background-repeat":"repeat","background-position":"center center","background-size":"auto","background-attachment":"scroll","background-type":"","background-media":"","overlay-type":"","overlay-color":"","overlay-opacity":"","overlay-gradient":""},"tablet":{"background-color":"var(--ast-global-color-5)","background-image":"","background-repeat":"repeat","background-position":"center center","background-size":"auto","background-attachment":"scroll","background-type":"","background-media":"","overlay-type":"","overlay-color":"","overlay-opacity":"","overlay-gradient":""},"mobile":{"background-color":"var(--ast-global-color-5)","background-image":"","background-repeat":"repeat","background-position":"center center","background-size":"auto","background-attachment":"scroll","background-type":"","background-media":"","overlay-type":"","overlay-color":"","overlay-opacity":"","overlay-gradient":""}},"footnotes":""},"categories":[8],"tags":[13392,6247,4046],"class_list":["post-39782","post","type-post","status-publish","format-standard","has-post-thumbnail","hentry","category-noticias","tag-continente-de-la-esperanza","tag-iglesia-catolica","tag-latinoamerica"],"_links":{"self":[{"href":"https:\/\/losperiodistas.com.mx\/portal\/wp-json\/wp\/v2\/posts\/39782","targetHints":{"allow":["GET"]}}],"collection":[{"href":"https:\/\/losperiodistas.com.mx\/portal\/wp-json\/wp\/v2\/posts"}],"about":[{"href":"https:\/\/losperiodistas.com.mx\/portal\/wp-json\/wp\/v2\/types\/post"}],"author":[{"embeddable":true,"href":"https:\/\/losperiodistas.com.mx\/portal\/wp-json\/wp\/v2\/users\/1"}],"replies":[{"embeddable":true,"href":"https:\/\/losperiodistas.com.mx\/portal\/wp-json\/wp\/v2\/comments?post=39782"}],"version-history":[{"count":1,"href":"https:\/\/losperiodistas.com.mx\/portal\/wp-json\/wp\/v2\/posts\/39782\/revisions"}],"predecessor-version":[{"id":39786,"href":"https:\/\/losperiodistas.com.mx\/portal\/wp-json\/wp\/v2\/posts\/39782\/revisions\/39786"}],"wp:featuredmedia":[{"embeddable":true,"href":"https:\/\/losperiodistas.com.mx\/portal\/wp-json\/wp\/v2\/media\/39785"}],"wp:attachment":[{"href":"https:\/\/losperiodistas.com.mx\/portal\/wp-json\/wp\/v2\/media?parent=39782"}],"wp:term":[{"taxonomy":"category","embeddable":true,"href":"https:\/\/losperiodistas.com.mx\/portal\/wp-json\/wp\/v2\/categories?post=39782"},{"taxonomy":"post_tag","embeddable":true,"href":"https:\/\/losperiodistas.com.mx\/portal\/wp-json\/wp\/v2\/tags?post=39782"}],"curies":[{"name":"wp","href":"https:\/\/api.w.org\/{rel}","templated":true}]}}