{"id":39776,"date":"2022-10-24T05:05:51","date_gmt":"2022-10-24T10:05:51","guid":{"rendered":"http:\/\/losperiodistas.com.mx\/portal\/?p=39776"},"modified":"2022-10-24T05:05:53","modified_gmt":"2022-10-24T10:05:53","slug":"mexico-intensifica-operativos-en-el-sur-para-contener-migrantes-dw","status":"publish","type":"post","link":"https:\/\/losperiodistas.com.mx\/portal\/mexico-intensifica-operativos-en-el-sur-para-contener-migrantes-dw\/","title":{"rendered":"M\u00e9xico intensifica operativos en el sur para contener migrantes | DW"},"content":{"rendered":"\n<p><\/p>\n\n\n\n<p class=\"has-light-green-cyan-background-color has-background has-medium-font-size\">Miles de migrantes de Centroam\u00e9rica y Sudam\u00e9rica se concentran en la frontera sur de M\u00e9xico, en su camino a Estados Unidos y la cifra crece tras el anuncio del Gobierno de Joe Biden de dar visados a 24.000 venezolanos.<\/p>\n\n\n\n<figure class=\"wp-block-image size-full is-style-default\"><img fetchpriority=\"high\" decoding=\"async\" width=\"700\" height=\"394\" src=\"https:\/\/losperiodistas.com.mx\/portal\/wp-content\/uploads\/2022\/10\/63111578_303.jpeg\" alt=\"\" class=\"wp-image-39777\" srcset=\"https:\/\/losperiodistas.com.mx\/portal\/wp-content\/uploads\/2022\/10\/63111578_303.jpeg 700w, https:\/\/losperiodistas.com.mx\/portal\/wp-content\/uploads\/2022\/10\/63111578_303-300x169.jpeg 300w\" sizes=\"(max-width: 700px) 100vw, 700px\" \/><figcaption>El flujo de migrantes de pa\u00edses centroamericanos y de Sudam\u00e9rica, especialmente Venezuela, ha incrementado en M\u00e9xico.<\/figcaption><\/figure>\n\n\n\n<p><\/p>\n\n\n\n<p class=\"has-vivid-cyan-blue-color has-text-color has-medium-font-size\">DW<\/p>\n\n\n\n<p>El Instituto Nacional de Migraci\u00f3n (INM) de&nbsp;<a href=\"https:\/\/www.dw.com\/es\/m%C3%A9xico\/t-17409380\">M\u00e9xico<\/a>&nbsp;intensific\u00f3 en los \u00faltimos d\u00edas los operativos para contener el tr\u00e1nsito de personas migrantes sobre la carretera Panamericana, en un tramo de m\u00e1s de 150 kil\u00f3metros de la carretera que corre desde Arriaga, estado de Chiapas a Tehuantepec, estado de Oaxaca, sur del pa\u00eds, informaron este domingo (23.10.2022) las autoridades.<\/p>\n\n\n\n<p>Este endurecimiento tuvo lugar debido a la saturaci\u00f3n que se forma en el municipio de San Pedro Tapanatepec, Oaxaca, por el \u00e9xodo de miles de&nbsp;<a href=\"https:\/\/www.dw.com\/es\/migrantes-venezolanos-protestan-en-fronteras-de-m%C3%A9xico\/a-63450442\">migrantes de Centro y Sudam\u00e9rica<\/a>, quienes busca llegar a la frontera norte de M\u00e9xico y luego cruzar hacia Estados Unidos.<\/p>\n\n\n\n<p>En inmediaciones de Tapanatepec, l\u00edmites estatales entre Oaxaca y Chiapas, desde agosto el INM instal\u00f3 de manera provisional un puesto de control migratorio con dos retenes.<\/p>\n\n\n\n<p>Ambos puntos son evitados por los migrantes que viajan caminando hacia Tapanatepec, donde las autoridades migratorias les dijeron que les ofrecer\u00edan una visa con la que pueden circular en territorio mexicano durante siete d\u00edas.<\/p>\n\n\n\n<p>En estos d\u00edas, EFE constat\u00f3 varias detenciones que por cuestiones de \u00abseguridad de nacional\u00bb hacen los agentes migratorios en el ret\u00e9n de Corazones, una comunidad pesquera ubicada a\u00fan en zona de Oaxaca.<\/p>\n\n\n\n<p>\u00abLos operativos no se pueden grabar porque son tema de seguridad nacional\u00bb dijo un agente del INM mientras su compa\u00f1ero, auxiliado por dos agentes de la Guardia Nacional, deten\u00eda a una mujer que caminaba sin documentaci\u00f3n junto con su esposo y una menor de edad en este tramo carretero.<\/p>\n\n\n\n<h2 class=\"wp-block-heading\">Crisis migratoria<\/h2>\n\n\n\n<p>Por el asedio, cientos de migrantes se han vuelto mercanc\u00eda para los conductores de transporte p\u00fablico local de Tapanatepec y Chahuites, quienes les cobran hasta el triple del pasaje que indica la tarifa.<\/p>\n\n\n\n<p>Pero como los migrantes buscan llegar ansiosamente a Tapanatepec, donde se anotar\u00e1n en una lista para esperar su turno, aceptan las cuotas impuestas por estos taxistas sin escr\u00fapulos.<\/p>\n\n\n\n<p>En tanto, el presidente municipal de San Pedro Tapanatepec, Humberto L\u00f3pez asegur\u00f3 a medios de comunicaci\u00f3n que desde el viernes los tr\u00e1mites de regularizaci\u00f3n fueron agilizados por el INM.<\/p>\n\n\n\n<p>Y por lo tanto la concentraci\u00f3n de migrantes que lleg\u00f3 a ser de m\u00e1s de 16.000 migrantes, disminuy\u00f3 a 10.000, cifra que rebasa la poblaci\u00f3n del municipio que no llega a ese n\u00famero de habitantes.<\/p>\n\n\n\n<p>La crisis migratoria es resultado del acuerdo que tomaron los Gobiernos de M\u00e9xico y&nbsp;<a href=\"https:\/\/www.dw.com\/es\/ee-uu-y-su-nueva-pol%C3%ADtica-hacia-los-migrantes-venezolanos\/a-63481770\">Estados Unidos<\/a>&nbsp;hace una semana en virtud del cual el Gobierno estadounidense ofrecer\u00e1 24.000 visados para venezolanos y devolver\u00e1 a territorio mexicano a todos los que crucen la frontera de forma irregular.<\/p>\n\n\n\n<p>El anuncio de EE.UU. llega en medio de un aumento de la&nbsp;<a href=\"https:\/\/www.dw.com\/es\/m%C3%A9xico-migrantes-venezolanos-mueren-en-accidente-vehicular\/a-63500450\">llegada de venezolanos a la frontera con M\u00e9xico<\/a>. Entre octubre de 2021 y agosto de este a\u00f1o, m\u00e1s de 150.000 venezolanos han sido arrestados en la frontera sur de EE.UU, en comparaci\u00f3n con los 50.499 en el mismo periodo del a\u00f1o pasado.<\/p>\n\n\n\n<p>mg (efe, Reforma)<\/p>\n\n\n\n<p>Fuente: https:\/\/www.dw.com\/es\/m%C3%A9xico-intensifica-operativos-en-el-sur-para-contener-migrantes\/a-63534310<\/p>\n","protected":false},"excerpt":{"rendered":"<p>Miles de migrantes de Centroam\u00e9rica y Sudam\u00e9rica se concentran en la frontera sur de M\u00e9xico, en su camino a Estados [&hellip;]<\/p>\n","protected":false},"author":1,"featured_media":39777,"comment_status":"open","ping_status":"open","sticky":false,"template":"","format":"standard","meta":{"site-sidebar-layout":"default","site-content-layout":"","ast-site-content-layout":"default","site-content-style":"default","site-sidebar-style":"default","ast-global-header-display":"","ast-banner-title-visibility":"","ast-main-header-display":"","ast-hfb-above-header-display":"","ast-hfb-below-header-display":"","ast-hfb-mobile-header-display":"","site-post-title":"","ast-breadcrumbs-content":"","ast-featured-img":"","footer-sml-layout":"","theme-transparent-header-meta":"","adv-header-id-meta":"","stick-header-meta":"","header-above-stick-meta":"","header-main-stick-meta":"","header-below-stick-meta":"","astra-migrate-meta-layouts":"default","ast-page-background-enabled":"default","ast-page-background-meta":{"desktop":{"background-color":"var(--ast-global-color-4)","background-image":"","background-repeat":"repeat","background-position":"center center","background-size":"auto","background-attachment":"scroll","background-type":"","background-media":"","overlay-type":"","overlay-color":"","overlay-opacity":"","overlay-gradient":""},"tablet":{"background-color":"","background-image":"","background-repeat":"repeat","background-position":"center center","background-size":"auto","background-attachment":"scroll","background-type":"","background-media":"","overlay-type":"","overlay-color":"","overlay-opacity":"","overlay-gradient":""},"mobile":{"background-color":"","background-image":"","background-repeat":"repeat","background-position":"center center","background-size":"auto","background-attachment":"scroll","background-type":"","background-media":"","overlay-type":"","overlay-color":"","overlay-opacity":"","overlay-gradient":""}},"ast-content-background-meta":{"desktop":{"background-color":"var(--ast-global-color-5)","background-image":"","background-repeat":"repeat","background-position":"center center","background-size":"auto","background-attachment":"scroll","background-type":"","background-media":"","overlay-type":"","overlay-color":"","overlay-opacity":"","overlay-gradient":""},"tablet":{"background-color":"var(--ast-global-color-5)","background-image":"","background-repeat":"repeat","background-position":"center center","background-size":"auto","background-attachment":"scroll","background-type":"","background-media":"","overlay-type":"","overlay-color":"","overlay-opacity":"","overlay-gradient":""},"mobile":{"background-color":"var(--ast-global-color-5)","background-image":"","background-repeat":"repeat","background-position":"center center","background-size":"auto","background-attachment":"scroll","background-type":"","background-media":"","overlay-type":"","overlay-color":"","overlay-opacity":"","overlay-gradient":""}},"footnotes":""},"categories":[8],"tags":[3965,3784],"class_list":["post-39776","post","type-post","status-publish","format-standard","has-post-thumbnail","hentry","category-noticias","tag-inm","tag-migrantes-mexico"],"_links":{"self":[{"href":"https:\/\/losperiodistas.com.mx\/portal\/wp-json\/wp\/v2\/posts\/39776","targetHints":{"allow":["GET"]}}],"collection":[{"href":"https:\/\/losperiodistas.com.mx\/portal\/wp-json\/wp\/v2\/posts"}],"about":[{"href":"https:\/\/losperiodistas.com.mx\/portal\/wp-json\/wp\/v2\/types\/post"}],"author":[{"embeddable":true,"href":"https:\/\/losperiodistas.com.mx\/portal\/wp-json\/wp\/v2\/users\/1"}],"replies":[{"embeddable":true,"href":"https:\/\/losperiodistas.com.mx\/portal\/wp-json\/wp\/v2\/comments?post=39776"}],"version-history":[{"count":1,"href":"https:\/\/losperiodistas.com.mx\/portal\/wp-json\/wp\/v2\/posts\/39776\/revisions"}],"predecessor-version":[{"id":39778,"href":"https:\/\/losperiodistas.com.mx\/portal\/wp-json\/wp\/v2\/posts\/39776\/revisions\/39778"}],"wp:featuredmedia":[{"embeddable":true,"href":"https:\/\/losperiodistas.com.mx\/portal\/wp-json\/wp\/v2\/media\/39777"}],"wp:attachment":[{"href":"https:\/\/losperiodistas.com.mx\/portal\/wp-json\/wp\/v2\/media?parent=39776"}],"wp:term":[{"taxonomy":"category","embeddable":true,"href":"https:\/\/losperiodistas.com.mx\/portal\/wp-json\/wp\/v2\/categories?post=39776"},{"taxonomy":"post_tag","embeddable":true,"href":"https:\/\/losperiodistas.com.mx\/portal\/wp-json\/wp\/v2\/tags?post=39776"}],"curies":[{"name":"wp","href":"https:\/\/api.w.org\/{rel}","templated":true}]}}