{"id":39770,"date":"2022-10-24T04:43:53","date_gmt":"2022-10-24T09:43:53","guid":{"rendered":"http:\/\/losperiodistas.com.mx\/portal\/?p=39770"},"modified":"2022-10-24T04:43:57","modified_gmt":"2022-10-24T09:43:57","slug":"un-avion-con-173-personas-a-bordo-se-sale-de-la-pista-al-aterrizar-en-filipinas-fotos-video-rt","status":"publish","type":"post","link":"https:\/\/losperiodistas.com.mx\/portal\/un-avion-con-173-personas-a-bordo-se-sale-de-la-pista-al-aterrizar-en-filipinas-fotos-video-rt\/","title":{"rendered":"Un avi\u00f3n con 173 personas a bordo se sale de la pista al aterrizar en Filipinas (FOTOS, VIDEO)\u00a0| RT"},"content":{"rendered":"\n<p class=\"has-vivid-green-cyan-background-color has-background\"><strong>La aeronave realiz\u00f3 dos intentos fallidos de aterrizaje en medio de las malas condiciones clim\u00e1ticas.<\/strong><\/p>\n\n\n\n<p><\/p>\n\n\n\n<figure class=\"wp-block-image size-large is-style-default\"><img fetchpriority=\"high\" decoding=\"async\" width=\"1024\" height=\"577\" src=\"https:\/\/losperiodistas.com.mx\/portal\/wp-content\/uploads\/2022\/10\/6356333759bf5b76d34e0572-1024x577.jpeg\" alt=\"\" class=\"wp-image-39771\" srcset=\"https:\/\/losperiodistas.com.mx\/portal\/wp-content\/uploads\/2022\/10\/6356333759bf5b76d34e0572-1024x577.jpeg 1024w, https:\/\/losperiodistas.com.mx\/portal\/wp-content\/uploads\/2022\/10\/6356333759bf5b76d34e0572-300x169.jpeg 300w, https:\/\/losperiodistas.com.mx\/portal\/wp-content\/uploads\/2022\/10\/6356333759bf5b76d34e0572-768x433.jpeg 768w, https:\/\/losperiodistas.com.mx\/portal\/wp-content\/uploads\/2022\/10\/6356333759bf5b76d34e0572.jpeg 1104w\" sizes=\"(max-width: 1024px) 100vw, 1024px\" \/><figcaption>El avi\u00f3n de Korean Air tras salirse de la pista en el aeropuerto de Ceb\u00fa, Filipinas, el 24 de octubre de 2022. Civil Aviation Authority of the Philippines\u00a0\/ AP<\/figcaption><\/figure>\n\n\n\n<p class=\"has-vivid-cyan-blue-color has-text-color has-medium-font-size\">RT<\/p>\n\n\n\n<p>Un avi\u00f3n con 173 personas a bordo se sali\u00f3 de la pista al aterrizar en condiciones\u00a0clim\u00e1ticas de baja visibilidad en el aeropuerto internacional de Mact\u00e1n Ceb\u00fa en Filipinas,\u00a0<a href=\"https:\/\/www.philippinesnews.net\/news\/272975285\/korean-air-flight-overshoots-runway-at-cebu-airport-in-philippines\" target=\"_blank\" rel=\"noreferrer noopener\">informan<\/a>\u00a0medios locales.<\/p>\n\n\n\n<figure class=\"wp-block-embed is-type-rich is-provider-twitter wp-block-embed-twitter\"><div class=\"wp-block-embed__wrapper\">\n<blockquote class=\"twitter-tweet\" data-width=\"500\" data-dnt=\"true\"><p lang=\"en\" dir=\"ltr\">LOOK: The Korean Air A330-300 with 173 people on board overshot the runway due to poor weather condition at Mactan Cebu International Airport on Sunday night. All passengers and crew are safe. (Photos by: Juan Carlo de Vela) <a href=\"https:\/\/t.co\/IXQcnaZaar\">pic.twitter.com\/IXQcnaZaar<\/a><\/p>&mdash; Manila Bulletin News (@manilabulletin) <a href=\"https:\/\/twitter.com\/manilabulletin\/status\/1584366646939918337?ref_src=twsrc%5Etfw\">October 24, 2022<\/a><\/blockquote><script async src=\"https:\/\/platform.twitter.com\/widgets.js\" charset=\"utf-8\"><\/script>\n<\/div><\/figure>\n\n\n\n<p>El incidente ocurri\u00f3 en&nbsp;el vuelo KE631 de Korean Air, la mayor&nbsp;aerol\u00ednea&nbsp;surcoreana, a las 23:07 (hora local) del pasado 23 de octubre.<\/p>\n\n\n\n<p>El avi\u00f3n A330-300 realiz\u00f3 dos intentos fallidos de aterrizaje en medio de las continuas lluvias registradas en el pa\u00eds asi\u00e1tico, y en el tercer intento sobrepas\u00f3 la pista de aterrizaje,&nbsp;<a href=\"https:\/\/en.yna.co.kr\/view\/AEN20221024001200320\" target=\"_blank\" rel=\"noreferrer noopener\">seg\u00fan<\/a>&nbsp;la agencia de noticias Yonhap.<\/p>\n\n\n\n<p>Todos los&nbsp;pasajeros y la tripulaci\u00f3n fueron evacuados sanos y salvos.<\/p>\n\n\n\n<p>De acuerdo con un\u00a0<a href=\"https:\/\/www.koreanair.com\/ru\/en\/footer\/about-us\/newsroom\/list\/221024-letter-of-apology-regarding-korean-air-flight-ke631-on-oc\" target=\"_blank\" rel=\"noreferrer noopener\">comunicado<\/a>\u00a0del presidente de Korean Air, Woo Kee-hong, se llevar\u00e1 a cabo una investigaci\u00f3n exhaustiva junto con las autoridades de aviaci\u00f3n para determinar la causa de lo sucedido.<\/p>\n\n\n\n<figure class=\"wp-block-embed is-type-rich is-provider-twitter wp-block-embed-twitter\"><div class=\"wp-block-embed__wrapper\">\n<blockquote class=\"twitter-tweet\" data-width=\"500\" data-dnt=\"true\"><p lang=\"th\" dir=\"ltr\">\u0e40\u0e01\u0e34\u0e14\u0e2d\u0e38\u0e1a\u0e31\u0e15\u0e34\u0e40\u0e2b\u0e15\u0e38\u0e40\u0e04\u0e23\u0e37\u0e48\u0e2d\u0e07\u0e1a\u0e34\u0e19\u0e02\u0e2d\u0e07\u0e2a\u0e32\u0e22\u0e01\u0e32\u0e23\u0e1a\u0e34\u0e19 Korean Air \u0e41\u0e1a\u0e1a\u0e41\u0e2d\u0e23\u0e4c\u0e1a\u0e31\u0e2a A330-300 \u0e44\u0e16\u0e25\u0e2d\u0e2d\u0e01\u0e19\u0e2d\u0e01\u0e17\u0e32\u0e07\u0e27\u0e34\u0e48\u0e07\u0e17\u0e35\u0e48\u0e2a\u0e19\u0e32\u0e21\u0e1a\u0e34\u0e19\u0e19\u0e32\u0e19\u0e32\u0e0a\u0e32\u0e15\u0e34\u0e21\u0e31\u0e04\u0e15\u0e31\u0e19\u0e1a\u0e19\u0e40\u0e01\u0e32\u0e30\u0e40\u0e0b\u0e1a\u0e39 \u0e1b\u0e23\u0e30\u0e40\u0e17\u0e28\u0e1f\u0e34\u0e25\u0e34\u0e1b\u0e1b\u0e34\u0e19\u0e2a\u0e4c \u0e40\u0e1a\u0e37\u0e48\u0e2d\u0e07\u0e15\u0e49\u0e19\u0e2d\u0e32\u0e01\u0e32\u0e28\u0e22\u0e32\u0e19\u0e44\u0e14\u0e49\u0e23\u0e31\u0e1a\u0e04\u0e27\u0e32\u0e21\u0e40\u0e2a\u0e35\u0e22\u0e2b\u0e32\u0e22\u0e04\u0e48\u0e2d\u0e19\u0e02\u0e49\u0e32\u0e07\u0e2b\u0e25\u0e31\u0e01\u0e2b\u0e25\u0e31\u0e07\u0e08\u0e32\u0e01\u0e1b\u0e30\u0e17\u0e30\u0e40\u0e02\u0e49\u0e32\u0e01\u0e31\u0e1a\u0e40\u0e2a\u0e32\u0e2a\u0e31\u0e0d\u0e0d\u0e32\u0e13 Loclizer \u0e41\u0e15\u0e48\u0e22\u0e31\u0e07\u0e44\u0e21\u0e48\u0e21\u0e35\u0e23\u0e32\u0e22\u0e07\u0e32\u0e19\u0e15\u0e31\u0e27\u0e40\u0e25\u0e02\u0e1c\u0e39\u0e49\u0e1a\u0e32\u0e17\u0e40\u0e08\u0e47\u0e1a<br><br> <a href=\"https:\/\/t.co\/12uOjjVH5o\">pic.twitter.com\/12uOjjVH5o<\/a><\/p>&mdash; \u0e2a\u0e32\u0e23\u0e30\u0e01\u0e32\u0e23\u0e1a\u0e34\u0e19\u0e19\u0e48\u0e32\u0e23\u0e39\u0e49\ud83d\udee9\u2728\u2122 (@aviknowledge) <a href=\"https:\/\/twitter.com\/aviknowledge\/status\/1584225394416570368?ref_src=twsrc%5Etfw\">October 23, 2022<\/a><\/blockquote><script async src=\"https:\/\/platform.twitter.com\/widgets.js\" charset=\"utf-8\"><\/script>\n<\/div><\/figure>\n\n\n\n<p>\u00abSiempre priorizamos la seguridad en todas nuestras operaciones, y lamentamos sinceramente el estr\u00e9s y las molestias ocasionadas a nuestros pasajeros\u00bb, agreg\u00f3 el ejecutivo.<\/p>\n\n\n\n<p>El aeropuerto de Ceb\u00fa\u00a0<a href=\"https:\/\/mactancebuairport.com\/news\/press-statement-korean-air-ke631-incident-on-mcia-runway\/\" target=\"_blank\" rel=\"noreferrer noopener\">anunci\u00f3<\/a>\u00a0el cierre temporal de la pista para permitir la retirada del avi\u00f3n, por lo que todos los vuelos nacionales e internacionales fueron cancelados hasta nuevo aviso.<\/p>\n\n\n\n<p>Fuente: https:\/\/actualidad.rt.com\/actualidad\/445746-avion-sobrepaso-pista-corea-filipinas-cebu<\/p>\n","protected":false},"excerpt":{"rendered":"<p>La aeronave realiz\u00f3 dos intentos fallidos de aterrizaje en medio de las malas condiciones clim\u00e1ticas. RT Un avi\u00f3n con 173 [&hellip;]<\/p>\n","protected":false},"author":1,"featured_media":39771,"comment_status":"open","ping_status":"open","sticky":false,"template":"","format":"standard","meta":{"site-sidebar-layout":"default","site-content-layout":"","ast-site-content-layout":"default","site-content-style":"default","site-sidebar-style":"default","ast-global-header-display":"","ast-banner-title-visibility":"","ast-main-header-display":"","ast-hfb-above-header-display":"","ast-hfb-below-header-display":"","ast-hfb-mobile-header-display":"","site-post-title":"","ast-breadcrumbs-content":"","ast-featured-img":"","footer-sml-layout":"","theme-transparent-header-meta":"","adv-header-id-meta":"","stick-header-meta":"","header-above-stick-meta":"","header-main-stick-meta":"","header-below-stick-meta":"","astra-migrate-meta-layouts":"default","ast-page-background-enabled":"default","ast-page-background-meta":{"desktop":{"background-color":"var(--ast-global-color-4)","background-image":"","background-repeat":"repeat","background-position":"center center","background-size":"auto","background-attachment":"scroll","background-type":"","background-media":"","overlay-type":"","overlay-color":"","overlay-opacity":"","overlay-gradient":""},"tablet":{"background-color":"","background-image":"","background-repeat":"repeat","background-position":"center center","background-size":"auto","background-attachment":"scroll","background-type":"","background-media":"","overlay-type":"","overlay-color":"","overlay-opacity":"","overlay-gradient":""},"mobile":{"background-color":"","background-image":"","background-repeat":"repeat","background-position":"center center","background-size":"auto","background-attachment":"scroll","background-type":"","background-media":"","overlay-type":"","overlay-color":"","overlay-opacity":"","overlay-gradient":""}},"ast-content-background-meta":{"desktop":{"background-color":"var(--ast-global-color-5)","background-image":"","background-repeat":"repeat","background-position":"center center","background-size":"auto","background-attachment":"scroll","background-type":"","background-media":"","overlay-type":"","overlay-color":"","overlay-opacity":"","overlay-gradient":""},"tablet":{"background-color":"var(--ast-global-color-5)","background-image":"","background-repeat":"repeat","background-position":"center center","background-size":"auto","background-attachment":"scroll","background-type":"","background-media":"","overlay-type":"","overlay-color":"","overlay-opacity":"","overlay-gradient":""},"mobile":{"background-color":"var(--ast-global-color-5)","background-image":"","background-repeat":"repeat","background-position":"center center","background-size":"auto","background-attachment":"scroll","background-type":"","background-media":"","overlay-type":"","overlay-color":"","overlay-opacity":"","overlay-gradient":""}},"footnotes":""},"categories":[8],"tags":[13387,9571,13388],"class_list":["post-39770","post","type-post","status-publish","format-standard","has-post-thumbnail","hentry","category-noticias","tag-accidente-aereo","tag-filipinas","tag-the-korean-air"],"_links":{"self":[{"href":"https:\/\/losperiodistas.com.mx\/portal\/wp-json\/wp\/v2\/posts\/39770","targetHints":{"allow":["GET"]}}],"collection":[{"href":"https:\/\/losperiodistas.com.mx\/portal\/wp-json\/wp\/v2\/posts"}],"about":[{"href":"https:\/\/losperiodistas.com.mx\/portal\/wp-json\/wp\/v2\/types\/post"}],"author":[{"embeddable":true,"href":"https:\/\/losperiodistas.com.mx\/portal\/wp-json\/wp\/v2\/users\/1"}],"replies":[{"embeddable":true,"href":"https:\/\/losperiodistas.com.mx\/portal\/wp-json\/wp\/v2\/comments?post=39770"}],"version-history":[{"count":1,"href":"https:\/\/losperiodistas.com.mx\/portal\/wp-json\/wp\/v2\/posts\/39770\/revisions"}],"predecessor-version":[{"id":39772,"href":"https:\/\/losperiodistas.com.mx\/portal\/wp-json\/wp\/v2\/posts\/39770\/revisions\/39772"}],"wp:featuredmedia":[{"embeddable":true,"href":"https:\/\/losperiodistas.com.mx\/portal\/wp-json\/wp\/v2\/media\/39771"}],"wp:attachment":[{"href":"https:\/\/losperiodistas.com.mx\/portal\/wp-json\/wp\/v2\/media?parent=39770"}],"wp:term":[{"taxonomy":"category","embeddable":true,"href":"https:\/\/losperiodistas.com.mx\/portal\/wp-json\/wp\/v2\/categories?post=39770"},{"taxonomy":"post_tag","embeddable":true,"href":"https:\/\/losperiodistas.com.mx\/portal\/wp-json\/wp\/v2\/tags?post=39770"}],"curies":[{"name":"wp","href":"https:\/\/api.w.org\/{rel}","templated":true}]}}