{"id":39764,"date":"2022-10-24T04:20:40","date_gmt":"2022-10-24T09:20:40","guid":{"rendered":"http:\/\/losperiodistas.com.mx\/portal\/?p=39764"},"modified":"2022-10-24T04:29:19","modified_gmt":"2022-10-24T09:29:19","slug":"mas-alla-de-las-obras-se-ha-emprendido-una-politica-social-amlo-la-jornada","status":"publish","type":"post","link":"https:\/\/losperiodistas.com.mx\/portal\/mas-alla-de-las-obras-se-ha-emprendido-una-politica-social-amlo-la-jornada\/","title":{"rendered":"Mas all\u00e1 de las obras se ha emprendido una pol\u00edtica social: AMLO | La Jornada"},"content":{"rendered":"\n<figure class=\"wp-block-image size-large is-style-default\"><img fetchpriority=\"high\" decoding=\"async\" width=\"1024\" height=\"682\" src=\"https:\/\/losperiodistas.com.mx\/portal\/wp-content\/uploads\/2022\/10\/image_large-2-1024x682.jpeg\" alt=\"\" class=\"wp-image-39765\" srcset=\"https:\/\/losperiodistas.com.mx\/portal\/wp-content\/uploads\/2022\/10\/image_large-2-1024x682.jpeg 1024w, https:\/\/losperiodistas.com.mx\/portal\/wp-content\/uploads\/2022\/10\/image_large-2-300x200.jpeg 300w, https:\/\/losperiodistas.com.mx\/portal\/wp-content\/uploads\/2022\/10\/image_large-2-768x512.jpeg 768w, https:\/\/losperiodistas.com.mx\/portal\/wp-content\/uploads\/2022\/10\/image_large-2.jpeg 1117w\" sizes=\"(max-width: 1024px) 100vw, 1024px\" \/><figcaption>Al inaugurar la modernizaci\u00f3n de la carretera La Pera-Cuautla, el presidente Andr\u00e9s Manuel L\u00f3pez Obrador retom\u00f3 el tema del \u2018hackeo\u2019 a correos militares para minimizar su impacto.\u00a0Foto\u00a0<strong>Presidencia<\/strong><\/figcaption><\/figure>\n\n\n\n<p class=\"has-vivid-cyan-blue-color has-text-color has-medium-font-size\">LA JORNADA<\/p>\n\n\n\n<p><em>Tepoztl\u00e1n, Mor.<\/em>\u00a0Al inaugurar la modernizaci\u00f3n de la carretera La Pera-Cuautla (en su tramo de Tepoztl\u00e1n), el presidente Andr\u00e9s Manuel L\u00f3pez Obrador retom\u00f3 el tema del\u00a0<em>hackeo<\/em>\u00a0de correos militares para minimizar su impacto. \u201cDec\u00edan que ven\u00eda un bombazo con toda esa informaci\u00f3n y se iba a caer el gobierno. Que creen que fue lo m\u00e1s importante de toda esa informaci\u00f3n. Cu\u00e1l fue el bombazo, que estaba yo enfermo, pues claro, que tengo achaques, ya estoy chocheando\u201d.<\/p>\n\n\n\n<p>Acompa\u00f1ado del gobernador Cuauht\u00e9moc Blanco, el mandatario hizo un recuento de la apretada agenda de trabajo en tres d\u00edas de gira y apunt\u00f3: \u201cenfermito, enfermito\u201d pero \u201ctodav\u00eda tengo fuerzas para seguir luchando\u201d. Mencion\u00f3 que debe tomar un cocktail de pastillas, pero asever\u00f3 estar bien de salud.<\/p>\n\n\n\n<p>Aunque reconoci\u00f3 que a\u00fan falta algunos aspectos para concluir completamente la carretera, L\u00f3pez Obrador inaugur\u00f3 la modernizaci\u00f3n de esta obra, que comenz\u00f3 en el sexenio de Felipe Calder\u00f3n. A lo largo de su construcci\u00f3n se detuvo en varias ocasiones por la inconformidad de las comunidades con las cuales, dijo, se alcanzaron acuerdos, entre ellos, que los habitantes de Tepoztl\u00e1n no pagaran casetas, adem\u00e1s de obras de mitigaci\u00f3n.<\/p>\n\n\n\n<p>El encargado de despacho de la Secretar\u00eda de Infraestructura, Comunicaciones y Transportes, Jorge Nu\u00f1o, inform\u00f3 que se concluye una obra despu\u00e9s de 10 a\u00f1os de construcci\u00f3n, la modernizaci\u00f3n de la carretera en su tramo Tepoztl\u00e1n, despu\u00e9s de alcanzar acuerdos para obras de mitigaci\u00f3n social. Dijo que la obra abarca un tramo de 27.7 kil\u00f3metros en los cuales se ampli\u00f3 de dos a cuatro carriles y se realizaron obras en calles laterales, se construyeron entronques a desnivel y tres casetas para reducir el traslado desde la ciudad de M\u00e9xico en 30 minutos, lo cual involucr\u00e1 una inversi\u00f3n de 4 mil 396 millones de pesos.<\/p>\n\n\n\n<p>En su intervenci\u00f3n, L\u00f3pez Obrador destac\u00f3 como fundamental el di\u00e1logo con la comunidad para destrabar obst\u00e1culos y se fueron alcanzando acuerdos, \u201cvamos a cumplir todos los compromisos\u201d.<\/p>\n\n\n\n<p>Durante su intervenci\u00f3n, el Presidente dijo que m\u00e1s all\u00e1 de las obras, su gobierno emprendi\u00f3 una pol\u00edtica social para atender a la poblaci\u00f3n, entre las cuales destac\u00f3 las acciones en la pol\u00edtica de salud.<\/p>\n\n\n\n<p>El objetivo, dijo, es mejorar el servicio. \u201cAntes de que termine mi mandato vamos a tener un sistema de seguridad p\u00fablica, de salud, de los mejores del mundo, universal.. esto qu\u00e9 significa, para todos. Y de manera gratuita. Ya empezamos porque era el plan desde el inicio del gobierno, la pandemia nos fren\u00f3, Tuvimos que dedicarnos a enfrentar esta tremenda pandemia,y ahora que ya han bajado los contagios y est\u00e1 desapareciendo este mal ahora, ya estamos ocupados de tiempo completo en todo el sector salud\u201d.<\/p>\n\n\n\n<p>En materia econ\u00f3mica, reiter\u00f3 que se han adoptado acciones importantes para contener el impacto de la crisis econ\u00f3mica mundial desatada por la guerra en Ucrania. Subray\u00f3 dos elementos importantes, la pol\u00edtica energ\u00e9tica con la construcci\u00f3n de una nueva refiner\u00eda y la adquisici\u00f3n de otra en Texas, que ha permitido afrontar el alza en los combustibles<\/p>\n\n\n\n<p>Por otro lado, tras destacar que a lo largo de su gobierno se increment\u00f3 en 62 por ciento en t\u00e9rminos reales el salario m\u00ednimo, record\u00f3 el acuerdo alcanzado con productores para contener el alza de los 24 productos de la canasta b\u00e1sica para alcanzar un costo de mil 39 pesos.<\/p>\n\n\n\n<p>Fuente: https:\/\/www.jornada.com.mx\/notas\/2022\/10\/23\/politica\/minimiza-amlo-impacto-del-hackeo-a-correos-militares\/<\/p>\n","protected":false},"excerpt":{"rendered":"<p>LA JORNADA Tepoztl\u00e1n, Mor.\u00a0Al inaugurar la modernizaci\u00f3n de la carretera La Pera-Cuautla (en su tramo de Tepoztl\u00e1n), el presidente Andr\u00e9s [&hellip;]<\/p>\n","protected":false},"author":1,"featured_media":39765,"comment_status":"open","ping_status":"open","sticky":false,"template":"","format":"standard","meta":{"site-sidebar-layout":"default","site-content-layout":"","ast-site-content-layout":"default","site-content-style":"default","site-sidebar-style":"default","ast-global-header-display":"","ast-banner-title-visibility":"","ast-main-header-display":"","ast-hfb-above-header-display":"","ast-hfb-below-header-display":"","ast-hfb-mobile-header-display":"","site-post-title":"","ast-breadcrumbs-content":"","ast-featured-img":"","footer-sml-layout":"","theme-transparent-header-meta":"","adv-header-id-meta":"","stick-header-meta":"","header-above-stick-meta":"","header-main-stick-meta":"","header-below-stick-meta":"","astra-migrate-meta-layouts":"default","ast-page-background-enabled":"default","ast-page-background-meta":{"desktop":{"background-color":"var(--ast-global-color-4)","background-image":"","background-repeat":"repeat","background-position":"center center","background-size":"auto","background-attachment":"scroll","background-type":"","background-media":"","overlay-type":"","overlay-color":"","overlay-opacity":"","overlay-gradient":""},"tablet":{"background-color":"","background-image":"","background-repeat":"repeat","background-position":"center center","background-size":"auto","background-attachment":"scroll","background-type":"","background-media":"","overlay-type":"","overlay-color":"","overlay-opacity":"","overlay-gradient":""},"mobile":{"background-color":"","background-image":"","background-repeat":"repeat","background-position":"center center","background-size":"auto","background-attachment":"scroll","background-type":"","background-media":"","overlay-type":"","overlay-color":"","overlay-opacity":"","overlay-gradient":""}},"ast-content-background-meta":{"desktop":{"background-color":"var(--ast-global-color-5)","background-image":"","background-repeat":"repeat","background-position":"center center","background-size":"auto","background-attachment":"scroll","background-type":"","background-media":"","overlay-type":"","overlay-color":"","overlay-opacity":"","overlay-gradient":""},"tablet":{"background-color":"var(--ast-global-color-5)","background-image":"","background-repeat":"repeat","background-position":"center center","background-size":"auto","background-attachment":"scroll","background-type":"","background-media":"","overlay-type":"","overlay-color":"","overlay-opacity":"","overlay-gradient":""},"mobile":{"background-color":"var(--ast-global-color-5)","background-image":"","background-repeat":"repeat","background-position":"center center","background-size":"auto","background-attachment":"scroll","background-type":"","background-media":"","overlay-type":"","overlay-color":"","overlay-opacity":"","overlay-gradient":""}},"footnotes":""},"categories":[8],"tags":[199,12855,3743,3262],"class_list":["post-39764","post","type-post","status-publish","format-standard","has-post-thumbnail","hentry","category-noticias","tag-amlo","tag-hackeo","tag-morelos","tag-sedena"],"_links":{"self":[{"href":"https:\/\/losperiodistas.com.mx\/portal\/wp-json\/wp\/v2\/posts\/39764","targetHints":{"allow":["GET"]}}],"collection":[{"href":"https:\/\/losperiodistas.com.mx\/portal\/wp-json\/wp\/v2\/posts"}],"about":[{"href":"https:\/\/losperiodistas.com.mx\/portal\/wp-json\/wp\/v2\/types\/post"}],"author":[{"embeddable":true,"href":"https:\/\/losperiodistas.com.mx\/portal\/wp-json\/wp\/v2\/users\/1"}],"replies":[{"embeddable":true,"href":"https:\/\/losperiodistas.com.mx\/portal\/wp-json\/wp\/v2\/comments?post=39764"}],"version-history":[{"count":1,"href":"https:\/\/losperiodistas.com.mx\/portal\/wp-json\/wp\/v2\/posts\/39764\/revisions"}],"predecessor-version":[{"id":39766,"href":"https:\/\/losperiodistas.com.mx\/portal\/wp-json\/wp\/v2\/posts\/39764\/revisions\/39766"}],"wp:featuredmedia":[{"embeddable":true,"href":"https:\/\/losperiodistas.com.mx\/portal\/wp-json\/wp\/v2\/media\/39765"}],"wp:attachment":[{"href":"https:\/\/losperiodistas.com.mx\/portal\/wp-json\/wp\/v2\/media?parent=39764"}],"wp:term":[{"taxonomy":"category","embeddable":true,"href":"https:\/\/losperiodistas.com.mx\/portal\/wp-json\/wp\/v2\/categories?post=39764"},{"taxonomy":"post_tag","embeddable":true,"href":"https:\/\/losperiodistas.com.mx\/portal\/wp-json\/wp\/v2\/tags?post=39764"}],"curies":[{"name":"wp","href":"https:\/\/api.w.org\/{rel}","templated":true}]}}