{"id":39761,"date":"2022-10-24T04:24:33","date_gmt":"2022-10-24T09:24:33","guid":{"rendered":"http:\/\/losperiodistas.com.mx\/portal\/?p=39761"},"modified":"2022-10-24T04:24:35","modified_gmt":"2022-10-24T09:24:35","slug":"se-defendera-autonomia-del-ine-en-el-pri-avisa-paredes-el-financiero","status":"publish","type":"post","link":"https:\/\/losperiodistas.com.mx\/portal\/se-defendera-autonomia-del-ine-en-el-pri-avisa-paredes-el-financiero\/","title":{"rendered":"Se defender\u00e1 autonom\u00eda del INE en el PRI, avisa Paredes | El Financiero"},"content":{"rendered":"\n<h2 class=\"has-white-color has-text-color has-background wp-block-heading\" style=\"background-color:#2102f7\">Acusa que se busca deteriorar al instituto para que no \u2018evite una elecci\u00f3n de Estado\u2019.<\/h2>\n\n\n\n<p><\/p>\n\n\n\n<figure class=\"wp-block-image size-full is-style-default\"><img fetchpriority=\"high\" decoding=\"async\" width=\"800\" height=\"450\" src=\"https:\/\/losperiodistas.com.mx\/portal\/wp-content\/uploads\/2022\/10\/GLB53QYPQVFETNKL3VBP64XUOI.jpg\" alt=\"\" class=\"wp-image-39762\" srcset=\"https:\/\/losperiodistas.com.mx\/portal\/wp-content\/uploads\/2022\/10\/GLB53QYPQVFETNKL3VBP64XUOI.jpg 800w, https:\/\/losperiodistas.com.mx\/portal\/wp-content\/uploads\/2022\/10\/GLB53QYPQVFETNKL3VBP64XUOI-300x169.jpg 300w, https:\/\/losperiodistas.com.mx\/portal\/wp-content\/uploads\/2022\/10\/GLB53QYPQVFETNKL3VBP64XUOI-768x432.jpg 768w\" sizes=\"(max-width: 800px) 100vw, 800px\" \/><figcaption><strong>INE\u00a0<\/strong>V\u00edctor Piz, Leonardo Kourchenko, Beatriz Paredes y Salvador Camarena.\u00a0(Especial)<\/figcaption><\/figure>\n\n\n\n<p class=\"has-vivid-cyan-blue-color has-text-color has-medium-font-size\">REDACCI\u00d3N EL FINANCIERO<\/p>\n\n\n\n<p>Tanto en el Senado como en la C\u00e1mara de Diputados, el PRI no va a afectar ni la autonom\u00eda ni la organicidad del Instituto Nacional Electoral (INE), afirm\u00f3 la senadora del PRI Beatriz Paredes.<\/p>\n\n\n\n<p>En entrevista para el programa\u00a0<em>La Silla Roja\u00a0<\/em>del EL FINANCIERO Bloomberg, la exgobernadora de Tlaxcala, exdirigente nacional del tricolor y exembajadora de M\u00e9xico en Brasil refrend\u00f3 su inter\u00e9s en buscar ser la candidata del PRI a la Presidencia de la Rep\u00fablica en 2024.<\/p>\n\n\n\n<p>\u201cMe parece que este es un momento de la vida nacional donde todos los mexicanos que tenemos algo que aportar debemos entrarle. Me parece que vamos a vivir momentos muy delicados si la situaci\u00f3n econ\u00f3mica se sigue deteriorando, y tendr\u00e1 toda la sociedad que encontrar nuevas alternativas\u201d, dijo.<\/p>\n\n\n\n<p>En la conversaci\u00f3n con los periodistas V\u00edctor Piz, Leonardo Kourchenko y Salvador Camarena, asegur\u00f3 que el PRI no comparte la propuesta del gobierno del presidente Andr\u00e9s Manuel L\u00f3pez Obrador, que busca cambiar el modo de integraci\u00f3n del \u00f3rgano electoral.<\/p>\n\n\n\n<p>-\u00bfHay viabilidad de una reforma que trastoque la composici\u00f3n del INE y que trastoque la forma en que se eligen los consejeros del INE? \u2013 le cuestion\u00f3 Salvador Camarena.<\/p>\n\n\n\n<p>-Desde mi perspectiva, no. Y desde lo que yo he escuchado en el seno del grupo del Senado, y con diputados muy relevantes, no. El PRI no va a afectar ni la autonom\u00eda ni la organicidad del Instituto Nacional Electoral, y no compartimos la propuesta del Ejecutivo en cuanto a cambiar el modo de integraci\u00f3n del \u00f3rgano superior del INE \u2013revir\u00f3.<\/p>\n\n\n\n<p>De acuerdo con la legisladora, el gobierno est\u00e1 interesado en debilitar a la autoridad electoral \u201cpara que est\u00e9 minimizada o deteriorada, y no se evite una elecci\u00f3n de Estado\u201d.<\/p>\n\n\n\n<p>Por ello consider\u00f3 que los mexicanos deben \u201cevitar que haya injerencia del gobierno en el proceso electoral de 2024.<\/p>\n\n\n\n<p>Fuente: https:\/\/www.elfinanciero.com.mx\/nacional\/2022\/10\/24\/se-defendera-autonomia-del-ine-en-el-pri-avisa-paredes\/<\/p>\n","protected":false},"excerpt":{"rendered":"<p>Acusa que se busca deteriorar al instituto para que no \u2018evite una elecci\u00f3n de Estado\u2019. REDACCI\u00d3N EL FINANCIERO Tanto en [&hellip;]<\/p>\n","protected":false},"author":1,"featured_media":39762,"comment_status":"open","ping_status":"open","sticky":false,"template":"","format":"standard","meta":{"site-sidebar-layout":"default","site-content-layout":"","ast-site-content-layout":"default","site-content-style":"default","site-sidebar-style":"default","ast-global-header-display":"","ast-banner-title-visibility":"","ast-main-header-display":"","ast-hfb-above-header-display":"","ast-hfb-below-header-display":"","ast-hfb-mobile-header-display":"","site-post-title":"","ast-breadcrumbs-content":"","ast-featured-img":"","footer-sml-layout":"","theme-transparent-header-meta":"","adv-header-id-meta":"","stick-header-meta":"","header-above-stick-meta":"","header-main-stick-meta":"","header-below-stick-meta":"","astra-migrate-meta-layouts":"default","ast-page-background-enabled":"default","ast-page-background-meta":{"desktop":{"background-color":"var(--ast-global-color-4)","background-image":"","background-repeat":"repeat","background-position":"center center","background-size":"auto","background-attachment":"scroll","background-type":"","background-media":"","overlay-type":"","overlay-color":"","overlay-opacity":"","overlay-gradient":""},"tablet":{"background-color":"","background-image":"","background-repeat":"repeat","background-position":"center center","background-size":"auto","background-attachment":"scroll","background-type":"","background-media":"","overlay-type":"","overlay-color":"","overlay-opacity":"","overlay-gradient":""},"mobile":{"background-color":"","background-image":"","background-repeat":"repeat","background-position":"center center","background-size":"auto","background-attachment":"scroll","background-type":"","background-media":"","overlay-type":"","overlay-color":"","overlay-opacity":"","overlay-gradient":""}},"ast-content-background-meta":{"desktop":{"background-color":"var(--ast-global-color-5)","background-image":"","background-repeat":"repeat","background-position":"center center","background-size":"auto","background-attachment":"scroll","background-type":"","background-media":"","overlay-type":"","overlay-color":"","overlay-opacity":"","overlay-gradient":""},"tablet":{"background-color":"var(--ast-global-color-5)","background-image":"","background-repeat":"repeat","background-position":"center center","background-size":"auto","background-attachment":"scroll","background-type":"","background-media":"","overlay-type":"","overlay-color":"","overlay-opacity":"","overlay-gradient":""},"mobile":{"background-color":"var(--ast-global-color-5)","background-image":"","background-repeat":"repeat","background-position":"center center","background-size":"auto","background-attachment":"scroll","background-type":"","background-media":"","overlay-type":"","overlay-color":"","overlay-opacity":"","overlay-gradient":""}},"footnotes":""},"categories":[8],"tags":[324,885,1978],"class_list":["post-39761","post","type-post","status-publish","format-standard","has-post-thumbnail","hentry","category-noticias","tag-beatriz-paredes","tag-ine","tag-pri"],"_links":{"self":[{"href":"https:\/\/losperiodistas.com.mx\/portal\/wp-json\/wp\/v2\/posts\/39761","targetHints":{"allow":["GET"]}}],"collection":[{"href":"https:\/\/losperiodistas.com.mx\/portal\/wp-json\/wp\/v2\/posts"}],"about":[{"href":"https:\/\/losperiodistas.com.mx\/portal\/wp-json\/wp\/v2\/types\/post"}],"author":[{"embeddable":true,"href":"https:\/\/losperiodistas.com.mx\/portal\/wp-json\/wp\/v2\/users\/1"}],"replies":[{"embeddable":true,"href":"https:\/\/losperiodistas.com.mx\/portal\/wp-json\/wp\/v2\/comments?post=39761"}],"version-history":[{"count":1,"href":"https:\/\/losperiodistas.com.mx\/portal\/wp-json\/wp\/v2\/posts\/39761\/revisions"}],"predecessor-version":[{"id":39763,"href":"https:\/\/losperiodistas.com.mx\/portal\/wp-json\/wp\/v2\/posts\/39761\/revisions\/39763"}],"wp:featuredmedia":[{"embeddable":true,"href":"https:\/\/losperiodistas.com.mx\/portal\/wp-json\/wp\/v2\/media\/39762"}],"wp:attachment":[{"href":"https:\/\/losperiodistas.com.mx\/portal\/wp-json\/wp\/v2\/media?parent=39761"}],"wp:term":[{"taxonomy":"category","embeddable":true,"href":"https:\/\/losperiodistas.com.mx\/portal\/wp-json\/wp\/v2\/categories?post=39761"},{"taxonomy":"post_tag","embeddable":true,"href":"https:\/\/losperiodistas.com.mx\/portal\/wp-json\/wp\/v2\/tags?post=39761"}],"curies":[{"name":"wp","href":"https:\/\/api.w.org\/{rel}","templated":true}]}}