{"id":39742,"date":"2022-10-23T13:44:08","date_gmt":"2022-10-23T18:44:08","guid":{"rendered":"http:\/\/losperiodistas.com.mx\/portal\/?p=39742"},"modified":"2022-10-23T13:44:09","modified_gmt":"2022-10-23T18:44:09","slug":"los-errores-se-magnifican","status":"publish","type":"post","link":"https:\/\/losperiodistas.com.mx\/portal\/los-errores-se-magnifican\/","title":{"rendered":"Los errores se magnifican"},"content":{"rendered":"\n<p class=\"has-luminous-vivid-amber-background-color has-background has-medium-font-size\">Los reflectores magnifican los errores en medio de la carrera por el 2024; se pronostica aumento en la divisi\u00f3n ideol\u00f3gica el pr\u00f3ximo a\u00f1o en coincidencia con los 50 a\u00f1os de fundaci\u00f3n de la Upaep. \u00bfNuevamente derecha vs izquierda? <\/p>\n\n\n\n<figure class=\"wp-block-embed is-type-video is-provider-youtube wp-block-embed-youtube wp-embed-aspect-16-9 wp-has-aspect-ratio\"><div class=\"wp-block-embed__wrapper\">\n<iframe title=\"Los errores se magnifican | Oct 23 de 2022\" width=\"500\" height=\"281\" src=\"https:\/\/www.youtube.com\/embed\/LYE5BsPT2l0?feature=oembed\" frameborder=\"0\" allow=\"accelerometer; autoplay; clipboard-write; encrypted-media; gyroscope; picture-in-picture; web-share\" referrerpolicy=\"strict-origin-when-cross-origin\" allowfullscreen><\/iframe>\n<\/div><\/figure>\n\n\n\n<p><\/p>\n\n\n\n<p class=\"has-vivid-cyan-blue-color has-text-color\" style=\"font-size:26px\"><strong><em>Por Jes\u00fas Manuel Hern\u00e1ndez<\/em><\/strong><\/p>\n\n\n\n<p>Desde el 10 de octubre cualquier asunto donde el nombre de Eduardo Rivera aparezca ser\u00e1 sometido a una meticulosa especulaci\u00f3n de propios, pero m\u00e1s de extra\u00f1os, al proyecto del 2024.<\/p>\n\n\n\n<p>Estos d\u00edas han aparecido varios asuntos donde la l\u00ednea de investigaci\u00f3n lleva a dejar en claro que no las tiene todas consigo en el tema de ser el mejor posicionado por parte del PAN.<\/p>\n\n\n\n<p>Adem\u00e1s, un nuevo asunto aparece y no por intereses locales, m\u00e1s bien otros, que trascienden los l\u00edmites del municipio y del estado y donde <strong>el PRI empieza a dar luces sobre su participaci\u00f3n electoral sin alianza con el PAN<\/strong>, v\u00e9ase el caso del Estado de M\u00e9xico.<\/p>\n\n\n\n<p>El <strong>feminismo poblano<\/strong>, las activistas m\u00e1s, nunca han visto con buenos ojos las acciones del PAN, partido al que consideran de <strong>\u201cderechas\u201d<\/strong>. Un incidente tuvo lugar hace unas semanas ante una protesta, misma que dej\u00f3 descobijado al Secretario de Gobernaci\u00f3n <strong>Jorge Cruz Lepe<\/strong> al reconocer durante su comparecencia que <strong>el Ayuntamiento tiene algunas personas infiltradas en el colectivo feminista desde marzo de este a\u00f1o<\/strong>.<\/p>\n\n\n\n<p>Las reacciones no se hicieron esperar, <strong>empezaron a renacer esos viejos esquemas de polaridad ideol\u00f3gica en Puebla, derechas contra izquierdas y viceversa, en la piel de los funcionarios y activistas<\/strong>.<\/p>\n\n\n\n<p>Al interior del Ayuntamiento no hay duda de la capacidad de Cruz Lepe, por desgracia no tiene la sabe \u201ccomunicar\u201d, dicen de \u00e9l.<\/p>\n\n\n\n<p>El caso es que desde otros escenarios el cotilleo volvi\u00f3 a Casa Aguayo sobre si el gobernador apoyar\u00eda o no a Eduardo Rivera rumbo al 2024 en caso de que alguna de sus \u201ccorcholatas\u201d no alcance cargar a los peregrinos.<\/p>\n\n\n\n<p>Un incidente ha servido para alentar el descontento y la divisi\u00f3n de caminos, <strong>la presencia de Ad\u00e1n Augusto L\u00f3pez Hern\u00e1ndez en el Congreso del estado despert\u00f3 a la bancada panista que protest\u00f3 por la militarizaci\u00f3n y el \u201cNarco-Estado\u201d<\/strong> en una clar\u00edsima alusi\u00f3n a las revelaciones de Guacamayaleaks sobre las acciones del hoy Secretario de Gobernaci\u00f3n por su paso en la gubernatura. <strong>Rafael Micalco se llev\u00f3 la foto del d\u00eda<\/strong>, que le dio la vuelta al mundo pol\u00edtico al pararse delante del funcionario definido por el morenista Sergio Salom\u00f3n C\u00e9spedes con una frase quiz\u00e1 derivada de la necesidad de reflectores y \u00e1nimos personales para el 24: <strong>\u201c\u2026 el Secretario de Gobernaci\u00f3n es una instituci\u00f3n aqu\u00ed presente\u2026\u201d<\/strong>, <strong>exceso de escasez dir\u00eda el cl\u00e1sico.<\/strong><\/p>\n\n\n\n<p>El tema es delicado, <strong>Rivera P\u00e9rez enfrenta ya una carrera sin retorno<\/strong>, las voces de los cercanos no coinciden en las acciones, algunas, fomentan su aspiraci\u00f3n, leg\u00edtima, a ser postulado para convertirse en gobernador, el primero del PAN-PAN en Puebla <strong>pero a quien lo le alcanza si juega solo, necesita del resto, de otros partidos, de otros grupos pol\u00edticos y eso pasa por los \u201cacuerdos\u201d<\/strong>.<\/p>\n\n\n\n<p>Las otras voces le animan a reflexionar, a medir las consecuencias de jugar y perder o presentarse a la reelecci\u00f3n en el municipio para consolidar un grupo de acciones y principalmente una \u201cmanera de gobernar\u201d que pudiera servir de ejemplo.<\/p>\n\n\n\n<p><strong>Si lo del Estado de M\u00e9xico sirve de gu\u00eda, es muy posible que el PRI opte por sumar con otros y no con el PAN para lanzar candidata, si candidata, a gobernadora de Puebla<\/strong> y quiz\u00e1 tentar a los panistas a reacomodarse con ella y dejando a Eduardo Rivera en la capital.<\/p>\n\n\n\n<p>Las presiones est\u00e1n fuertes, el vaso no est\u00e1 medio lleno, m\u00e1s bien est\u00e1 siendo colmado y pronto, muy pronto se ver\u00e1n escurrir las primeras gotas.<\/p>\n\n\n\n<p>Alg\u00fan pol\u00edtico ya entrado en a\u00f1os hizo una reflexi\u00f3n con el reportero \u201c\u00bfte imaginas que revivieran las confrontaciones del pasado, esas que dividieron a la sociedad?\u201d.<\/p>\n\n\n\n<p>Efectivamente, el caldo de cultivo se asoma al 2023. Habr\u00e1 cambios en algunas dirigencias empresariales desde donde <strong>las relaciones con Casa Aguayo no son fluidas, m\u00e1s bien \u00e1speras y de confrontaci\u00f3n, mientras que esas mismas fuerzas empresariales se acercan y avalan a la gesti\u00f3n panista en la capital<\/strong>. Tema de divisi\u00f3n con el gobernador, por lo tanto.<\/p>\n\n\n\n<p>Otro asunto que puede empezar a gestarse es la cantidad de eventos que pondr\u00e1n en la recta final una fecha: <strong>el 7 de mayo de 2023, cuando se cumplan 50 a\u00f1os de la fundaci\u00f3n de la UPAEP<\/strong>.<\/p>\n\n\n\n<p>Los pron\u00f3sticos permiten observar que los patronos de la universidad producto de la separaci\u00f3n de maestros y alumnos de la UAP en tiempos de Gonzalo Bautista O\u2019Farrill, dar\u00e1n muestras del \u00e9xito logrado y eso permitir\u00e1 hablar mucho de los egresados, de los avances en democracia, investigaci\u00f3n, etc\u00e9tera.<\/p>\n\n\n\n<p>Pero como Newton adelantara en su Tercera Ley \u201cprincipio de acci\u00f3n y reacci\u00f3n\u201d, coloquialmente se dice: <strong>\u201cA toda acci\u00f3n corresponde una reacci\u00f3n de igual magnitud pero en sentido contrario\u201d<\/strong>, <strong>si la derecha poblana sacar\u00e1 los reflectores, es de esperarse que la \u201cizquierda y sus aliados\u201d hagan lo mismo<\/strong> y todo ello en medio de la carrera por definir candidaturas para el 2024. Nos esperan muchas noticias, donde cualquier error ser\u00e1 magnificado.<\/p>\n\n\n\n<p>O por lo menos, as\u00ed me lo parece<\/p>\n\n\n\n<p><a href=\"mailto:losperiodistas.com.mx@gmail.com\">losperiodistas.com.mx@gmail.com<\/a><\/p>\n","protected":false},"excerpt":{"rendered":"<p>Los reflectores magnifican los errores en medio de la carrera por el 2024; se pronostica aumento en la divisi\u00f3n ideol\u00f3gica [&hellip;]<\/p>\n","protected":false},"author":1,"featured_media":39743,"comment_status":"open","ping_status":"open","sticky":false,"template":"","format":"standard","meta":{"site-sidebar-layout":"default","site-content-layout":"","ast-site-content-layout":"default","site-content-style":"default","site-sidebar-style":"default","ast-global-header-display":"","ast-banner-title-visibility":"","ast-main-header-display":"","ast-hfb-above-header-display":"","ast-hfb-below-header-display":"","ast-hfb-mobile-header-display":"","site-post-title":"","ast-breadcrumbs-content":"","ast-featured-img":"","footer-sml-layout":"","theme-transparent-header-meta":"","adv-header-id-meta":"","stick-header-meta":"","header-above-stick-meta":"","header-main-stick-meta":"","header-below-stick-meta":"","astra-migrate-meta-layouts":"default","ast-page-background-enabled":"default","ast-page-background-meta":{"desktop":{"background-color":"var(--ast-global-color-4)","background-image":"","background-repeat":"repeat","background-position":"center center","background-size":"auto","background-attachment":"scroll","background-type":"","background-media":"","overlay-type":"","overlay-color":"","overlay-opacity":"","overlay-gradient":""},"tablet":{"background-color":"","background-image":"","background-repeat":"repeat","background-position":"center center","background-size":"auto","background-attachment":"scroll","background-type":"","background-media":"","overlay-type":"","overlay-color":"","overlay-opacity":"","overlay-gradient":""},"mobile":{"background-color":"","background-image":"","background-repeat":"repeat","background-position":"center center","background-size":"auto","background-attachment":"scroll","background-type":"","background-media":"","overlay-type":"","overlay-color":"","overlay-opacity":"","overlay-gradient":""}},"ast-content-background-meta":{"desktop":{"background-color":"var(--ast-global-color-5)","background-image":"","background-repeat":"repeat","background-position":"center center","background-size":"auto","background-attachment":"scroll","background-type":"","background-media":"","overlay-type":"","overlay-color":"","overlay-opacity":"","overlay-gradient":""},"tablet":{"background-color":"var(--ast-global-color-5)","background-image":"","background-repeat":"repeat","background-position":"center center","background-size":"auto","background-attachment":"scroll","background-type":"","background-media":"","overlay-type":"","overlay-color":"","overlay-opacity":"","overlay-gradient":""},"mobile":{"background-color":"var(--ast-global-color-5)","background-image":"","background-repeat":"repeat","background-position":"center center","background-size":"auto","background-attachment":"scroll","background-type":"","background-media":"","overlay-type":"","overlay-color":"","overlay-opacity":"","overlay-gradient":""}},"footnotes":""},"categories":[8,5],"tags":[13383,5486,73,2331,10711],"class_list":["post-39742","post","type-post","status-publish","format-standard","has-post-thumbnail","hentry","category-noticias","category-por-soleares","tag-eduardo-rvera","tag-elecciones-2024","tag-miguel-barbosa","tag-pan-puebla","tag-rafael-micalco"],"_links":{"self":[{"href":"https:\/\/losperiodistas.com.mx\/portal\/wp-json\/wp\/v2\/posts\/39742","targetHints":{"allow":["GET"]}}],"collection":[{"href":"https:\/\/losperiodistas.com.mx\/portal\/wp-json\/wp\/v2\/posts"}],"about":[{"href":"https:\/\/losperiodistas.com.mx\/portal\/wp-json\/wp\/v2\/types\/post"}],"author":[{"embeddable":true,"href":"https:\/\/losperiodistas.com.mx\/portal\/wp-json\/wp\/v2\/users\/1"}],"replies":[{"embeddable":true,"href":"https:\/\/losperiodistas.com.mx\/portal\/wp-json\/wp\/v2\/comments?post=39742"}],"version-history":[{"count":1,"href":"https:\/\/losperiodistas.com.mx\/portal\/wp-json\/wp\/v2\/posts\/39742\/revisions"}],"predecessor-version":[{"id":39744,"href":"https:\/\/losperiodistas.com.mx\/portal\/wp-json\/wp\/v2\/posts\/39742\/revisions\/39744"}],"wp:featuredmedia":[{"embeddable":true,"href":"https:\/\/losperiodistas.com.mx\/portal\/wp-json\/wp\/v2\/media\/39743"}],"wp:attachment":[{"href":"https:\/\/losperiodistas.com.mx\/portal\/wp-json\/wp\/v2\/media?parent=39742"}],"wp:term":[{"taxonomy":"category","embeddable":true,"href":"https:\/\/losperiodistas.com.mx\/portal\/wp-json\/wp\/v2\/categories?post=39742"},{"taxonomy":"post_tag","embeddable":true,"href":"https:\/\/losperiodistas.com.mx\/portal\/wp-json\/wp\/v2\/tags?post=39742"}],"curies":[{"name":"wp","href":"https:\/\/api.w.org\/{rel}","templated":true}]}}