{"id":39733,"date":"2022-10-23T13:03:46","date_gmt":"2022-10-23T18:03:46","guid":{"rendered":"http:\/\/losperiodistas.com.mx\/portal\/?p=39733"},"modified":"2022-10-23T13:03:48","modified_gmt":"2022-10-23T18:03:48","slug":"smdif-puebla-y-alianza-francesa-celebran-convenio-de-colaboracion-en-favor-de-adultos-mayores","status":"publish","type":"post","link":"https:\/\/losperiodistas.com.mx\/portal\/smdif-puebla-y-alianza-francesa-celebran-convenio-de-colaboracion-en-favor-de-adultos-mayores\/","title":{"rendered":"SMDIF Puebla y Alianza Francesa celebran convenio de colaboraci\u00f3n en favor de adultos mayores"},"content":{"rendered":"\n<ul class=\"has-medium-font-size wp-block-list\"><li>Muestras de cine, c\u00edrculos de fomento a la lectura, uso de instalaciones para actividades l\u00fadicas y educativas, son algunos de los beneficios que tendr\u00e1n.<\/li><\/ul>\n\n\n\n<figure class=\"wp-block-image size-full is-style-default\"><img fetchpriority=\"high\" decoding=\"async\" width=\"1024\" height=\"682\" src=\"https:\/\/losperiodistas.com.mx\/portal\/wp-content\/uploads\/2022\/10\/WhatsApp-Image-2022-10-23-at-11.09.55-AM.jpeg\" alt=\"\" class=\"wp-image-39737\" srcset=\"https:\/\/losperiodistas.com.mx\/portal\/wp-content\/uploads\/2022\/10\/WhatsApp-Image-2022-10-23-at-11.09.55-AM.jpeg 1024w, https:\/\/losperiodistas.com.mx\/portal\/wp-content\/uploads\/2022\/10\/WhatsApp-Image-2022-10-23-at-11.09.55-AM-300x200.jpeg 300w, https:\/\/losperiodistas.com.mx\/portal\/wp-content\/uploads\/2022\/10\/WhatsApp-Image-2022-10-23-at-11.09.55-AM-768x512.jpeg 768w\" sizes=\"(max-width: 1024px) 100vw, 1024px\" \/><figcaption>Ayuntamiento Puebla<\/figcaption><\/figure>\n\n\n\n<p class=\"has-vivid-cyan-blue-color has-text-color has-medium-font-size\">REDACCI\u00d3N<\/p>\n\n\n\n<p>Con el objetivo de promover y lograr el desarrollo comunitario de las personas adultas mayores en sus tres dimensiones: humana, social y econ\u00f3mica, el Sistema Municipal DIF (SMDIF) de Puebla que preside honorariamente Liliana Ortiz P\u00e9rez, firm\u00f3 un convenio de colaboraci\u00f3n con la Alianza Francesa.<\/p>\n\n\n\n<p>Dicho convenio establece que la comunidad franc\u00f3fona compartir\u00e1 su cultura a trav\u00e9s de muestras de cine, c\u00edrculos de fomento a la lectura, adem\u00e1s del uso de sus instalaciones para que las personas que pertenecen a la Coordinaci\u00f3n de Personas Adultas Mayores puedan tomar capacitaciones de sus talleres; mientras que el SMDIF atender\u00e1 a las y los miembros de la Alianza Francesa para brindarles capacitaciones, charlas, talleres, adem\u00e1s de la puesta en marcha de diversas actividades y eventos.<\/p>\n\n\n\n<p>Es as\u00ed que, Carolina Morales, Directora del SMDIF, recalc\u00f3 que es de vital importancia sumar esfuerzos con la iniciativa privada y\/o con universidades en favor de la sociedad, especialmente de los grupos en atenci\u00f3n prioritaria, por lo que agradeci\u00f3 al colectivo educativo y administrativo de la Alianza Francesa por su generosidad.<\/p>\n\n\n\n<p>Por su parte, Alejandro Carlos Le\u00b4Blanc Lezama, Representante Legal de esta Instituci\u00f3n, refiri\u00f3 que la firma de este convenio ayudar\u00e1 a ratificar la visi\u00f3n y compromiso que desde hace 75 a\u00f1os tienen con la sociedad por fortalecer el di\u00e1logo entre Francia y M\u00e9xico a trav\u00e9s de la lengua, las artes y el conocimiento, mejorando la calidad de vida de la poblaci\u00f3n vulnerable.<\/p>\n\n\n\n<p>Cabe resaltar que, las 978 personas adultas mayores que pertenecen al programa Empacadores Voluntarios del SMDIF ya fueron capacitadas por parte de Grupo OXXO en las instalaciones de la Alianza Francesa, lo que facilit\u00f3 que adquirieran conocimientos en materia de motores de b\u00fasqueda para el empleo, habilidades para entrevistas de trabajo e inteligencia emocional enfocado en el servicio al cliente, permiti\u00e9ndoles una mejor y m\u00e1s sencilla inserci\u00f3n al mercado laboral.<\/p>\n\n\n\n<p>El SMDIF mantiene las puertas abiertas al programa de Empacadores Voluntarios, por lo que cualquier persona de entre 60 y 79 a\u00f1os de edad interesada deber\u00e1 presentarse en Avenida Cue Merlo 201, colonia San Baltazar Campeche, en un horario de lunes a viernes de 9:00 a 17:00 horas, una solicitud de empleo elaborada, copia legible de INE vigente, Acta de Nacimiento y comprobante domiciliario no mayor a tres meses; n\u00famero de seguridad social, tres fotograf\u00edas tama\u00f1o infantil a color y copia de comprobante de la vacunaci\u00f3n de refuerzo. Tambi\u00e9n podr\u00e1n comunicarse y solicitar m\u00e1s informaci\u00f3n al n\u00famero 22 22 14 00 00, extensi\u00f3n 240 y 241.<\/p>\n","protected":false},"excerpt":{"rendered":"<p>Muestras de cine, c\u00edrculos de fomento a la lectura, uso de instalaciones para actividades l\u00fadicas y educativas, son algunos de [&hellip;]<\/p>\n","protected":false},"author":1,"featured_media":39737,"comment_status":"open","ping_status":"open","sticky":false,"template":"","format":"standard","meta":{"site-sidebar-layout":"default","site-content-layout":"","ast-site-content-layout":"default","site-content-style":"default","site-sidebar-style":"default","ast-global-header-display":"","ast-banner-title-visibility":"","ast-main-header-display":"","ast-hfb-above-header-display":"","ast-hfb-below-header-display":"","ast-hfb-mobile-header-display":"","site-post-title":"","ast-breadcrumbs-content":"","ast-featured-img":"","footer-sml-layout":"","theme-transparent-header-meta":"","adv-header-id-meta":"","stick-header-meta":"","header-above-stick-meta":"","header-main-stick-meta":"","header-below-stick-meta":"","astra-migrate-meta-layouts":"default","ast-page-background-enabled":"default","ast-page-background-meta":{"desktop":{"background-color":"var(--ast-global-color-4)","background-image":"","background-repeat":"repeat","background-position":"center center","background-size":"auto","background-attachment":"scroll","background-type":"","background-media":"","overlay-type":"","overlay-color":"","overlay-opacity":"","overlay-gradient":""},"tablet":{"background-color":"","background-image":"","background-repeat":"repeat","background-position":"center center","background-size":"auto","background-attachment":"scroll","background-type":"","background-media":"","overlay-type":"","overlay-color":"","overlay-opacity":"","overlay-gradient":""},"mobile":{"background-color":"","background-image":"","background-repeat":"repeat","background-position":"center center","background-size":"auto","background-attachment":"scroll","background-type":"","background-media":"","overlay-type":"","overlay-color":"","overlay-opacity":"","overlay-gradient":""}},"ast-content-background-meta":{"desktop":{"background-color":"var(--ast-global-color-5)","background-image":"","background-repeat":"repeat","background-position":"center center","background-size":"auto","background-attachment":"scroll","background-type":"","background-media":"","overlay-type":"","overlay-color":"","overlay-opacity":"","overlay-gradient":""},"tablet":{"background-color":"var(--ast-global-color-5)","background-image":"","background-repeat":"repeat","background-position":"center center","background-size":"auto","background-attachment":"scroll","background-type":"","background-media":"","overlay-type":"","overlay-color":"","overlay-opacity":"","overlay-gradient":""},"mobile":{"background-color":"var(--ast-global-color-5)","background-image":"","background-repeat":"repeat","background-position":"center center","background-size":"auto","background-attachment":"scroll","background-type":"","background-media":"","overlay-type":"","overlay-color":"","overlay-opacity":"","overlay-gradient":""}},"footnotes":""},"categories":[8],"tags":[7279],"class_list":["post-39733","post","type-post","status-publish","format-standard","has-post-thumbnail","hentry","category-noticias","tag-contigoyconrumbo"],"_links":{"self":[{"href":"https:\/\/losperiodistas.com.mx\/portal\/wp-json\/wp\/v2\/posts\/39733","targetHints":{"allow":["GET"]}}],"collection":[{"href":"https:\/\/losperiodistas.com.mx\/portal\/wp-json\/wp\/v2\/posts"}],"about":[{"href":"https:\/\/losperiodistas.com.mx\/portal\/wp-json\/wp\/v2\/types\/post"}],"author":[{"embeddable":true,"href":"https:\/\/losperiodistas.com.mx\/portal\/wp-json\/wp\/v2\/users\/1"}],"replies":[{"embeddable":true,"href":"https:\/\/losperiodistas.com.mx\/portal\/wp-json\/wp\/v2\/comments?post=39733"}],"version-history":[{"count":1,"href":"https:\/\/losperiodistas.com.mx\/portal\/wp-json\/wp\/v2\/posts\/39733\/revisions"}],"predecessor-version":[{"id":39738,"href":"https:\/\/losperiodistas.com.mx\/portal\/wp-json\/wp\/v2\/posts\/39733\/revisions\/39738"}],"wp:featuredmedia":[{"embeddable":true,"href":"https:\/\/losperiodistas.com.mx\/portal\/wp-json\/wp\/v2\/media\/39737"}],"wp:attachment":[{"href":"https:\/\/losperiodistas.com.mx\/portal\/wp-json\/wp\/v2\/media?parent=39733"}],"wp:term":[{"taxonomy":"category","embeddable":true,"href":"https:\/\/losperiodistas.com.mx\/portal\/wp-json\/wp\/v2\/categories?post=39733"},{"taxonomy":"post_tag","embeddable":true,"href":"https:\/\/losperiodistas.com.mx\/portal\/wp-json\/wp\/v2\/tags?post=39733"}],"curies":[{"name":"wp","href":"https:\/\/api.w.org\/{rel}","templated":true}]}}