{"id":39728,"date":"2022-10-23T10:58:23","date_gmt":"2022-10-23T15:58:23","guid":{"rendered":"http:\/\/losperiodistas.com.mx\/portal\/?p=39728"},"modified":"2022-10-23T10:58:25","modified_gmt":"2022-10-23T15:58:25","slug":"decenas-de-miles-protestan-en-berlin-si-estamos-unidos-el-regimen-irani-caera-el-mundo","status":"publish","type":"post","link":"https:\/\/losperiodistas.com.mx\/portal\/decenas-de-miles-protestan-en-berlin-si-estamos-unidos-el-regimen-irani-caera-el-mundo\/","title":{"rendered":"Decenas de miles protestan en Berl\u00edn: \u00abSi estamos unidos, el r\u00e9gimen iran\u00ed caer\u00e1\u00bb\u00a0| El Mundo"},"content":{"rendered":"\n<p class=\"has-medium-font-size\"><strong>Los manifestantes reclaman el fin de la opresi\u00f3n y la discriminaci\u00f3n en Ir\u00e1n<\/strong><\/p>\n\n\n\n<figure class=\"wp-block-image size-full is-style-default\"><img fetchpriority=\"high\" decoding=\"async\" width=\"746\" height=\"560\" src=\"https:\/\/losperiodistas.com.mx\/portal\/wp-content\/uploads\/2022\/10\/16664631498633.jpg\" alt=\"\" class=\"wp-image-39731\" srcset=\"https:\/\/losperiodistas.com.mx\/portal\/wp-content\/uploads\/2022\/10\/16664631498633.jpg 746w, https:\/\/losperiodistas.com.mx\/portal\/wp-content\/uploads\/2022\/10\/16664631498633-300x225.jpg 300w\" sizes=\"(max-width: 746px) 100vw, 746px\" \/><figcaption>Protesta en Berl\u00edn contra el r\u00e9gimen iran\u00ed.<strong>GETTY<\/strong><\/figcaption><\/figure>\n\n\n\n<p class=\"has-vivid-cyan-blue-color has-text-color has-medium-font-size\">CARMEN VALERO \/ Berl\u00edn \/ EL MUNDO<\/p>\n\n\n\n<p>Las protestas por la muerte en custodia policial da la joven kurda iran\u00ed&nbsp;<a href=\"https:\/\/www.elmundo.es\/internacional\/2022\/10\/07\/63400e31fdddff5db38b4597.html\">Mahsa Amin<\/a>&nbsp;a mediados de septiembre desembocaron hoy en Berl\u00edn en una manifestaci\u00f3n multitudinaria.&nbsp;<strong>Llegadas en autobuses desde distintas partes de Europa<\/strong>, decenas de miles de personas reclamaron el fin de la opresi\u00f3n y la discriminaci\u00f3n en Ir\u00e1n en solidaridad con las mujeres iran\u00edes que cada d\u00eda salen a las calles desafiando el r\u00e9gimen de los ayatol\u00e1s.<\/p>\n\n\n\n<p>La gran manifestaci\u00f3n, convocada por la plataforma&nbsp;<strong>Woman Life Freedom<\/strong>, super\u00f3 las expectativas. De las 50.000 personas inscritas se calcula que la convocatoria fue seguida, seg\u00fan la Polic\u00eda, por unas 80.000. Pero, como ya adelantaron los organizadores, no se trataba de \u00ab<strong>mostrar cu\u00e1ntos somos sino la unidad que se ha creado entre nosotros\u00bb.<\/strong><\/p>\n\n\n\n<p>Fue una precisi\u00f3n importante. Porque coreando las consignas pidiendo la salida de los mul\u00e1s y por los derechos de las mujeres que marcaron los compases de la marcha hab\u00eda kurdas, iran\u00edes, sirias, afganas y \u00e1rabes de toda Europa. Al un\u00edsono, corearon el lema de protesta \u00abJin, Jiyan, Azadi\u00bb&nbsp;<strong>(Mujer, Vida, Libertad).<\/strong><\/p>\n\n\n\n<p><strong>Jasmin Maleki<\/strong>, una joven de Hamburgo, se cort\u00f3 mechones de pelo, y no fue la \u00fanica:&nbsp;<strong>\u00abLos enviar\u00e9 a la embajada iran\u00ed con mi sangre\u00bb<\/strong>. Y hubo unidad tambi\u00e9n en el dividido exilio iran\u00ed. Se vieron banderas con el le\u00f3n, el signo de los partidarios del sha, con el sol kurdo o s\u00edmbolos comunistas.&nbsp;<strong>\u00abSi estamos unidos, el r\u00e9gimen caer\u00e1\u00bb<\/strong>, afirm\u00f3 una mujer kurda venida de Dresde. Lo mismo opin\u00f3 Mehrdad Hadjihashemi, de Bitburg, que sosten\u00eda una bandera con el s\u00edmbolo ateo con dos de sus compa\u00f1eros de campa\u00f1a: \u00abMe da igual que los dem\u00e1s sean comunistas o cualquier otra cosa. Ahora debemos estar unidos y ser tolerantes con los dem\u00e1s\u00bb.<\/p>\n\n\n\n<p>\u00abNuestros hermanos y hermanas de Ir\u00e1n est\u00e1n sedientos de sus derechos b\u00e1sicos, de los derechos humanos. No s\u00f3lo estamos junto a ellos en solidaridad, sino que luchamos con ellos hombro con hombro, mano con mano\u00bb, afirm\u00f3 la activista iran\u00ed Anahita, del colectivo Woman Life Freedom. Junto a ella, a la cabeza de la marcha, apareci\u00f3 la exiliada iran\u00ed&nbsp;<strong>Parisa Khayamdar<\/strong>, que lleva dos semanas en un campamento de protesta frente a la sede del partido de Los Verdes.<\/p>\n\n\n\n<p>Entre los rostros m\u00e1s conocidos de la manifestaci\u00f3n estaban el activista&nbsp;<strong>Hamed Esmaeilion<\/strong>&nbsp;y la artista kurda exiliada&nbsp;<strong>Zehra Dogan<\/strong>, detenida frente a la embajada iran\u00ed en Berl\u00edn hace dos semanas por embadurnar sus paredes con una mezcla de&nbsp;<strong>\u00abpelo, henna y sangre menstrual\u00bb<\/strong>.<\/p>\n\n\n\n<p>Tras la muerte de su esposa e hija en el derribo de un avi\u00f3n de pasajeros ucraniano cerca de Teher\u00e1n en enero de 2020, Esmaeilion se ha convertido en un referente de la oposici\u00f3n iran\u00ed en el exilio. Su participaci\u00f3n en la manifestaci\u00f3n de Berl\u00edn era obligada y la aprovech\u00f3 para pedir a&nbsp;<strong>\u00abla comunidad internacional su apoyo a los iran\u00edes que luchan para liberarse de la tiran\u00eda del r\u00e9gimen\u00bb.<\/strong><\/p>\n\n\n\n<p>Hasta ahora, el apoyo, en lo que a Alemania se refiere, ha sido en forma de declaraciones de la ministra de Asuntos Exteriores,&nbsp;<strong>Annalena Baerbock<\/strong>. Pero, a pesar de su pol\u00edtica exterior feminista, la ministra no apareci\u00f3 en la manifestaci\u00f3n para mostrar solidaridad con sus iguales en Ir\u00e1n y tampoco se entrevist\u00f3 con los convocantes. El \u00fanico partido alem\u00e1n que s\u00ed lo ha hecho ha sido Die Linke (La Izquierda).<\/p>\n\n\n\n<p>La manifestaci\u00f3n de Berl\u00edn es la \u00faltima del goteo de protestas que se han producido en Alemania desde la muerte de Mahsa Amini, de 22 a\u00f1os. La joven fue detenida por la llamada polic\u00eda moral por no cumplir, supuestamente, la normativa obligatoria de llevar un pa\u00f1uelo en la cabeza. El pasado jueves,&nbsp;<strong>un centenar de personas se congregaron frente al Ministerio de Asuntos Exteriores<\/strong>&nbsp;para exigir una nueva pol\u00edtica en Ir\u00e1n.<\/p>\n\n\n\n<p>En concreto,\u00a0<strong>los manifestantes exigen poner fin a todas las negociaciones oficiales con la Rep\u00fablica Isl\u00e1mica<\/strong>, sanciones duras contra la \u00e9lite represiva, una congelaci\u00f3n de visados de gran alcance para los representantes del Estado, el cese de todas las relaciones comerciales y, siguiendo el ejemplo de Canad\u00e1, sancionar a todos los miembros del aparato.<\/p>\n\n\n\n<p><strong>\u00abAlemania ha apoyado al r\u00e9gimen iran\u00ed durante 43 a\u00f1os\u00bb<\/strong>, sostuvo Mina Ahadi, del Consejo Central de Ex-Musulmanes, en su discurso. \u00abCon Baerbock y su pol\u00edtica exterior feminista ha habido peque\u00f1os cambios, pero no son suficientes\u00bb. El Gobierno federal debe \u00abexplicar sin ambages que el r\u00e9gimen isl\u00e1mico es un r\u00e9gimen fascista y asesino con el que no debe haber cooperaci\u00f3n. L<strong>a revoluci\u00f3n de las mujeres s\u00f3lo tiene una oportunidad si Alemania y Europa la apoyan consecuentemente\u00bb<\/strong>, agreg\u00f3 Ahadi.<\/p>\n\n\n\n<p>La gran marcha de apoyo a la lucha emprendida por las mujeres iran\u00edes\u00a0<strong>transcurri\u00f3 sin incidentes<\/strong>\u00a0y eso incluye la ausencia de cantos que pudieran ser considerados en Alemania como anticonstitucionales o de instigaci\u00f3n a la violencia. Las \u00fanicas alteraciones fueron de tr\u00e1fico. No muy lejos de esa manifestaci\u00f3n se celebr\u00f3 otra bajo el lema\u00a0<strong>\u00abSolidaridad a trav\u00e9s de la crisis\u00bb<\/strong>. En ese caso la protesta, seguida por unos 20.000 manifestantes, ten\u00eda como tel\u00f3n de fondo la crisis energ\u00e9tica. Reclaman m\u00e1s medidas de alivio y una limitaci\u00f3n de los precios de la electricidad y el gas.<\/p>\n\n\n\n<p>Fuente: https:\/\/www.elmundo.es\/internacional\/2022\/10\/22\/6354359621efa081058b4597.html<\/p>\n","protected":false},"excerpt":{"rendered":"<p>Los manifestantes reclaman el fin de la opresi\u00f3n y la discriminaci\u00f3n en Ir\u00e1n CARMEN VALERO \/ Berl\u00edn \/ EL MUNDO [&hellip;]<\/p>\n","protected":false},"author":1,"featured_media":39731,"comment_status":"open","ping_status":"open","sticky":false,"template":"","format":"standard","meta":{"site-sidebar-layout":"default","site-content-layout":"","ast-site-content-layout":"default","site-content-style":"default","site-sidebar-style":"default","ast-global-header-display":"","ast-banner-title-visibility":"","ast-main-header-display":"","ast-hfb-above-header-display":"","ast-hfb-below-header-display":"","ast-hfb-mobile-header-display":"","site-post-title":"","ast-breadcrumbs-content":"","ast-featured-img":"","footer-sml-layout":"","theme-transparent-header-meta":"","adv-header-id-meta":"","stick-header-meta":"","header-above-stick-meta":"","header-main-stick-meta":"","header-below-stick-meta":"","astra-migrate-meta-layouts":"default","ast-page-background-enabled":"default","ast-page-background-meta":{"desktop":{"background-color":"var(--ast-global-color-4)","background-image":"","background-repeat":"repeat","background-position":"center center","background-size":"auto","background-attachment":"scroll","background-type":"","background-media":"","overlay-type":"","overlay-color":"","overlay-opacity":"","overlay-gradient":""},"tablet":{"background-color":"","background-image":"","background-repeat":"repeat","background-position":"center center","background-size":"auto","background-attachment":"scroll","background-type":"","background-media":"","overlay-type":"","overlay-color":"","overlay-opacity":"","overlay-gradient":""},"mobile":{"background-color":"","background-image":"","background-repeat":"repeat","background-position":"center center","background-size":"auto","background-attachment":"scroll","background-type":"","background-media":"","overlay-type":"","overlay-color":"","overlay-opacity":"","overlay-gradient":""}},"ast-content-background-meta":{"desktop":{"background-color":"var(--ast-global-color-5)","background-image":"","background-repeat":"repeat","background-position":"center center","background-size":"auto","background-attachment":"scroll","background-type":"","background-media":"","overlay-type":"","overlay-color":"","overlay-opacity":"","overlay-gradient":""},"tablet":{"background-color":"var(--ast-global-color-5)","background-image":"","background-repeat":"repeat","background-position":"center center","background-size":"auto","background-attachment":"scroll","background-type":"","background-media":"","overlay-type":"","overlay-color":"","overlay-opacity":"","overlay-gradient":""},"mobile":{"background-color":"var(--ast-global-color-5)","background-image":"","background-repeat":"repeat","background-position":"center center","background-size":"auto","background-attachment":"scroll","background-type":"","background-media":"","overlay-type":"","overlay-color":"","overlay-opacity":"","overlay-gradient":""}},"footnotes":""},"categories":[8],"tags":[13382,13193,13381],"class_list":["post-39728","post","type-post","status-publish","format-standard","has-post-thumbnail","hentry","category-noticias","tag-mahsa-amin","tag-mujer-vida-libertad","tag-republica-islamica-de-iran-2"],"_links":{"self":[{"href":"https:\/\/losperiodistas.com.mx\/portal\/wp-json\/wp\/v2\/posts\/39728","targetHints":{"allow":["GET"]}}],"collection":[{"href":"https:\/\/losperiodistas.com.mx\/portal\/wp-json\/wp\/v2\/posts"}],"about":[{"href":"https:\/\/losperiodistas.com.mx\/portal\/wp-json\/wp\/v2\/types\/post"}],"author":[{"embeddable":true,"href":"https:\/\/losperiodistas.com.mx\/portal\/wp-json\/wp\/v2\/users\/1"}],"replies":[{"embeddable":true,"href":"https:\/\/losperiodistas.com.mx\/portal\/wp-json\/wp\/v2\/comments?post=39728"}],"version-history":[{"count":1,"href":"https:\/\/losperiodistas.com.mx\/portal\/wp-json\/wp\/v2\/posts\/39728\/revisions"}],"predecessor-version":[{"id":39732,"href":"https:\/\/losperiodistas.com.mx\/portal\/wp-json\/wp\/v2\/posts\/39728\/revisions\/39732"}],"wp:featuredmedia":[{"embeddable":true,"href":"https:\/\/losperiodistas.com.mx\/portal\/wp-json\/wp\/v2\/media\/39731"}],"wp:attachment":[{"href":"https:\/\/losperiodistas.com.mx\/portal\/wp-json\/wp\/v2\/media?parent=39728"}],"wp:term":[{"taxonomy":"category","embeddable":true,"href":"https:\/\/losperiodistas.com.mx\/portal\/wp-json\/wp\/v2\/categories?post=39728"},{"taxonomy":"post_tag","embeddable":true,"href":"https:\/\/losperiodistas.com.mx\/portal\/wp-json\/wp\/v2\/tags?post=39728"}],"curies":[{"name":"wp","href":"https:\/\/api.w.org\/{rel}","templated":true}]}}