{"id":39722,"date":"2022-10-23T07:25:21","date_gmt":"2022-10-23T12:25:21","guid":{"rendered":"http:\/\/losperiodistas.com.mx\/portal\/?p=39722"},"modified":"2022-10-23T07:25:23","modified_gmt":"2022-10-23T12:25:23","slug":"dietrich-mateschitz-propietario-de-red-bull-fallece-a-los-78-anos-forbes","status":"publish","type":"post","link":"https:\/\/losperiodistas.com.mx\/portal\/dietrich-mateschitz-propietario-de-red-bull-fallece-a-los-78-anos-forbes\/","title":{"rendered":"Dietrich Mateschitz, propietario de Red Bull, fallece a los 78 a\u00f1os | Forbes"},"content":{"rendered":"\n<p class=\"has-medium-font-size\"><em>El multimillonario austriaco propietario de varios clubes de futbol, falleci\u00f3 este s\u00e1bado, seg\u00fan un anuncio a sus trabajadores.<\/em><\/p>\n\n\n\n<figure class=\"wp-block-image size-large is-style-default\"><img fetchpriority=\"high\" decoding=\"async\" width=\"1024\" height=\"576\" src=\"https:\/\/losperiodistas.com.mx\/portal\/wp-content\/uploads\/2022\/10\/red-bull-1024x576.jpeg\" alt=\"\" class=\"wp-image-39723\" srcset=\"https:\/\/losperiodistas.com.mx\/portal\/wp-content\/uploads\/2022\/10\/red-bull-1024x576.jpeg 1024w, https:\/\/losperiodistas.com.mx\/portal\/wp-content\/uploads\/2022\/10\/red-bull-300x169.jpeg 300w, https:\/\/losperiodistas.com.mx\/portal\/wp-content\/uploads\/2022\/10\/red-bull-768x432.jpeg 768w, https:\/\/losperiodistas.com.mx\/portal\/wp-content\/uploads\/2022\/10\/red-bull.jpeg 1280w\" sizes=\"(max-width: 1024px) 100vw, 1024px\" \/><figcaption><em>Foto: Tomada de @redbull<\/em><\/figcaption><\/figure>\n\n\n\n<p class=\"has-vivid-cyan-blue-color has-text-color has-medium-font-size\">FORBES STAFF<\/p>\n\n\n\n<p>(<strong>EFE<\/strong>).- El multimillonario austr\u00edaco Dietrich Mateschitz, fundador y propietario de la empresa de bebidas energ\u00e9ticas Red Bull y de varios clubes del f\u00fatbol y escuder\u00edas de F\u00f3rmula 1, entre otros, falleci\u00f3 hoy a los 78 a\u00f1os de edad.<\/p>\n\n\n\n<p>As\u00ed lo inform\u00f3 la compa\u00f1\u00eda al hacer p\u00fablico un mensaje enviado por mail a sus trabajadores, en un comunicado donde avisa a la prensa que de momento no se responder\u00e1n preguntas.<\/p>\n\n\n\n<p>\u201cLe rogamos que comprenda que no estaremos disponibles para responder a sus preguntas hasta nuevo aviso. Le agradecemos que respete el deseo de la familia y los amigos m\u00e1s cercanos al se\u00f1or Mateschitz de mantener su privacidad\u201d, se\u00f1ala la nota.<\/p>\n\n\n\n<p>\u201cEn estos momentos, el sentimiento que predomina es el de la tristeza. Pero pronto la tristeza dejar\u00e1 paso a la gratitud, a la gratitud por lo que \u00e9l cambi\u00f3, movi\u00f3, alent\u00f3 e hizo posible para tantas personas\u201d, escribi\u00f3 Red Bull a sus empleados.<\/p>\n\n\n\n<p>\u201cEs tarea y responsabilidad de todos nosotros continuar la obra de su vida en su esp\u00edritu\u201d, a\u00f1adi\u00f3 en su breve mensaje electr\u00f3nico.<\/p>\n\n\n\n<p>Red Bull patrocina o es propietario de numerosos equipos deportivos, como las escuder\u00edas de F\u00f3rmula 1 Red Bull y Alpha Tauri, y varios clubes de f\u00fatbol, entre ellos el austr\u00edaco Red Bull de Salzburgo y el RB Leipzig de la Bundesliga alemana, as\u00ed como otros clubes en Estados Unidos, Brasil o Ghana.<\/p>\n\n\n\n<p>La empresa patrocina a numerosos atletas y es un nombre de referencia en eventos de deportes extremos, como moto y bicicross o vuelo acrob\u00e1tico.<\/p>\n\n\n\n<p>La revista Forbes estimaba en abril pasado su fortuna en 27.400 millones de euros, con lo que ocupa el puesto 51 en la lista de personas m\u00e1s ricas del mundo que elabora esa publicaci\u00f3n.<\/p>\n\n\n\n<p>Fuente: https:\/\/www.forbes.com.mx\/dietrich-mateschitz-propietario-de-red-bull-fallece-a-los-78-anos\/<\/p>\n","protected":false},"excerpt":{"rendered":"<p>El multimillonario austriaco propietario de varios clubes de futbol, falleci\u00f3 este s\u00e1bado, seg\u00fan un anuncio a sus trabajadores. FORBES STAFF [&hellip;]<\/p>\n","protected":false},"author":1,"featured_media":39723,"comment_status":"open","ping_status":"open","sticky":false,"template":"","format":"standard","meta":{"site-sidebar-layout":"default","site-content-layout":"","ast-site-content-layout":"default","site-content-style":"default","site-sidebar-style":"default","ast-global-header-display":"","ast-banner-title-visibility":"","ast-main-header-display":"","ast-hfb-above-header-display":"","ast-hfb-below-header-display":"","ast-hfb-mobile-header-display":"","site-post-title":"","ast-breadcrumbs-content":"","ast-featured-img":"","footer-sml-layout":"","theme-transparent-header-meta":"","adv-header-id-meta":"","stick-header-meta":"","header-above-stick-meta":"","header-main-stick-meta":"","header-below-stick-meta":"","astra-migrate-meta-layouts":"default","ast-page-background-enabled":"default","ast-page-background-meta":{"desktop":{"background-color":"var(--ast-global-color-4)","background-image":"","background-repeat":"repeat","background-position":"center center","background-size":"auto","background-attachment":"scroll","background-type":"","background-media":"","overlay-type":"","overlay-color":"","overlay-opacity":"","overlay-gradient":""},"tablet":{"background-color":"","background-image":"","background-repeat":"repeat","background-position":"center center","background-size":"auto","background-attachment":"scroll","background-type":"","background-media":"","overlay-type":"","overlay-color":"","overlay-opacity":"","overlay-gradient":""},"mobile":{"background-color":"","background-image":"","background-repeat":"repeat","background-position":"center center","background-size":"auto","background-attachment":"scroll","background-type":"","background-media":"","overlay-type":"","overlay-color":"","overlay-opacity":"","overlay-gradient":""}},"ast-content-background-meta":{"desktop":{"background-color":"var(--ast-global-color-5)","background-image":"","background-repeat":"repeat","background-position":"center center","background-size":"auto","background-attachment":"scroll","background-type":"","background-media":"","overlay-type":"","overlay-color":"","overlay-opacity":"","overlay-gradient":""},"tablet":{"background-color":"var(--ast-global-color-5)","background-image":"","background-repeat":"repeat","background-position":"center center","background-size":"auto","background-attachment":"scroll","background-type":"","background-media":"","overlay-type":"","overlay-color":"","overlay-opacity":"","overlay-gradient":""},"mobile":{"background-color":"var(--ast-global-color-5)","background-image":"","background-repeat":"repeat","background-position":"center center","background-size":"auto","background-attachment":"scroll","background-type":"","background-media":"","overlay-type":"","overlay-color":"","overlay-opacity":"","overlay-gradient":""}},"footnotes":""},"categories":[8],"tags":[13372,466],"class_list":["post-39722","post","type-post","status-publish","format-standard","has-post-thumbnail","hentry","category-noticias","tag-dietrich-mateschitz","tag-red-bull"],"_links":{"self":[{"href":"https:\/\/losperiodistas.com.mx\/portal\/wp-json\/wp\/v2\/posts\/39722","targetHints":{"allow":["GET"]}}],"collection":[{"href":"https:\/\/losperiodistas.com.mx\/portal\/wp-json\/wp\/v2\/posts"}],"about":[{"href":"https:\/\/losperiodistas.com.mx\/portal\/wp-json\/wp\/v2\/types\/post"}],"author":[{"embeddable":true,"href":"https:\/\/losperiodistas.com.mx\/portal\/wp-json\/wp\/v2\/users\/1"}],"replies":[{"embeddable":true,"href":"https:\/\/losperiodistas.com.mx\/portal\/wp-json\/wp\/v2\/comments?post=39722"}],"version-history":[{"count":1,"href":"https:\/\/losperiodistas.com.mx\/portal\/wp-json\/wp\/v2\/posts\/39722\/revisions"}],"predecessor-version":[{"id":39724,"href":"https:\/\/losperiodistas.com.mx\/portal\/wp-json\/wp\/v2\/posts\/39722\/revisions\/39724"}],"wp:featuredmedia":[{"embeddable":true,"href":"https:\/\/losperiodistas.com.mx\/portal\/wp-json\/wp\/v2\/media\/39723"}],"wp:attachment":[{"href":"https:\/\/losperiodistas.com.mx\/portal\/wp-json\/wp\/v2\/media?parent=39722"}],"wp:term":[{"taxonomy":"category","embeddable":true,"href":"https:\/\/losperiodistas.com.mx\/portal\/wp-json\/wp\/v2\/categories?post=39722"},{"taxonomy":"post_tag","embeddable":true,"href":"https:\/\/losperiodistas.com.mx\/portal\/wp-json\/wp\/v2\/tags?post=39722"}],"curies":[{"name":"wp","href":"https:\/\/api.w.org\/{rel}","templated":true}]}}