{"id":39719,"date":"2022-10-23T07:12:00","date_gmt":"2022-10-23T12:12:00","guid":{"rendered":"http:\/\/losperiodistas.com.mx\/portal\/?p=39719"},"modified":"2022-10-23T07:12:01","modified_gmt":"2022-10-23T12:12:01","slug":"al-carajo-con-eso-amlo-dice-que-el-candidato-presidencial-no-se-elegira-a-dedazo-proceso","status":"publish","type":"post","link":"https:\/\/losperiodistas.com.mx\/portal\/al-carajo-con-eso-amlo-dice-que-el-candidato-presidencial-no-se-elegira-a-dedazo-proceso\/","title":{"rendered":"\u00abAl carajo con eso\u00bb: AMLO dice que el candidato presidencial no se elegir\u00e1 \u00aba dedazo\u00bb | Proceso"},"content":{"rendered":"\n<p><strong>El presidente L\u00f3pez Obrador asegur\u00f3 que hay varios militantes en su partido que podr\u00edan aspirar a ocupar su puesto, mujeres y hombres, que a su parecer, \u00abpueden garantizar el relevo en el gobierno para que contin\u00fae la transformaci\u00f3n\u00bb.<\/strong><\/p>\n\n\n\n<div class=\"wp-block-image is-style-default\"><figure class=\"alignleft size-full\"><img fetchpriority=\"high\" decoding=\"async\" width=\"325\" height=\"207\" src=\"https:\/\/losperiodistas.com.mx\/portal\/wp-content\/uploads\/2022\/10\/163299.jpeg\" alt=\"\" class=\"wp-image-39720\" srcset=\"https:\/\/losperiodistas.com.mx\/portal\/wp-content\/uploads\/2022\/10\/163299.jpeg 325w, https:\/\/losperiodistas.com.mx\/portal\/wp-content\/uploads\/2022\/10\/163299-300x191.jpeg 300w\" sizes=\"(max-width: 325px) 100vw, 325px\" \/><figcaption>El presidente de M\u00e9xico, Andr\u00e9s Manuel L\u00f3pez Obrador. Foto: @lopezobrador_<\/figcaption><\/figure><\/div>\n\n\n\n<p><\/p>\n\n\n\n<p class=\"has-vivid-cyan-blue-color has-text-color has-medium-font-size\">EUROPA PRESS \/ PROCESO<\/p>\n\n\n\n<p>MADRID, (EUROPA PRESS). &#8211; El presidente de M\u00e9xico, Andr\u00e9s Manuel L\u00f3pez Obrador asegur\u00f3 que el pr\u00f3ximo candidato de su partido para competir en la elecci\u00f3n presidencial de 2024 no ser\u00e1 elegido \u00aba dedazo\u00bb, un m\u00e9todo que ha asociado al pasado al tiempo que ha puesto el valor el talento de algunos de sus compa\u00f1eros de Morena.<\/p>\n\n\n\n<p>Ya no va a ser como antes, de que va a haber un tapado. No, al carajo con eso, que va a haber dedazo, al carajo con eso\u00bb, ha asegurado durante su visita a la ciudad de Puebla, al sur de Ciudad de M\u00e9xico.<\/p>\n\n\n\n<h5 class=\"wp-block-heading\">NOTICIAS RELACIONADAS<\/h5>\n\n\n\n<ul class=\"wp-block-list\"><li><a href=\"https:\/\/www.proceso.com.mx\/nacional\/2022\/10\/22\/amlo-presume-la-montana-de-guerrero-difunde-poema-de-gabriela-mistral-295609.html\">AMLO presume la Monta\u00f1a de Guerrero y difunde poema de Gabriela Mistral<\/a><\/li><li><a href=\"https:\/\/www.proceso.com.mx\/nacional\/2022\/10\/21\/consejo-indigena-de-chilapa-frena-convoy-de-amlo-en-la-montana-de-guerrero-295590.html\">Consejo ind\u00edgena de Chilapa frena convoy de AMLO en la monta\u00f1a de Guerrero<\/a><\/li><li><a href=\"https:\/\/www.proceso.com.mx\/nacional\/estados\/2022\/10\/21\/amlo-descarta-que-estudiantes-de-chiapas-se-intoxicaran-con-cocaina-295560.html\">AMLO descarta que estudiantes de Chiapas se intoxicaran con coca\u00edna<\/a><\/li><li><a href=\"https:\/\/www.proceso.com.mx\/nacional\/2022\/10\/21\/amlo-festeja-que-estados-unidos-otorgue-24-mil-visas-venezolanos-pero-las-considera-insuficientes-295564.html\">AMLO festeja que Estados Unidos otorgue 24 mil visas a venezolanos, pero las considera insuficientes<\/a><\/li><li><a href=\"https:\/\/www.proceso.com.mx\/nacional\/2022\/10\/21\/amlo-manda-al-carajo-la-oposicion-que-esta-contra-sus-programas-sociales-295572.html\">AMLO manda \u201cal carajo\u201d a la oposici\u00f3n que est\u00e1 contra sus programas sociales<\/a><\/li><\/ul>\n\n\n\n<p>AMLO asegur\u00f3 que hay varios militantes en su partido que podr\u00edan aspirar a ocupar su puesto, mujeres y hombres, que a su parecer, \u00abpueden garantizar el relevo en el gobierno para que contin\u00fae la transformaci\u00f3n\u00bb.<\/p>\n\n\n\n<p>Para ello, ha asegurado, que es importante que \u00e9l siente las bases del cambio hasta septiembre de 2024 cuando acaba su mandato, aunque se ha mostrado confiado en que en el futuro se seguir\u00e1 esta l\u00ednea.<\/p>\n\n\n\n<p>Fuente: https:\/\/www.proceso.com.mx\/nacional\/2022\/10\/22\/al-carajo-con-eso-amlo-dice-que-el-candidato-presidencial-no-se-elegira-a-dedazo-295622.html<\/p>\n","protected":false},"excerpt":{"rendered":"<p>El presidente L\u00f3pez Obrador asegur\u00f3 que hay varios militantes en su partido que podr\u00edan aspirar a ocupar su puesto, mujeres [&hellip;]<\/p>\n","protected":false},"author":1,"featured_media":39720,"comment_status":"open","ping_status":"open","sticky":false,"template":"","format":"standard","meta":{"site-sidebar-layout":"default","site-content-layout":"","ast-site-content-layout":"default","site-content-style":"default","site-sidebar-style":"default","ast-global-header-display":"","ast-banner-title-visibility":"","ast-main-header-display":"","ast-hfb-above-header-display":"","ast-hfb-below-header-display":"","ast-hfb-mobile-header-display":"","site-post-title":"","ast-breadcrumbs-content":"","ast-featured-img":"","footer-sml-layout":"","theme-transparent-header-meta":"","adv-header-id-meta":"","stick-header-meta":"","header-above-stick-meta":"","header-main-stick-meta":"","header-below-stick-meta":"","astra-migrate-meta-layouts":"default","ast-page-background-enabled":"default","ast-page-background-meta":{"desktop":{"background-color":"var(--ast-global-color-4)","background-image":"","background-repeat":"repeat","background-position":"center center","background-size":"auto","background-attachment":"scroll","background-type":"","background-media":"","overlay-type":"","overlay-color":"","overlay-opacity":"","overlay-gradient":""},"tablet":{"background-color":"","background-image":"","background-repeat":"repeat","background-position":"center center","background-size":"auto","background-attachment":"scroll","background-type":"","background-media":"","overlay-type":"","overlay-color":"","overlay-opacity":"","overlay-gradient":""},"mobile":{"background-color":"","background-image":"","background-repeat":"repeat","background-position":"center center","background-size":"auto","background-attachment":"scroll","background-type":"","background-media":"","overlay-type":"","overlay-color":"","overlay-opacity":"","overlay-gradient":""}},"ast-content-background-meta":{"desktop":{"background-color":"var(--ast-global-color-5)","background-image":"","background-repeat":"repeat","background-position":"center center","background-size":"auto","background-attachment":"scroll","background-type":"","background-media":"","overlay-type":"","overlay-color":"","overlay-opacity":"","overlay-gradient":""},"tablet":{"background-color":"var(--ast-global-color-5)","background-image":"","background-repeat":"repeat","background-position":"center center","background-size":"auto","background-attachment":"scroll","background-type":"","background-media":"","overlay-type":"","overlay-color":"","overlay-opacity":"","overlay-gradient":""},"mobile":{"background-color":"var(--ast-global-color-5)","background-image":"","background-repeat":"repeat","background-position":"center center","background-size":"auto","background-attachment":"scroll","background-type":"","background-media":"","overlay-type":"","overlay-color":"","overlay-opacity":"","overlay-gradient":""}},"footnotes":""},"categories":[8],"tags":[13371,13370,247],"class_list":["post-39719","post","type-post","status-publish","format-standard","has-post-thumbnail","hentry","category-noticias","tag-amlo-elecciones-2024","tag-dedazo-mexico","tag-morena"],"_links":{"self":[{"href":"https:\/\/losperiodistas.com.mx\/portal\/wp-json\/wp\/v2\/posts\/39719","targetHints":{"allow":["GET"]}}],"collection":[{"href":"https:\/\/losperiodistas.com.mx\/portal\/wp-json\/wp\/v2\/posts"}],"about":[{"href":"https:\/\/losperiodistas.com.mx\/portal\/wp-json\/wp\/v2\/types\/post"}],"author":[{"embeddable":true,"href":"https:\/\/losperiodistas.com.mx\/portal\/wp-json\/wp\/v2\/users\/1"}],"replies":[{"embeddable":true,"href":"https:\/\/losperiodistas.com.mx\/portal\/wp-json\/wp\/v2\/comments?post=39719"}],"version-history":[{"count":1,"href":"https:\/\/losperiodistas.com.mx\/portal\/wp-json\/wp\/v2\/posts\/39719\/revisions"}],"predecessor-version":[{"id":39721,"href":"https:\/\/losperiodistas.com.mx\/portal\/wp-json\/wp\/v2\/posts\/39719\/revisions\/39721"}],"wp:featuredmedia":[{"embeddable":true,"href":"https:\/\/losperiodistas.com.mx\/portal\/wp-json\/wp\/v2\/media\/39720"}],"wp:attachment":[{"href":"https:\/\/losperiodistas.com.mx\/portal\/wp-json\/wp\/v2\/media?parent=39719"}],"wp:term":[{"taxonomy":"category","embeddable":true,"href":"https:\/\/losperiodistas.com.mx\/portal\/wp-json\/wp\/v2\/categories?post=39719"},{"taxonomy":"post_tag","embeddable":true,"href":"https:\/\/losperiodistas.com.mx\/portal\/wp-json\/wp\/v2\/tags?post=39719"}],"curies":[{"name":"wp","href":"https:\/\/api.w.org\/{rel}","templated":true}]}}