{"id":39716,"date":"2022-10-23T07:07:16","date_gmt":"2022-10-23T12:07:16","guid":{"rendered":"http:\/\/losperiodistas.com.mx\/portal\/?p=39716"},"modified":"2022-10-23T07:07:18","modified_gmt":"2022-10-23T12:07:18","slug":"el-papa-en-el-angelus-donde-hay-demasiado-yo-hay-poco-dios-vatican-news","status":"publish","type":"post","link":"https:\/\/losperiodistas.com.mx\/portal\/el-papa-en-el-angelus-donde-hay-demasiado-yo-hay-poco-dios-vatican-news\/","title":{"rendered":"El Papa en el \u00c1ngelus: \u201cDonde hay demasiado yo, hay poco Dios\u201d | Vatican News"},"content":{"rendered":"\n<p class=\"has-luminous-vivid-amber-background-color has-background has-medium-font-size\">Antes del rezo del \u00c1ngelus el Santo Padre reflexiona sobre la par\u00e1bola del fariseo y el publicano, con sus dos movimientos \u201csubir\u201d y \u201cbajar\u201d que ayudan a lograr el \u201chumilde\u201d encuentro con Dios en la oraci\u00f3n.<\/p>\n\n\n\n<p><\/p>\n\n\n\n<figure class=\"wp-block-embed is-type-video is-provider-youtube wp-block-embed-youtube wp-embed-aspect-16-9 wp-has-aspect-ratio\"><div class=\"wp-block-embed__wrapper\">\n<iframe title=\"\u00c1ngelus 23 de octubre de 2022 Papa Francisco\" width=\"500\" height=\"281\" src=\"https:\/\/www.youtube.com\/embed\/2--PmuhERbU?feature=oembed\" frameborder=\"0\" allow=\"accelerometer; autoplay; clipboard-write; encrypted-media; gyroscope; picture-in-picture; web-share\" referrerpolicy=\"strict-origin-when-cross-origin\" allowfullscreen><\/iframe>\n<\/div><\/figure>\n\n\n\n<p><\/p>\n\n\n\n<p class=\"has-vivid-cyan-blue-color has-text-color has-medium-font-size\">JOHAN PACHECO \/ VATICAN NEWS<\/p>\n\n\n\n<p>\u00abDos hombres subieron al templo a orar\u00bb (Lc 18, 10) pero solo uno de ellos lo hace con humildad, recuerda el Papa Francisco en el \u00c1ngelus del XXX domingo del Tiempo Ordinario, en la reflexi\u00f3n antes del rezo del \u00c1ngelus junto a los peregrinos de la Plaza San Pedro en el Vaticano.<\/p>\n\n\n\n<p>\u201cEl Evangelio de la liturgia de hoy nos presenta una par\u00e1bola que tiene dos protagonistas, un fariseo y un publicano (cf. Lc 18,9-14), es decir, un religioso y un pecador declarado\u201d, dice Francisco en su meditaci\u00f3n dominical. Y destaca los dos movimientos del pasaje b\u00edblico, \u201cexpresados por dos verbos: subir y bajar\u00bb.<\/p>\n\n\n\n<h2 class=\"wp-block-heading\">Subir al encuentro con Dios<\/h2>\n\n\n\n<p>Sobre la acci\u00f3n de quien sube a orar, explica el Santo Padre que \u201ceste aspecto recuerda muchos episodios de la Biblia, en los que para encontrar al Se\u00f1or se sube a la monta\u00f1a de su presencia: Abraham sube a la monta\u00f1a para ofrecer el sacrificio; Mois\u00e9s sube al Sina\u00ed para recibir los mandamientos; Jes\u00fas sube a la monta\u00f1a, donde se transfigura\u201d.<\/p>\n\n\n\n<p>Por tanto, resalta que \u201csubir\u201d, dice: \u201cexpresa la necesidad del coraz\u00f3n de desprenderse de una vida plana para encontrarse con el Se\u00f1or; de levantarse de las llanuras de nuestro ego para ascender hacia Dios; de recoger lo que vivimos en el valle para llevarlo ante el Se\u00f1or\u201d.<\/p>\n\n\n\n<h2 class=\"wp-block-heading\">Bajar al encuentro con Dios<\/h2>\n\n\n\n<p>Y luego el Papa Francisco reflexiona sobre el segundo movimiento de la par\u00e1bola: \u201cbajar\u201d. Indicando que para experimentar en la oraci\u00f3n el encuentro con Dios, tambi\u00e9n es necesario \u201cdescender dentro de nosotros mismos: cultivar la sinceridad y la humildad de coraz\u00f3n, que nos permiten mirar con honestidad nuestras fragilidades y nuestra pobreza\u201d.<\/p>\n\n\n\n<p>Insiste el Papa en que \u201cla humildad nos hacemos capaces de llevar a Dios, sin fingir, lo que somos, las limitaciones y las heridas, los pecados y las miserias que pesan en nuestro coraz\u00f3n, y de invocar su misericordia para que nos cure y nos levante. Cuanto m\u00e1s descendemos en humildad, m\u00e1s nos eleva Dios\u201d, afirma.<\/p>\n\n\n\n<h2 class=\"wp-block-heading\">El fariseo y el publicano<\/h2>\n\n\n\n<p>Contrastando el comportamiento de los dos personajes de la par\u00e1bola resalta como el publicano \u201cse pone humildemente a distancia (cf. v. 13), pide perd\u00f3n y el Se\u00f1or lo levanta\u201d. En cambio, el fariseo \u201cse exalta a s\u00ed mismo, seguro de s\u00ed mismo, convencido de que est\u00e1 bien: de pie, se pone a hablar con el Se\u00f1or s\u00f3lo de s\u00ed mismo, alab\u00e1ndose, enumerando todas sus buenas obras religiosas, y desprecia a los dem\u00e1s\u201d.<\/p>\n\n\n\n<p>La actitud del fariseo, el Papa Francisco la denomina \u201csoberbia espiritual: te lleva a creerte bueno y a juzgar a los dem\u00e1s. Y as\u00ed, sin darte cuenta, adoras a tu propio yo y borras a tu Dios\u201d, dice.<\/p>\n\n\n\n<p>El Pont\u00edfice invit\u00f3 a los fieles a examinar de manera personal \u00abla presunci\u00f3n interior de ser justos\u00bb (Lc 18, 9) que como el fariseo \u201clleva a despreciar a los dem\u00e1s\u201d.<\/p>\n\n\n\n<p>\u201cOcurre, por ejemplo, cuando buscamos cumplidos y enumeramos siempre nuestros m\u00e9ritos y buenas obras, cuando nos preocupamos por aparentar en lugar de ser, cuando nos dejamos atrapar por el narcisismo y el exhibicionismo\u201d, dijo el Papa.<\/p>\n\n\n\n<h2 class=\"wp-block-heading\">La vanagloria del narcisismo y exhibicionismo<\/h2>\n\n\n\n<p>Y finalmente exhort\u00f3 a cuidarse del narcisismo y del exhibicionismo, \u201cbasado en la vanagloria, que tambi\u00e9n nos lleva a nosotros los cristianos, a nosotros los sacerdotes, a nosotros los obispos, a tener siempre la palabra \u00abyo\u00bb en los labios: yo hice esto, yo escrib\u00ed aquello, yo dije aquello, yo entend\u00ed aquello, etc. Donde hay demasiado yo, hay poco Dios\u201d.<\/p>\n\n\n\n<p>El Papa rez\u00f3 la oraci\u00f3n del \u00c1ngelus pidiendo la Mar\u00eda Sant\u00edsima su intercesi\u00f3n: \u201cla humilde esclava del Se\u00f1or, imagen viva de lo que el Se\u00f1or ama realizar, derrocando a los poderosos de sus tronos y levantando a los humildes (cf. Lc 1,52)\u201d.<\/p>\n\n\n\n<p>Fuente: https:\/\/www.vaticannews.va\/es\/papa\/news\/2022-10\/el-papa-en-el-angelus-donde-hay-demasiado-yo-hay-poco-dios.html<\/p>\n","protected":false},"excerpt":{"rendered":"<p>Antes del rezo del \u00c1ngelus el Santo Padre reflexiona sobre la par\u00e1bola del fariseo y el publicano, con sus dos [&hellip;]<\/p>\n","protected":false},"author":1,"featured_media":39717,"comment_status":"open","ping_status":"open","sticky":false,"template":"","format":"standard","meta":{"site-sidebar-layout":"default","site-content-layout":"","ast-site-content-layout":"default","site-content-style":"default","site-sidebar-style":"default","ast-global-header-display":"","ast-banner-title-visibility":"","ast-main-header-display":"","ast-hfb-above-header-display":"","ast-hfb-below-header-display":"","ast-hfb-mobile-header-display":"","site-post-title":"","ast-breadcrumbs-content":"","ast-featured-img":"","footer-sml-layout":"","theme-transparent-header-meta":"","adv-header-id-meta":"","stick-header-meta":"","header-above-stick-meta":"","header-main-stick-meta":"","header-below-stick-meta":"","astra-migrate-meta-layouts":"default","ast-page-background-enabled":"default","ast-page-background-meta":{"desktop":{"background-color":"var(--ast-global-color-4)","background-image":"","background-repeat":"repeat","background-position":"center center","background-size":"auto","background-attachment":"scroll","background-type":"","background-media":"","overlay-type":"","overlay-color":"","overlay-opacity":"","overlay-gradient":""},"tablet":{"background-color":"","background-image":"","background-repeat":"repeat","background-position":"center center","background-size":"auto","background-attachment":"scroll","background-type":"","background-media":"","overlay-type":"","overlay-color":"","overlay-opacity":"","overlay-gradient":""},"mobile":{"background-color":"","background-image":"","background-repeat":"repeat","background-position":"center center","background-size":"auto","background-attachment":"scroll","background-type":"","background-media":"","overlay-type":"","overlay-color":"","overlay-opacity":"","overlay-gradient":""}},"ast-content-background-meta":{"desktop":{"background-color":"var(--ast-global-color-5)","background-image":"","background-repeat":"repeat","background-position":"center center","background-size":"auto","background-attachment":"scroll","background-type":"","background-media":"","overlay-type":"","overlay-color":"","overlay-opacity":"","overlay-gradient":""},"tablet":{"background-color":"var(--ast-global-color-5)","background-image":"","background-repeat":"repeat","background-position":"center center","background-size":"auto","background-attachment":"scroll","background-type":"","background-media":"","overlay-type":"","overlay-color":"","overlay-opacity":"","overlay-gradient":""},"mobile":{"background-color":"var(--ast-global-color-5)","background-image":"","background-repeat":"repeat","background-position":"center center","background-size":"auto","background-attachment":"scroll","background-type":"","background-media":"","overlay-type":"","overlay-color":"","overlay-opacity":"","overlay-gradient":""}},"footnotes":""},"categories":[8],"tags":[3827,13369,196],"class_list":["post-39716","post","type-post","status-publish","format-standard","has-post-thumbnail","hentry","category-noticias","tag-angelus-2","tag-egoismo","tag-papa-francisco"],"_links":{"self":[{"href":"https:\/\/losperiodistas.com.mx\/portal\/wp-json\/wp\/v2\/posts\/39716","targetHints":{"allow":["GET"]}}],"collection":[{"href":"https:\/\/losperiodistas.com.mx\/portal\/wp-json\/wp\/v2\/posts"}],"about":[{"href":"https:\/\/losperiodistas.com.mx\/portal\/wp-json\/wp\/v2\/types\/post"}],"author":[{"embeddable":true,"href":"https:\/\/losperiodistas.com.mx\/portal\/wp-json\/wp\/v2\/users\/1"}],"replies":[{"embeddable":true,"href":"https:\/\/losperiodistas.com.mx\/portal\/wp-json\/wp\/v2\/comments?post=39716"}],"version-history":[{"count":1,"href":"https:\/\/losperiodistas.com.mx\/portal\/wp-json\/wp\/v2\/posts\/39716\/revisions"}],"predecessor-version":[{"id":39718,"href":"https:\/\/losperiodistas.com.mx\/portal\/wp-json\/wp\/v2\/posts\/39716\/revisions\/39718"}],"wp:featuredmedia":[{"embeddable":true,"href":"https:\/\/losperiodistas.com.mx\/portal\/wp-json\/wp\/v2\/media\/39717"}],"wp:attachment":[{"href":"https:\/\/losperiodistas.com.mx\/portal\/wp-json\/wp\/v2\/media?parent=39716"}],"wp:term":[{"taxonomy":"category","embeddable":true,"href":"https:\/\/losperiodistas.com.mx\/portal\/wp-json\/wp\/v2\/categories?post=39716"},{"taxonomy":"post_tag","embeddable":true,"href":"https:\/\/losperiodistas.com.mx\/portal\/wp-json\/wp\/v2\/tags?post=39716"}],"curies":[{"name":"wp","href":"https:\/\/api.w.org\/{rel}","templated":true}]}}