{"id":3971,"date":"2021-01-28T17:27:10","date_gmt":"2021-01-28T23:27:10","guid":{"rendered":"http:\/\/losperiodistas.com.mx\/portal\/?p=3971"},"modified":"2021-01-29T09:27:33","modified_gmt":"2021-01-29T15:27:33","slug":"ayuntamiento-de-puebla-entrego-obras-en-la-margarita","status":"publish","type":"post","link":"https:\/\/losperiodistas.com.mx\/portal\/ayuntamiento-de-puebla-entrego-obras-en-la-margarita\/","title":{"rendered":"Ayuntamiento de Puebla entreg\u00f3 obras en La Margarita"},"content":{"rendered":"\n<p style=\"font-size:18px\"><em>Domo escolar y guarniciones<\/em><\/p>\n\n\n\n<p class=\"has-vivid-cyan-blue-color has-text-color has-medium-font-size\">REDACCI\u00d3N<\/p>\n\n\n\n<p>El Gobierno de la Ciudad realiz\u00f3 la entrega de acciones de Presupuesto Participativo y la instalaci\u00f3n de m\u00f3dulos de trabajo comunitario en puntos WiFi gratuito en la Unidad Habitacional de La Margarita.<br><br>\u00abEmpezamos con las acciones de mantenimiento, de recuperaci\u00f3n de los espacios p\u00fablicos [&#8230;] Seguimos haciendo comunidad, nos necesitamos todas y todos en la construcci\u00f3n de la ciudad que esperamos, queremos y nos merecemos\u00bb, expres\u00f3 Rivera Vivanco.<br><br>Las acciones aprobadas en la segunda sesi\u00f3n del Consejo de Presupuesto Participativo, del 20 de octubre, fueron emanadas de la asamblea comunitaria en la que participaron las y los vecinos de esta unidad habitacional, del 1 de septiembre de 2020, estas fueron:<\/p>\n\n\n\n<ul class=\"wp-block-list\"><li>Domo en la escuela primaria Mariano Jim\u00e9nez turno Matutino, bachillerato Blas Chumacero en el turno Vespertino, ubicado Av Fidel Vel\u00e1zquez #1<\/li><li>Pintura para guarniciones de la Unidad Habitacional la Margarita<\/li><\/ul>\n\n\n\n<p>Asimismo, en apoyo a la comunidad estudiantil que, en el contexto de la pandemia, ha suspendido las clases presenciales, se inaugur\u00f3 el mobiliario urbano para conexi\u00f3n a los Puntos WiFi en la misma zona, generando las condiciones para la dignificaci\u00f3n y reapropiaci\u00f3n de espacios p\u00fablicos, para fortalecer la estrategia de reconstrucci\u00f3n del tejido social.<\/p>\n\n\n\n<p>Fuente: https:\/\/www.pueblacapital.gob.mx\/noticias\/noticias-destacadas\/item\/14724-ayuntamiento-de-puebla-entrega-domo-escolar-y-guarniciones-en-la-margarita<\/p>\n\n\n\n<p><\/p>\n","protected":false},"excerpt":{"rendered":"<p>Domo escolar y guarniciones REDACCI\u00d3N El Gobierno de la Ciudad realiz\u00f3 la entrega de acciones de Presupuesto Participativo y la [&hellip;]<\/p>\n","protected":false},"author":1,"featured_media":3972,"comment_status":"open","ping_status":"open","sticky":false,"template":"","format":"standard","meta":{"site-sidebar-layout":"default","site-content-layout":"","ast-site-content-layout":"default","site-content-style":"default","site-sidebar-style":"default","ast-global-header-display":"","ast-banner-title-visibility":"","ast-main-header-display":"","ast-hfb-above-header-display":"","ast-hfb-below-header-display":"","ast-hfb-mobile-header-display":"","site-post-title":"","ast-breadcrumbs-content":"","ast-featured-img":"","footer-sml-layout":"","theme-transparent-header-meta":"","adv-header-id-meta":"","stick-header-meta":"","header-above-stick-meta":"","header-main-stick-meta":"","header-below-stick-meta":"","astra-migrate-meta-layouts":"default","ast-page-background-enabled":"default","ast-page-background-meta":{"desktop":{"background-color":"var(--ast-global-color-4)","background-image":"","background-repeat":"repeat","background-position":"center center","background-size":"auto","background-attachment":"scroll","background-type":"","background-media":"","overlay-type":"","overlay-color":"","overlay-opacity":"","overlay-gradient":""},"tablet":{"background-color":"","background-image":"","background-repeat":"repeat","background-position":"center center","background-size":"auto","background-attachment":"scroll","background-type":"","background-media":"","overlay-type":"","overlay-color":"","overlay-opacity":"","overlay-gradient":""},"mobile":{"background-color":"","background-image":"","background-repeat":"repeat","background-position":"center center","background-size":"auto","background-attachment":"scroll","background-type":"","background-media":"","overlay-type":"","overlay-color":"","overlay-opacity":"","overlay-gradient":""}},"ast-content-background-meta":{"desktop":{"background-color":"var(--ast-global-color-5)","background-image":"","background-repeat":"repeat","background-position":"center center","background-size":"auto","background-attachment":"scroll","background-type":"","background-media":"","overlay-type":"","overlay-color":"","overlay-opacity":"","overlay-gradient":""},"tablet":{"background-color":"var(--ast-global-color-5)","background-image":"","background-repeat":"repeat","background-position":"center center","background-size":"auto","background-attachment":"scroll","background-type":"","background-media":"","overlay-type":"","overlay-color":"","overlay-opacity":"","overlay-gradient":""},"mobile":{"background-color":"var(--ast-global-color-5)","background-image":"","background-repeat":"repeat","background-position":"center center","background-size":"auto","background-attachment":"scroll","background-type":"","background-media":"","overlay-type":"","overlay-color":"","overlay-opacity":"","overlay-gradient":""}},"footnotes":""},"categories":[8],"tags":[],"class_list":["post-3971","post","type-post","status-publish","format-standard","has-post-thumbnail","hentry","category-noticias"],"_links":{"self":[{"href":"https:\/\/losperiodistas.com.mx\/portal\/wp-json\/wp\/v2\/posts\/3971","targetHints":{"allow":["GET"]}}],"collection":[{"href":"https:\/\/losperiodistas.com.mx\/portal\/wp-json\/wp\/v2\/posts"}],"about":[{"href":"https:\/\/losperiodistas.com.mx\/portal\/wp-json\/wp\/v2\/types\/post"}],"author":[{"embeddable":true,"href":"https:\/\/losperiodistas.com.mx\/portal\/wp-json\/wp\/v2\/users\/1"}],"replies":[{"embeddable":true,"href":"https:\/\/losperiodistas.com.mx\/portal\/wp-json\/wp\/v2\/comments?post=3971"}],"version-history":[{"count":1,"href":"https:\/\/losperiodistas.com.mx\/portal\/wp-json\/wp\/v2\/posts\/3971\/revisions"}],"predecessor-version":[{"id":3973,"href":"https:\/\/losperiodistas.com.mx\/portal\/wp-json\/wp\/v2\/posts\/3971\/revisions\/3973"}],"wp:featuredmedia":[{"embeddable":true,"href":"https:\/\/losperiodistas.com.mx\/portal\/wp-json\/wp\/v2\/media\/3972"}],"wp:attachment":[{"href":"https:\/\/losperiodistas.com.mx\/portal\/wp-json\/wp\/v2\/media?parent=3971"}],"wp:term":[{"taxonomy":"category","embeddable":true,"href":"https:\/\/losperiodistas.com.mx\/portal\/wp-json\/wp\/v2\/categories?post=3971"},{"taxonomy":"post_tag","embeddable":true,"href":"https:\/\/losperiodistas.com.mx\/portal\/wp-json\/wp\/v2\/tags?post=3971"}],"curies":[{"name":"wp","href":"https:\/\/api.w.org\/{rel}","templated":true}]}}