{"id":39683,"date":"2022-10-23T06:57:25","date_gmt":"2022-10-23T11:57:25","guid":{"rendered":"http:\/\/losperiodistas.com.mx\/portal\/?p=39683"},"modified":"2022-10-23T06:58:39","modified_gmt":"2022-10-23T11:58:39","slug":"tiene-guardia-nacional-nexo-con-bandas-de-huachicol-y-droga-mural","status":"publish","type":"post","link":"https:\/\/losperiodistas.com.mx\/portal\/tiene-guardia-nacional-nexo-con-bandas-de-huachicol-y-droga-mural\/","title":{"rendered":"Tiene Guardia Nacional nexo con bandas de huachicol y droga\u00a0| Mural"},"content":{"rendered":"\n<figure class=\"wp-block-image size-full is-style-default\"><img fetchpriority=\"high\" decoding=\"async\" width=\"960\" height=\"640\" src=\"https:\/\/losperiodistas.com.mx\/portal\/wp-content\/uploads\/2022\/10\/5359290.jpeg\" alt=\"\" class=\"wp-image-39712\" srcset=\"https:\/\/losperiodistas.com.mx\/portal\/wp-content\/uploads\/2022\/10\/5359290.jpeg 960w, https:\/\/losperiodistas.com.mx\/portal\/wp-content\/uploads\/2022\/10\/5359290-300x200.jpeg 300w, https:\/\/losperiodistas.com.mx\/portal\/wp-content\/uploads\/2022\/10\/5359290-768x512.jpeg 768w\" sizes=\"(max-width: 960px) 100vw, 960px\" \/><figcaption>Se alert\u00f3 de la zona de acci\u00f3n de varias bandas que operan con el supuesto apoyo de elementos de la corporaci\u00f3n federal. Foto: Especial.<\/figcaption><\/figure>\n\n\n\n<p class=\"has-vivid-cyan-blue-color has-text-color has-medium-font-size\">BENITO JIM\u00c9NEZ \/ MURAL<\/p>\n\n\n\n<p><a href=\"https:\/\/www.mural.com.mx\/avala-san-lazaro-militarizacion-pasa-a-congresos-locales\/ar2485722?v=4\">Avala San L\u00e1zaro militarizaci\u00f3n; pasa a Congresos locales<\/a>La Guardia Nacional (<strong>GN<\/strong>) fue involucrada con dos bandas delictivas dedicadas al&nbsp;<strong>robo de hidrocarburos<\/strong>, en&nbsp;<strong>Tabasco<\/strong>&nbsp;y&nbsp;<strong>Puebla<\/strong>, y al trasiego de&nbsp;<strong>drogas y migrantes<\/strong>, en&nbsp;<strong>Veracruz<\/strong>, alert\u00f3 el Centro Regional de Fusi\u00f3n de Inteligencia (<strong>CERFI<\/strong>).<\/p>\n\n\n\n<p>En un correo electr\u00f3nico enviado por el CERFI al Centro Nacional de Fusi\u00f3n de Inteligencia (<strong>CENFI<\/strong>) \u00e1rea de la Secretar\u00eda de la Defensa Nacional (<strong>Sedena<\/strong>) el pasado 2 de agosto, se alerta de la zona de operaci\u00f3n de varias bandas que funcionan en esas entidades con el supuesto apoyo de elementos de la corporaci\u00f3n federal.<\/p>\n\n\n\n<p>De acuerdo con el documento \u00abInvolucramiento GN\u00bb, que forma parte de los archivos hackeados a la Sedena por el grupo&nbsp;<strong>Guacamaya<\/strong>, la c\u00e9lula dedicada al huachicol es liderada por un sujeto identificado como Gabriel Eduardo Gonz\u00e1lez Alejandro, \u00abEl Gabo\u00bb, quien tiene el apoyo de un integrante de la GN conocido como \u00abEl Comandante Mata\u00bb.<\/p>\n\n\n\n<p>Un operador financiero de \u00abEl Gabo\u00bb, identificado como V\u00edctor Carbajal Zurita, es quien efect\u00faa los dep\u00f3sitos para \u00abEl Comandante Mata\u00bb y que al parecer est\u00e1 desplegado en&nbsp;<strong>Cosamaloapan<\/strong>, Veracruz.<\/p>\n\n\n\n<p>\u00abProporciona seguridad en el lugar de extracci\u00f3n (de combustible en ductos de&nbsp;<strong>Pemex<\/strong>) y escoltan los veh\u00edculos con combustible robado\u00bb, indica el informe.<\/p>\n\n\n\n<p>En el primer caso, titulado \u00ab<strong>Caso Olmeca<\/strong>\u00bb se menciona a dos proveedores de hidrocarburo il\u00edcito y a dos choferes de pipas.<\/p>\n\n\n\n<p>Mientras que en el segundo denominado \u00ab<strong>Caso Veracruz<\/strong>\u00ab, el CERFI ubic\u00f3 a un grupo delictivo encabezado por Efr\u00e9n Mart\u00ednez G\u00f3mez, \u00abEl Fantasma\u00bb, a quien le adjudican coordinar las actividades delictivas para el C\u00e1rtel Jalisco Nueva Generaci\u00f3n (<strong>CJNG<\/strong>) en los municipios de Cosoleacaque, Jaltipan, Zaragoza, Acayucan y Las Choapas.<\/p>\n\n\n\n<p>El CERFI tambi\u00e9n vincula a \u00abEl Fantasma\u00bb con el trasiego de drogas, tr\u00e1fico de migrantes, pago de cuotas a las autoridades de los tres \u00f3rdenes de Gobierno y el manejo de recursos de procedencia il\u00edcita.<\/p>\n\n\n\n<p>Este sujeto y su estructura criminal est\u00e1 involucrado con al menos tres efectivos de (la extinta Polic\u00eda de) \u00abCaminos\u00bb que laboran en Cuitl\u00e1huac, Acayucan e Ixhuatl\u00e1n.<\/p>\n\n\n\n<p>El primero conocido como \u00abEl Rubens\u00bb, el segundo como \u00abEl Hamburguesa\u00bb y la tercera, una mujer de la GN identificada como \u00abDo\u00f1a Yari\u00bb, adscritos a la Coordinaci\u00f3n de la GN en Veracruz.<\/p>\n\n\n\n<p>\u00abProporcionan el libre tr\u00e1nsito a los traficantes indocumentados previo a una clave que estos mencionan, como una medida de identificaci\u00f3n para estas personas\u00bb, refiere el informe.<\/p>\n\n\n\n<p>\u00abEl Fantasma\u00bb tiene a su cargo a \u00abEl Chaparro\u00bb, encargado de las finanzas, y a \u00abEl Tigre\u00bb, quien cobra cuotas a polleros, adem\u00e1s de familiares que le apoyan en sus actividades delictivas.<\/p>\n\n\n\n<p class=\"has-cyan-bluish-gray-background-color has-background\">Notas Relacionadas<\/p>\n\n\n\n<figure class=\"wp-block-image is-style-default\"><img decoding=\"async\" src=\"https:\/\/img.gruporeforma.com\/\/imagenes\/elementorelacionado\/11\/353\/10352524.jpg\" alt=\"\"\/><\/figure>\n\n\n\n<p><a href=\"https:\/\/www.mural.com.mx\/critican-jueces-traspaso-de-gn-a-sedena-protegen-a-ex-pfs\/ar2490070\">Critican jueces traspaso de GN a Sedena; protegen a ex PFs<\/a><\/p>\n\n\n\n<figure class=\"wp-block-image is-style-default\"><img decoding=\"async\" src=\"https:\/\/img.gruporeforma.com\/\/imagenes\/elementorelacionado\/11\/322\/10321974.jpg\" alt=\"\"\/><\/figure>\n\n\n\n<p><a href=\"https:\/\/www.mural.com.mx\/frena-jueza-el-pase-de-la-guardia-nacional-a-sedena\/ar2486307?v=5\">Frena jueza el pase de la Guardia Nacional a Sedena<\/a><\/p>\n\n\n\n<figure class=\"wp-block-image is-style-default\"><img decoding=\"async\" src=\"https:\/\/img.gruporeforma.com\/\/imagenes\/elementorelacionado\/11\/340\/10339995.jpg\" alt=\"\"\/><\/figure>\n\n\n\n<p><a href=\"https:\/\/www.mural.com.mx\/es-oaxaca-el-primer-estado-en-aprobar-militarizacion\/ar2486223?v=3\">Es Oaxaca el primer estado en aprobar militarizaci\u00f3n<\/a><\/p>\n\n\n\n<figure class=\"wp-block-image is-style-default\"><img decoding=\"async\" src=\"https:\/\/img.gruporeforma.com\/\/imagenes\/elementorelacionado\/11\/338\/10337984.jpg\" alt=\"\"\/><\/figure>\n\n\n\n<h2 class=\"wp-block-heading\">Seg\u00fan el Ej\u00e9rcito&#8230;<\/h2>\n\n\n\n<p>De acuerdo con el Ej\u00e9rcito, la din\u00e1mica delictiva de esas organizaciones criminales se focaliza en el tr\u00e1fico de droga, migrantes, extorsi\u00f3n, mercado il\u00edcito de combustible y cooptaci\u00f3n de autoridades estatales y municipales.<\/p>\n\n\n\n<p>En las revelaciones extra\u00eddas de los documentos de la Sedena por el grupo de hackers Guacamaya, se indic\u00f3 que el sureste est\u00e1 colmado por al menos seis c\u00e1rteles que azotan esa regi\u00f3n.<\/p>\n\n\n\n<p>\u00abSe identifica la mayor influencia de dos principales organizaciones criminales: C\u00e1rtel del Pac\u00edfico, C\u00e1rtel Jalisco Nueva Generaci\u00f3n y la participaci\u00f3n de grupos de menor relevancia, como dos escisiones de Los Zetas y el C\u00e1rtel del Noreste\u00bb, se\u00f1ala un documento que forma parte de los archivos de la Sedena.<\/p>\n\n\n\n<p>En Veracruz, por ejemplo, los elementos de la Guardia son involucrados con bandas dedicadas al trasiego de drogas y migrantes, alert\u00f3 el Centro Regional de Fusi\u00f3n de Inteligencia.<\/p>\n\n\n\n<p>En otro reporte denominado \u00abCaso Veracruz\u00bb, el CERFI ubic\u00f3 a un grupo delictivo encabezado por Efr\u00e9n Mart\u00ednez G\u00f3mez, \u00abEl Fantasma\u00bb, a quien le adjudican coordinar las actividades delictivas para el C\u00e1rtel de Jalisco Nueva Generaci\u00f3n (CJNG) en los municipios de Cosoleacaque, Jaltipan, Zaragoza, Acayucan y Las Choapas.<\/p>\n\n\n\n<p>El CERFI tambi\u00e9n lo vincula con el trasiego de drogas, tr\u00e1fico de migrantes, pago de cuotas a las autoridades de los tres \u00f3rdenes de Gobierno y el manejo de recursos de procedencia il\u00edcita.<\/p>\n\n\n\n<p>La Defensa Nacional implica tambi\u00e9n a autoridades locales en colaboraci\u00f3n con estos grupos criminales.<\/p>\n\n\n\n<p>Dentro de estos expedientes se revel\u00f3 que el sureste de M\u00e9xico es azotado por las pugnas de grupos criminales por el trasiego de drogas (principalmente coca\u00edna), robo de hidrocarburos, secuestro, extorsi\u00f3n, robo a transporte de carga, de combustible y veh\u00edculos, soborno de autoridades y narcomenudeo, as\u00ed como el tr\u00e1fico de indocumentados, reconoce la Sedena.<\/p>\n\n\n\n<p>En diversos oficios denominados \u00abactividades delictivas\u00bb, la dependencia identific\u00f3 a los grupos que operan en estados como Veracruz, Campeche, Yucat\u00e1n, Quintana Roo, Chiapas y Oaxaca.<\/p>\n\n\n\n<p>La Sedena destaca en cada una de esas entidades la presencia principal del C\u00e1rtel Jalisco Nueva Generaci\u00f3n (CJNG) y el C\u00e1rtel de Sinaloa, y en menor medida otras organizaciones, como el C\u00e1rtel del Golfo, Los Zetas, Los Pelones y c\u00e9lulas de Rafael Caro Quintero, en el caso de Oaxaca.<\/p>\n\n\n\n<p>Los informes confidenciales forman parte de los correos electr\u00f3nicos que obtuvo el grupo de hackers y est\u00e1n fechados en agosto pasado.<\/p>\n\n\n\n<figure class=\"wp-block-image size-full is-style-default\"><img decoding=\"async\" width=\"960\" height=\"640\" src=\"https:\/\/losperiodistas.com.mx\/portal\/wp-content\/uploads\/2022\/10\/5359439.jpeg\" alt=\"\" class=\"wp-image-39713\" srcset=\"https:\/\/losperiodistas.com.mx\/portal\/wp-content\/uploads\/2022\/10\/5359439.jpeg 960w, https:\/\/losperiodistas.com.mx\/portal\/wp-content\/uploads\/2022\/10\/5359439-300x200.jpeg 300w, https:\/\/losperiodistas.com.mx\/portal\/wp-content\/uploads\/2022\/10\/5359439-768x512.jpeg 768w\" sizes=\"(max-width: 960px) 100vw, 960px\" \/><figcaption>Foto Reforma<\/figcaption><\/figure>\n\n\n\n<p>En los \u00faltimos d\u00edas, el Ej\u00e9rcito ha sido exhibido en cuanto a operativos en contra del crimen organizado, un tema que incluye a \u00abblancos\u00bb que califica como generadores de violencia.<\/p>\n\n\n\n<p>No obstante, respecto a qui\u00e9nes trafican drogas sint\u00e9ticas a&nbsp;<strong>Estados Unidos<\/strong>&nbsp;y que son integrantes de los C\u00e1rteles de Jalisco y&nbsp;<strong>Sinaloa<\/strong>, no ha dado cuenta.<\/p>\n\n\n\n<p>Lo anterior, se destaca en medio de la pol\u00e9mica entre el Secretario de Gobernaci\u00f3n, Ad\u00e1n Augusto L\u00f3pez, y algunos Gobernadores para impulsar que las&nbsp;<strong>Fuerzas Armadas<\/strong>&nbsp;sean parte de la Sedena hasta 2028.<\/p>\n\n\n\n<p>Fuente: https:\/\/www.mural.com.mx\/tiene-guardia-nacional-nexo-con-bandas-de-huachicol-y-droga\/ar2491311<\/p>\n","protected":false},"excerpt":{"rendered":"<p>BENITO JIM\u00c9NEZ \/ MURAL Avala San L\u00e1zaro militarizaci\u00f3n; pasa a Congresos localesLa Guardia Nacional (GN) fue involucrada con dos bandas [&hellip;]<\/p>\n","protected":false},"author":1,"featured_media":39712,"comment_status":"open","ping_status":"open","sticky":false,"template":"","format":"standard","meta":{"site-sidebar-layout":"default","site-content-layout":"","ast-site-content-layout":"default","site-content-style":"default","site-sidebar-style":"default","ast-global-header-display":"","ast-banner-title-visibility":"","ast-main-header-display":"","ast-hfb-above-header-display":"","ast-hfb-below-header-display":"","ast-hfb-mobile-header-display":"","site-post-title":"","ast-breadcrumbs-content":"","ast-featured-img":"","footer-sml-layout":"","theme-transparent-header-meta":"","adv-header-id-meta":"","stick-header-meta":"","header-above-stick-meta":"","header-main-stick-meta":"","header-below-stick-meta":"","astra-migrate-meta-layouts":"default","ast-page-background-enabled":"default","ast-page-background-meta":{"desktop":{"background-color":"var(--ast-global-color-4)","background-image":"","background-repeat":"repeat","background-position":"center center","background-size":"auto","background-attachment":"scroll","background-type":"","background-media":"","overlay-type":"","overlay-color":"","overlay-opacity":"","overlay-gradient":""},"tablet":{"background-color":"","background-image":"","background-repeat":"repeat","background-position":"center center","background-size":"auto","background-attachment":"scroll","background-type":"","background-media":"","overlay-type":"","overlay-color":"","overlay-opacity":"","overlay-gradient":""},"mobile":{"background-color":"","background-image":"","background-repeat":"repeat","background-position":"center center","background-size":"auto","background-attachment":"scroll","background-type":"","background-media":"","overlay-type":"","overlay-color":"","overlay-opacity":"","overlay-gradient":""}},"ast-content-background-meta":{"desktop":{"background-color":"var(--ast-global-color-5)","background-image":"","background-repeat":"repeat","background-position":"center center","background-size":"auto","background-attachment":"scroll","background-type":"","background-media":"","overlay-type":"","overlay-color":"","overlay-opacity":"","overlay-gradient":""},"tablet":{"background-color":"var(--ast-global-color-5)","background-image":"","background-repeat":"repeat","background-position":"center center","background-size":"auto","background-attachment":"scroll","background-type":"","background-media":"","overlay-type":"","overlay-color":"","overlay-opacity":"","overlay-gradient":""},"mobile":{"background-color":"var(--ast-global-color-5)","background-image":"","background-repeat":"repeat","background-position":"center center","background-size":"auto","background-attachment":"scroll","background-type":"","background-media":"","overlay-type":"","overlay-color":"","overlay-opacity":"","overlay-gradient":""}},"footnotes":""},"categories":[8],"tags":[13367,12910,13368,3828,4989,4027],"class_list":["post-39683","post","type-post","status-publish","format-standard","has-post-thumbnail","hentry","category-noticias","tag-ceerfi","tag-guacamayaleaks","tag-huaquicol-puebla","tag-migrantes","tag-tabasco","tag-veracruz"],"_links":{"self":[{"href":"https:\/\/losperiodistas.com.mx\/portal\/wp-json\/wp\/v2\/posts\/39683","targetHints":{"allow":["GET"]}}],"collection":[{"href":"https:\/\/losperiodistas.com.mx\/portal\/wp-json\/wp\/v2\/posts"}],"about":[{"href":"https:\/\/losperiodistas.com.mx\/portal\/wp-json\/wp\/v2\/types\/post"}],"author":[{"embeddable":true,"href":"https:\/\/losperiodistas.com.mx\/portal\/wp-json\/wp\/v2\/users\/1"}],"replies":[{"embeddable":true,"href":"https:\/\/losperiodistas.com.mx\/portal\/wp-json\/wp\/v2\/comments?post=39683"}],"version-history":[{"count":2,"href":"https:\/\/losperiodistas.com.mx\/portal\/wp-json\/wp\/v2\/posts\/39683\/revisions"}],"predecessor-version":[{"id":39715,"href":"https:\/\/losperiodistas.com.mx\/portal\/wp-json\/wp\/v2\/posts\/39683\/revisions\/39715"}],"wp:featuredmedia":[{"embeddable":true,"href":"https:\/\/losperiodistas.com.mx\/portal\/wp-json\/wp\/v2\/media\/39712"}],"wp:attachment":[{"href":"https:\/\/losperiodistas.com.mx\/portal\/wp-json\/wp\/v2\/media?parent=39683"}],"wp:term":[{"taxonomy":"category","embeddable":true,"href":"https:\/\/losperiodistas.com.mx\/portal\/wp-json\/wp\/v2\/categories?post=39683"},{"taxonomy":"post_tag","embeddable":true,"href":"https:\/\/losperiodistas.com.mx\/portal\/wp-json\/wp\/v2\/tags?post=39683"}],"curies":[{"name":"wp","href":"https:\/\/api.w.org\/{rel}","templated":true}]}}