{"id":3956,"date":"2021-01-29T07:36:39","date_gmt":"2021-01-29T13:36:39","guid":{"rendered":"http:\/\/losperiodistas.com.mx\/portal\/?p=3956"},"modified":"2021-01-29T07:36:39","modified_gmt":"2021-01-29T13:36:39","slug":"brigitte-bardot-el-coronavirus-es-bueno-regula-la-superpoblacion-la-razon","status":"publish","type":"post","link":"https:\/\/losperiodistas.com.mx\/portal\/brigitte-bardot-el-coronavirus-es-bueno-regula-la-superpoblacion-la-razon\/","title":{"rendered":"Brigitte Bardot: \u201cEl coronavirus es bueno, regula la superpoblaci\u00f3n\u201d | La Raz\u00f3n"},"content":{"rendered":"\n<p style=\"font-size:18px\"><em>La actriz ha vuelto a realizar una serie de declaraciones incendiarias, defendiendo el gobierno autoritario y asegurando que no \u201cme importa que me condenen de nuevo\u201d<\/em><\/p>\n\n\n\n<p class=\"has-vivid-cyan-blue-color has-text-color has-medium-font-size\">CONCHA GARC\u00cdA \/ LA RAZ\u00d3N<\/p>\n\n\n\n<p>\u201c\u00bfMe preguntas si este virus es algo bueno? S\u00ed, lo es. Es una especie de autorregulaci\u00f3n de una superpoblaci\u00f3n que no podemos controlar\u201d. Esas palabras se las dedic\u00f3 el mi\u00e9rcoles la actriz y cantante francesa Brigitte Bardot\u00a0<a rel=\"noreferrer noopener\" href=\"https:\/\/www.oggi.it\/people\/vip-e-star\/2021\/01\/27\/brigitte-bardot-choc-sulla-terra-siamo-troppi-il-covid-ristabilisce-lordine-della-natura-esclusivo\/\" target=\"_blank\">a la revista italiana \u201cOggi\u201d<\/a>. La que fuera un icono del cine en los a\u00f1os 50 y 60,<strong>\u00a0realiz\u00f3 una serie de declaraciones que incendiaron las redes sociales.<\/strong><\/p>\n\n\n\n<p>Se\u00f1al\u00f3 que el coronavirus es \u201cbueno\u201d porque \u201cautorregula\u201d los excesos de poblaci\u00f3n. \u201cMe temo que la Covid-19 y las otras epidemias que se est\u00e1n conociendo restaurar\u00e1n dolorosamente un nuevo orden. Cuando esos 5.000 millones de personas en esta tierra se hayan ido, l<strong>a naturaleza recuperar\u00e1 sus derechos<\/strong>\u201d, se\u00f1al\u00f3.<\/p>\n\n\n\n<p>Asimismo, aseguraba desde su mansi\u00f3n de Saint Tropez (Francia), donde vive rodeada de animales, que<strong>&nbsp;\u201cno necesito protegerme, no veo a nadie. No ser\u00e1n las cabras quienes me contagien\u201d.<\/strong><\/p>\n\n\n\n<figure class=\"wp-block-image\"><img decoding=\"async\" src=\"https:\/\/www.larazon.es\/resizer\/c31OeC0R3jUulAZT_8lDeCYAttU=\/840x0\/smart\/filters:format(jpg)\/cloudfront-eu-central-1.images.arcpublishing.com\/larazon\/BJEW4NMUVRB3TJHA7Z7YX6KFGQ.jpg\" alt=\"Brigitte Bardot\"\/><figcaption>Brigitte BardotGTRES ONLINEGTRES<\/figcaption><\/figure>\n\n\n\n<p>Y tampoco dud\u00f3 a la hora de posicionarse en la pol\u00edtica: \u201cEstoy a favor de un gobierno autoritario, capaz de poner orden en el l\u00edo en que vivimos. Cuando pienso que el gobierno franc\u00e9s deja al margen a ciudadanos pobres que trabajan duro y reciben menos ayudas que todos estos inmigrantes que nos atacan,&nbsp;<strong>me horroriza\u201d<\/strong>, sentenci\u00f3.<\/p>\n\n\n\n<p>De esta manera, no es la primera vez que Bardot desata la pol\u00e9mica con sus declaraciones. Ya lo hizo incitando al odio racial y, de hecho, fue acusada por insultar a los musulmanes: \u201cNo me importa que me vuelvan a condenar.\u00a0<strong>Me costar\u00e1 dinero y no me importa<\/strong>. Y si no tengo el dinero para pagarlo, ir\u00e9 a la c\u00e1rcel. Ser\u00eda divertido\u201d, brome\u00f3 a la publicaci\u00f3n.<\/p>\n\n\n\n<p>La actriz, de 86 a\u00f1os,<a rel=\"noreferrer noopener\" href=\"https:\/\/www.larazon.es\/cultura\/20200928\/l32h7wgkqrgppe4kjw3kvtih4a.html\" target=\"_blank\">\u00a0arras\u00f3 en el cine<\/a>\u00a0de su \u00e9poca con cintas como \u201cY Dios cre\u00f3 a la mujer\u201d (1956), \u201cEn caso de desgracia\u201d (1958), \u201cVida privada\u201d (1962), o \u201cLa verdad\u201d (1960).<\/p>\n\n\n\n<p>Fuente: https:\/\/www.larazon.es\/cultura\/20210129\/gj2pql2arfa6zkrf3eks3obgou.html<\/p>\n","protected":false},"excerpt":{"rendered":"<p>La actriz ha vuelto a realizar una serie de declaraciones incendiarias, defendiendo el gobierno autoritario y asegurando que no \u201cme [&hellip;]<\/p>\n","protected":false},"author":1,"featured_media":3957,"comment_status":"open","ping_status":"open","sticky":false,"template":"","format":"standard","meta":{"site-sidebar-layout":"default","site-content-layout":"","ast-site-content-layout":"default","site-content-style":"default","site-sidebar-style":"default","ast-global-header-display":"","ast-banner-title-visibility":"","ast-main-header-display":"","ast-hfb-above-header-display":"","ast-hfb-below-header-display":"","ast-hfb-mobile-header-display":"","site-post-title":"","ast-breadcrumbs-content":"","ast-featured-img":"","footer-sml-layout":"","theme-transparent-header-meta":"","adv-header-id-meta":"","stick-header-meta":"","header-above-stick-meta":"","header-main-stick-meta":"","header-below-stick-meta":"","astra-migrate-meta-layouts":"default","ast-page-background-enabled":"default","ast-page-background-meta":{"desktop":{"background-color":"var(--ast-global-color-4)","background-image":"","background-repeat":"repeat","background-position":"center center","background-size":"auto","background-attachment":"scroll","background-type":"","background-media":"","overlay-type":"","overlay-color":"","overlay-opacity":"","overlay-gradient":""},"tablet":{"background-color":"","background-image":"","background-repeat":"repeat","background-position":"center center","background-size":"auto","background-attachment":"scroll","background-type":"","background-media":"","overlay-type":"","overlay-color":"","overlay-opacity":"","overlay-gradient":""},"mobile":{"background-color":"","background-image":"","background-repeat":"repeat","background-position":"center center","background-size":"auto","background-attachment":"scroll","background-type":"","background-media":"","overlay-type":"","overlay-color":"","overlay-opacity":"","overlay-gradient":""}},"ast-content-background-meta":{"desktop":{"background-color":"var(--ast-global-color-5)","background-image":"","background-repeat":"repeat","background-position":"center center","background-size":"auto","background-attachment":"scroll","background-type":"","background-media":"","overlay-type":"","overlay-color":"","overlay-opacity":"","overlay-gradient":""},"tablet":{"background-color":"var(--ast-global-color-5)","background-image":"","background-repeat":"repeat","background-position":"center center","background-size":"auto","background-attachment":"scroll","background-type":"","background-media":"","overlay-type":"","overlay-color":"","overlay-opacity":"","overlay-gradient":""},"mobile":{"background-color":"var(--ast-global-color-5)","background-image":"","background-repeat":"repeat","background-position":"center center","background-size":"auto","background-attachment":"scroll","background-type":"","background-media":"","overlay-type":"","overlay-color":"","overlay-opacity":"","overlay-gradient":""}},"footnotes":""},"categories":[8],"tags":[],"class_list":["post-3956","post","type-post","status-publish","format-standard","has-post-thumbnail","hentry","category-noticias"],"_links":{"self":[{"href":"https:\/\/losperiodistas.com.mx\/portal\/wp-json\/wp\/v2\/posts\/3956","targetHints":{"allow":["GET"]}}],"collection":[{"href":"https:\/\/losperiodistas.com.mx\/portal\/wp-json\/wp\/v2\/posts"}],"about":[{"href":"https:\/\/losperiodistas.com.mx\/portal\/wp-json\/wp\/v2\/types\/post"}],"author":[{"embeddable":true,"href":"https:\/\/losperiodistas.com.mx\/portal\/wp-json\/wp\/v2\/users\/1"}],"replies":[{"embeddable":true,"href":"https:\/\/losperiodistas.com.mx\/portal\/wp-json\/wp\/v2\/comments?post=3956"}],"version-history":[{"count":1,"href":"https:\/\/losperiodistas.com.mx\/portal\/wp-json\/wp\/v2\/posts\/3956\/revisions"}],"predecessor-version":[{"id":3958,"href":"https:\/\/losperiodistas.com.mx\/portal\/wp-json\/wp\/v2\/posts\/3956\/revisions\/3958"}],"wp:featuredmedia":[{"embeddable":true,"href":"https:\/\/losperiodistas.com.mx\/portal\/wp-json\/wp\/v2\/media\/3957"}],"wp:attachment":[{"href":"https:\/\/losperiodistas.com.mx\/portal\/wp-json\/wp\/v2\/media?parent=3956"}],"wp:term":[{"taxonomy":"category","embeddable":true,"href":"https:\/\/losperiodistas.com.mx\/portal\/wp-json\/wp\/v2\/categories?post=3956"},{"taxonomy":"post_tag","embeddable":true,"href":"https:\/\/losperiodistas.com.mx\/portal\/wp-json\/wp\/v2\/tags?post=3956"}],"curies":[{"name":"wp","href":"https:\/\/api.w.org\/{rel}","templated":true}]}}