{"id":3950,"date":"2021-01-29T07:08:48","date_gmt":"2021-01-29T13:08:48","guid":{"rendered":"http:\/\/losperiodistas.com.mx\/portal\/?p=3950"},"modified":"2021-01-29T07:08:48","modified_gmt":"2021-01-29T13:08:48","slug":"alemania-paladin-del-rigor-fiscal-llama-a-suspender-el-limite-de-deuda-ante-la-crisis-clarin","status":"publish","type":"post","link":"https:\/\/losperiodistas.com.mx\/portal\/alemania-paladin-del-rigor-fiscal-llama-a-suspender-el-limite-de-deuda-ante-la-crisis-clarin\/","title":{"rendered":"Alemania, palad\u00edn del rigor fiscal, llama a suspender el l\u00edmite de deuda ante la crisis | Clar\u00edn"},"content":{"rendered":"\n<p style=\"font-size:18px\"><em>Lo plante\u00f3 el jefe de la Canciller\u00eda y lo aval\u00f3 el ministro de Finanzas. Sostienen que lo prioritario es sostener la econom\u00eda por el Covid.<\/em><\/p>\n\n\n\n<p class=\"has-vivid-cyan-blue-color has-text-color has-medium-font-size\">IDAFE MART\u00cdN \/ CLARIN<\/p>\n\n\n\n<p>Hasta la&nbsp;<a href=\"https:\/\/www.clarin.com\/tema\/pandemia.html\" target=\"_blank\" rel=\"noreferrer noopener\">pandemia<\/a>, y durante a\u00f1os,&nbsp;<a href=\"https:\/\/www.clarin.com\/tema\/alemania.html\" target=\"_blank\" rel=\"noreferrer noopener\">Alemania<\/a>&nbsp;era el pa\u00eds de la&nbsp;<a href=\"https:\/\/www.clarin.com\/tema\/union-europea.html\" target=\"_blank\" rel=\"noreferrer noopener\">Uni\u00f3n Europea<\/a>&nbsp;(UE) m\u00e1s reacio a aflojar las cuentas fiscales. Junto a otros Estados del norte europeo,&nbsp;<strong>reprochaban a los del sur mediterr\u00e1neo ser descuidados con el rigor presupuestario<\/strong>, dispendiosos y poco ahorrativos.<\/p>\n\n\n\n<p>Pero el&nbsp;<a href=\"https:\/\/www.clarin.com\/tema\/coronavirus.html\" target=\"_blank\" rel=\"noreferrer noopener\">coronavirus<\/a>&nbsp;est\u00e1 arrasando con m\u00e1s de un dogma y ahora&nbsp;<a href=\"https:\/\/www.clarin.com\/tema\/berlin.html\" target=\"_blank\" rel=\"noreferrer noopener\">Berl\u00edn<\/a>&nbsp;advierte que hay que poner un freno a los l\u00edmites del endeudamiento si se quiere sostener la econom\u00eda y el tejido social que la nutre.<\/p>\n\n\n\n<p>El anuncio lleg\u00f3 sin anestesia por parte del jefe de la Canciller\u00eda, Helge Braun, quien anticip\u00f3 que su pa\u00eds -la locomotora de la UE- quiere suspender permanentemente la norma del freno de la deuda&nbsp;<strong>para favorecer la recuperaci\u00f3n tras la pandemia.<\/strong><\/p>\n\n\n\n<figure class=\"wp-block-image\"><img decoding=\"async\" src=\"https:\/\/images.clarin.com\/2021\/01\/28\/la-crisis-provocada-por-el___eSHdhgaIo_720x0__1.jpg\" alt=\"La crisis provocada por el coronavirus llev\u00f3 a Alemania a modificar su planteo econ\u00f3mico. (DPA)\"\/><\/figure>\n\n\n\n<p>La crisis provocada por el coronavirus llev\u00f3 a Alemania a modificar su planteo econ\u00f3mico. (DPA)<\/p>\n\n\n\n<p>\u201cEl freno de la deuda no se cumplir\u00e1 en los pr\u00f3ximos a\u00f1os, incluso con una disciplina de gasto por lo dem\u00e1s estricta\u201d, dijo Braun, uno de los principales colaboradores de la canciller&nbsp;<a href=\"https:\/\/www.clarin.com\/tema\/angela-merkel.html\" target=\"_blank\" rel=\"noreferrer noopener\">Angela Merkel<\/a>, en un art\u00edculo publicado en el diario econ\u00f3mico Handelsblatt, el principal de Alemania.<\/p>\n\n\n\n<p>La renuncia duradera a este mecanismo es una \u201cdecisi\u00f3n estrat\u00e9gica para la recuperaci\u00f3n econ\u00f3mica\u201d y proporciona<strong>&nbsp;un \u201cmarco fiable para las inversiones\u201d<\/strong>, agreg\u00f3.<\/p>\n\n\n\n<p>La regla del freno de la deuda, inscrita en la Constituci\u00f3n alemana desde 2009, proh\u00edbe al gobierno federal endeudarse por encima del 0,35% de su PBI. Sin embargo, en circunstancias excepcionales, el gobierno puede solicitar al Congreso permiso para superar este umbral.<\/p>\n\n\n\n<p>Es lo que ocurri\u00f3 en junio, cuando el pa\u00eds lanz\u00f3&nbsp;<strong>un paquete de ayudas de 130.000 millones de euros para futuras inversiones&nbsp;<\/strong>y para impulsar el consumo, salt\u00e1ndose la norma del freno de la deuda tras a\u00f1os de estricta disciplina presupuestaria.<\/p>\n\n\n\n<p>Pero Braun no fue el \u00fanico en postular el tema, lo que subraya la idea de una estrategia compartida en un pa\u00eds que se opuso siempre a esa heterodoxia. Tambi\u00e9n el ministro de Finanzas, Olaf Scholz, se mostr\u00f3 ayer abierto a la idea al comentar el \u201cinteresante art\u00edculo\u201d publicado por su colega.<\/p>\n\n\n\n<p>Scholz indic\u00f3: \u201cAparte de muchas ventajas, esta propuesta implica un gran trabajo legislativo, para el que es necesario un amplio consenso entre partidos\u201d.<\/p>\n\n\n\n<p>\u201cPara lograr<strong>&nbsp;una r\u00e1pida recuperaci\u00f3n y un marco fiable para las inversiones<\/strong>, tiene sentido estabilizar las contribuciones a la seguridad social hasta finales de 2023 y tambi\u00e9n prescindir de subidas de impuestos\u201d, escribi\u00f3 Braun en el Handelsblatt, quien aclar\u00f3 que la modificaci\u00f3n de la ley debe indicar una fecha clara para volver a cumplir con la regla de la deuda.<\/p>\n\n\n\n<p>La decisi\u00f3n de Berl\u00edn siempre sienta precedente. La \u00faltima vez fue en junio del a\u00f1o pasado cuando Alemania, en alianza con&nbsp;<a href=\"https:\/\/www.clarin.com\/tema\/francia.html\" target=\"_blank\" rel=\"noreferrer noopener\">Francia<\/a>&nbsp;y tras los reclamos insistentes de&nbsp;<a href=\"https:\/\/www.clarin.com\/tema\/italia.html\" target=\"_blank\" rel=\"noreferrer noopener\">Italia<\/a>&nbsp;(las tres mayores econom\u00edas industriales del bloque), presion\u00f3 para que&nbsp;<a href=\"https:\/\/www.clarin.com\/tema\/bruselas.html\" target=\"_blank\" rel=\"noreferrer noopener\">Bruselas<\/a>&nbsp;aprobara un plan de ayuda por 2,94 billones de euros, lo que implica una virtual mutualizaci\u00f3n de las deudas a lo que siempre se negaron los del norte europeo.<\/p>\n\n\n\n<p>\u00bfC\u00f3mo se paga? Por un lado, el&nbsp;<a href=\"https:\/\/www.clarin.com\/tema\/banco-central-europeo.html\" target=\"_blank\" rel=\"noreferrer noopener\">Banco Central Europeo<\/a>&nbsp;tiene la prerrogativa de crear dinero para comprar bonos (de deuda p\u00fablica pero tambi\u00e9n de empresas que cotizan en Bolsa). Por el otro, se monetiza una parte (hasta un tercio) y el resto se devuelve pero con tasas muy bajas.<\/p>\n\n\n\n<p>Distribuidos pa\u00eds por pa\u00eds, esos pr\u00e9stamos (no reembolsables en su gran parte) permitir\u00e1n sostener las econom\u00edas golpeadas como nunca por el Covid. Italia, por ejemplo, tiene a su disposici\u00f3n 310.000 millones de euros entre pr\u00e9stamos y subsidios.<\/p>\n\n\n\n<p><strong>Esta es la forma en que los pa\u00edses con m\u00e1s espalda afrontan la crisis<\/strong>. Al inicio del gobierno de&nbsp;<a href=\"https:\/\/www.clarin.com\/tema\/joe-biden.html\" target=\"_blank\" rel=\"noreferrer noopener\">Joe Biden<\/a>,&nbsp;<a href=\"https:\/\/www.clarin.com\/tema\/eeuu.html\" target=\"_blank\" rel=\"noreferrer noopener\">EE.UU<\/a>. aprob\u00f3 un programa de est\u00edmulos por US$1,9 billones.<\/p>\n\n\n\n<p>Todo ocurre cuando el FMI viene de informar que la deuda p\u00fablica global respecto al PIB se ubic\u00f3 en el 98 % a fin de 2020, en niveles no vistos desde la Segunda Guerra. En 2019 era del 84%.<\/p>\n\n\n\n<p>\u201c<strong>Creo que es oportuno reconocer que las circunstancias han cambiado<\/strong>\u00a0de modo que justifica repensar las reglas y los marcos fiscales\u201d, subray\u00f3 Vitor Gaspar, director del Departamento de Asuntos Fiscales, al presentar el reporte. La idea es que, si la pandemia no se controla, los riesgos para la econom\u00eda y la sostenibilidad fiscal ser\u00e1n a\u00fan mayores.<\/p>\n\n\n\n<p>Fuente: https:\/\/www.clarin.com\/mundo\/alemania-paladin-rigor-fiscal-llama-suspender-limite-deuda-crisis_0_j0NS43P2z.html<\/p>\n","protected":false},"excerpt":{"rendered":"<p>Lo plante\u00f3 el jefe de la Canciller\u00eda y lo aval\u00f3 el ministro de Finanzas. Sostienen que lo prioritario es sostener [&hellip;]<\/p>\n","protected":false},"author":1,"featured_media":3951,"comment_status":"open","ping_status":"open","sticky":false,"template":"","format":"standard","meta":{"site-sidebar-layout":"default","site-content-layout":"","ast-site-content-layout":"default","site-content-style":"default","site-sidebar-style":"default","ast-global-header-display":"","ast-banner-title-visibility":"","ast-main-header-display":"","ast-hfb-above-header-display":"","ast-hfb-below-header-display":"","ast-hfb-mobile-header-display":"","site-post-title":"","ast-breadcrumbs-content":"","ast-featured-img":"","footer-sml-layout":"","theme-transparent-header-meta":"","adv-header-id-meta":"","stick-header-meta":"","header-above-stick-meta":"","header-main-stick-meta":"","header-below-stick-meta":"","astra-migrate-meta-layouts":"default","ast-page-background-enabled":"default","ast-page-background-meta":{"desktop":{"background-color":"var(--ast-global-color-4)","background-image":"","background-repeat":"repeat","background-position":"center center","background-size":"auto","background-attachment":"scroll","background-type":"","background-media":"","overlay-type":"","overlay-color":"","overlay-opacity":"","overlay-gradient":""},"tablet":{"background-color":"","background-image":"","background-repeat":"repeat","background-position":"center center","background-size":"auto","background-attachment":"scroll","background-type":"","background-media":"","overlay-type":"","overlay-color":"","overlay-opacity":"","overlay-gradient":""},"mobile":{"background-color":"","background-image":"","background-repeat":"repeat","background-position":"center center","background-size":"auto","background-attachment":"scroll","background-type":"","background-media":"","overlay-type":"","overlay-color":"","overlay-opacity":"","overlay-gradient":""}},"ast-content-background-meta":{"desktop":{"background-color":"var(--ast-global-color-5)","background-image":"","background-repeat":"repeat","background-position":"center center","background-size":"auto","background-attachment":"scroll","background-type":"","background-media":"","overlay-type":"","overlay-color":"","overlay-opacity":"","overlay-gradient":""},"tablet":{"background-color":"var(--ast-global-color-5)","background-image":"","background-repeat":"repeat","background-position":"center center","background-size":"auto","background-attachment":"scroll","background-type":"","background-media":"","overlay-type":"","overlay-color":"","overlay-opacity":"","overlay-gradient":""},"mobile":{"background-color":"var(--ast-global-color-5)","background-image":"","background-repeat":"repeat","background-position":"center center","background-size":"auto","background-attachment":"scroll","background-type":"","background-media":"","overlay-type":"","overlay-color":"","overlay-opacity":"","overlay-gradient":""}},"footnotes":""},"categories":[8],"tags":[],"class_list":["post-3950","post","type-post","status-publish","format-standard","has-post-thumbnail","hentry","category-noticias"],"_links":{"self":[{"href":"https:\/\/losperiodistas.com.mx\/portal\/wp-json\/wp\/v2\/posts\/3950","targetHints":{"allow":["GET"]}}],"collection":[{"href":"https:\/\/losperiodistas.com.mx\/portal\/wp-json\/wp\/v2\/posts"}],"about":[{"href":"https:\/\/losperiodistas.com.mx\/portal\/wp-json\/wp\/v2\/types\/post"}],"author":[{"embeddable":true,"href":"https:\/\/losperiodistas.com.mx\/portal\/wp-json\/wp\/v2\/users\/1"}],"replies":[{"embeddable":true,"href":"https:\/\/losperiodistas.com.mx\/portal\/wp-json\/wp\/v2\/comments?post=3950"}],"version-history":[{"count":1,"href":"https:\/\/losperiodistas.com.mx\/portal\/wp-json\/wp\/v2\/posts\/3950\/revisions"}],"predecessor-version":[{"id":3952,"href":"https:\/\/losperiodistas.com.mx\/portal\/wp-json\/wp\/v2\/posts\/3950\/revisions\/3952"}],"wp:featuredmedia":[{"embeddable":true,"href":"https:\/\/losperiodistas.com.mx\/portal\/wp-json\/wp\/v2\/media\/3951"}],"wp:attachment":[{"href":"https:\/\/losperiodistas.com.mx\/portal\/wp-json\/wp\/v2\/media?parent=3950"}],"wp:term":[{"taxonomy":"category","embeddable":true,"href":"https:\/\/losperiodistas.com.mx\/portal\/wp-json\/wp\/v2\/categories?post=3950"},{"taxonomy":"post_tag","embeddable":true,"href":"https:\/\/losperiodistas.com.mx\/portal\/wp-json\/wp\/v2\/tags?post=3950"}],"curies":[{"name":"wp","href":"https:\/\/api.w.org\/{rel}","templated":true}]}}