{"id":3947,"date":"2021-01-29T06:58:43","date_gmt":"2021-01-29T12:58:43","guid":{"rendered":"http:\/\/losperiodistas.com.mx\/portal\/?p=3947"},"modified":"2021-01-29T06:58:43","modified_gmt":"2021-01-29T12:58:43","slug":"detras-del-tropiezo-de-la-vacuna-covid-19-de-astrazeneca-wsj","status":"publish","type":"post","link":"https:\/\/losperiodistas.com.mx\/portal\/detras-del-tropiezo-de-la-vacuna-covid-19-de-astrazeneca-wsj\/","title":{"rendered":"Detr\u00e1s del tropiezo de la vacuna Covid-19 de AstraZeneca | WSJ"},"content":{"rendered":"\n<p style=\"font-size:18px\"><em>El CEO prometi\u00f3 m\u00e1s disparos, a un precio m\u00e1s bajo, que los competidores, pero ahora enfrenta cr\u00edticas de la UE por el d\u00e9ficit de producci\u00f3n.<\/em><\/p>\n\n\n\n<p class=\"has-vivid-cyan-blue-color has-text-color has-medium-font-size\">JENNY STRASBURG \/ Londres \/ LAURENCE NORMAN \/ Bruselas \/ THE WALL STREET JOURNAL<\/p>\n\n\n\n<p><a href=\"https:\/\/www.wsj.com\/market-data\/quotes\/AZN\">El<\/a>&nbsp;presidente ejecutivo de&nbsp;<a href=\"https:\/\/www.wsj.com\/market-data\/quotes\/AZN\">AstraZeneca<\/a>&nbsp;PLC, Pascal Soriot,&nbsp;<a href=\"https:\/\/www.wsj.com\/articles\/astrazeneca-gears-up-to-vaccinate-the-world-against-covid-19-11606225155?mod=article_inline\" target=\"_blank\" rel=\"noreferrer noopener\">prometi\u00f3 producir m\u00e1s vacunas Covid-19, a un precio m\u00e1s bajo,<\/a>&nbsp;que cualquiera de sus grandes competidores farmac\u00e9uticos.<\/p>\n\n\n\n<p>Ahora, un problema de producci\u00f3n en una sola f\u00e1brica en B\u00e9lgica ha retrasado decenas de millones de dosis destinadas a Europa, poniendo en peligro la ya lenta campa\u00f1a de inoculaci\u00f3n del continente y representando la mayor amenaza hasta ahora para la extraordinaria promesa del Dr. Soriot el a\u00f1o pasado de vacunar al mundo. y hacerlo sin \u00e1nimo de lucro.&nbsp;Despu\u00e9s de revelar el problema europeo, la farmac\u00e9utica ahora dice que ha estado solucionando problemas de producci\u00f3n similares en las \u00faltimas semanas en lugares tan lejanos como Estados Unidos y Australia.<\/p>\n\n\n\n<p>Los contratiempos, que se producen en v\u00edsperas de la decisi\u00f3n de los reguladores de recomendar el uso de la inyecci\u00f3n en Europa, sugieren que AstraZeneca se est\u00e1 quedando atr\u00e1s en la carrera armamentista de vacunas.&nbsp;La compa\u00f1\u00eda tiene relativamente poca experiencia en vacunas, un nicho complicado y t\u00edpicamente de bajo margen en la industria farmac\u00e9utica global.&nbsp;El proceso de fabricaci\u00f3n que utiliza la empresa, que se suma al virus del resfriado de un chimpanc\u00e9, puede ser m\u00e1s dif\u00edcil de escalar r\u00e1pidamente que el empleado por&nbsp;<a href=\"https:\/\/www.wsj.com\/market-data\/quotes\/PFE\">Pfizer&nbsp;<\/a>Inc.&nbsp;y&nbsp;<a href=\"https:\/\/www.wsj.com\/market-data\/quotes\/MRNA\">Moderna&nbsp;<\/a>Inc.,&nbsp;que utilizan una nueva tecnolog\u00eda gen\u00e9tica.<\/p>\n\n\n\n<p>La compa\u00f1\u00eda tambi\u00e9n ha demostrado ser una torpeza pol\u00edtica.&nbsp;Despu\u00e9s de enterarse de los fallos a principios de este mes, AstraZeneca despleg\u00f3 ingenieros para solucionar los problemas, pero no advirti\u00f3 a los funcionarios europeos, con la esperanza de que la compa\u00f1\u00eda pudiera solucionar los problemas para minimizar la abolladura en la producci\u00f3n, seg\u00fan una persona familiarizada con el asunto.&nbsp;La menor producci\u00f3n de la sustancia de la vacuna cruda se hab\u00eda detectado por primera vez en diciembre, pero empeor\u00f3 en enero, con el reloj corriendo.<\/p>\n\n\n\n<p>Cuando la producci\u00f3n no mejor\u00f3, las malas noticias de AstraZeneca golpearon como una bomba.&nbsp;Ahora est\u00e1 lidiando con una reacci\u00f3n pol\u00edtica justo cuando la pandemia parece estar entrando en una fase m\u00e1s peligrosa.<\/p>\n\n\n\n<p>\u201cLa producci\u00f3n de vacunas no es una de sus competencias centrales y nunca lo ha sido\u201d, dijo Andrew Berens, analista de acciones de SVB Leerink LLC.&nbsp;\u00abEstoy seguro de que no se dieron cuenta de lo intensivo en recursos que iba a ser, y estoy seguro de que no anticiparon que ser\u00eda perjudicial para ellos, su marca o la empresa\u00bb.<\/p>\n\n\n\n<p>Esta semana, funcionarios europeos enviaron inspectores a la f\u00e1brica belga, que es propiedad de un contratista de AstraZeneca.&nbsp;Algunos funcionarios en Bruselas han dicho que creen que AstraZeneca sac\u00f3 a hurtadillas dosis almacenadas de Europa a otros mercados.&nbsp;Picado por el d\u00e9ficit, la Uni\u00f3n Europea anunciar\u00e1 planes el viernes a la polic\u00eda y potencialmente prohibir\u00e1 las exportaciones de vacunas.&nbsp;El bloque est\u00e1 exigiendo que AstraZeneca, con sede en el Reino Unido, env\u00ede fotos desde Gran Breta\u00f1a, donde la producci\u00f3n est\u00e1 en pleno auge.<\/p>\n\n\n\n<figure class=\"wp-block-image\"><img decoding=\"async\" src=\"https:\/\/images.wsj.net\/im-291788?width=620&amp;size=1.5\" alt=\"\" title=\"Una vista a\u00e9rea de la planta belga donde ha ca\u00eddo la producci\u00f3n de la vacuna Oxford \/ AztraZeneca ...\"\/><figcaption>Una vista a\u00e9rea de la planta belga donde la producci\u00f3n de la vacuna Oxford \/ AztraZeneca no ha cumplido las expectativas.FOTO:&nbsp;ERIC LALMAND \/ BELGA \/ ZUMA PRESS<\/figcaption><\/figure>\n\n\n\n<p>\u00abDe la UE a AstraZeneca: \u00bfAd\u00f3nde fueron nuestras vacunas?\u00bb&nbsp;pregunt\u00f3 el semanario franc\u00e9s Le Point en un titular esta semana.<\/p>\n\n\n\n<p>Un portavoz de AstraZeneca dijo que \u00abtuvimos una conversaci\u00f3n constructiva y abierta sobre las complejidades de aumentar la producci\u00f3n de nuestra vacuna y los desaf\u00edos que hemos encontrado\u00bb.&nbsp;AstraZeneca se ha \u00abcomprometido a una coordinaci\u00f3n a\u00fan m\u00e1s estrecha para trazar conjuntamente un camino para la entrega de nuestra vacuna en los pr\u00f3ximos meses\u00bb, dijo.<\/p>\n\n\n\n<p>El Dr. Soriot en privado se ha irritado ante lo que \u00e9l ve como expectativas poco realistas de los cr\u00edticos, incluidos los funcionarios de la UE, que oscurecen los logros de la empresa, seg\u00fan personas familiarizadas con su reacci\u00f3n.&nbsp;Dicen que cree que los funcionarios de la UE quieren desviar la atenci\u00f3n de sus propios errores, incluido el pedido de la vacuna m\u00e1s tarde que el Reino Unido, y no aprecian los riesgos que AstraZeneca asumi\u00f3 al prometer un volumen tan grande de dosis.&nbsp;Se\u00f1ala el compromiso de AstraZeneca de ayudar a los pa\u00edses ricos y pobres por igual.<\/p>\n\n\n\n<p>AstraZeneca dice que no ha enviado vacunas o materias primas destinadas al mercado de la UE en otros lugares.&nbsp;La compa\u00f1\u00eda ha utilizado una planta alemana para envasar vacunas a granel fabricadas en el Reino Unido en viales y enviarlas de regreso al Reino Unido, dijeron personas familiarizadas con el acuerdo.&nbsp;Ese paso de \u00abllenado y acabado\u00bb no es la fuente de cuellos de botella, dijeron.<\/p>\n\n\n\n<p>Los funcionarios europeos hab\u00edan apostado por la vacuna AstraZeneca porque es menos costosa y m\u00e1s f\u00e1cil de almacenar y transportar que una de Pfizer y la alemana&nbsp;<a href=\"https:\/\/www.wsj.com\/market-data\/quotes\/BNTX\">BioNTech SE&nbsp;<\/a>,&nbsp;y otra de Moderna, las cuales ya est\u00e1n en uso en Europa.<\/p>\n\n\n\n<p>Los estados miembros de la UE estaban ansiosos por asegurar los suministros de la multinacional con sede en Europa, que se uni\u00f3 el a\u00f1o pasado a la Universidad de Oxford para hacer y distribuir una foto prometedora desarrollada por cient\u00edficos all\u00ed.<\/p>\n\n\n\n<p>\u201cConoc\u00edan Oxford\u201d, dijo una persona familiarizada con las deliberaciones europeas.&nbsp;\u00abConoc\u00edan AstraZeneca\u00bb<\/p>\n\n\n\n<figure class=\"wp-block-image\"><img decoding=\"async\" src=\"https:\/\/images.wsj.net\/im-291789?width=620&amp;size=1.5\" alt=\"\" title=\"El primer ministro brit\u00e1nico Boris Johnson lleva dosis de la vacuna Oxford \/ AstraZeneca en el norte de Londres el ...\"\/><figcaption>El primer ministro brit\u00e1nico, Boris Johnson, lleva dosis de la vacuna Oxford \/ AstraZeneca en el norte de Londres el 25 de enero.FOTO:&nbsp;STEFAN ROUSSEAU \/ PRESS POOL<\/figcaption><\/figure>\n\n\n\n<p>El viernes pasado, AstraZeneca dijo a los funcionarios europeos que&nbsp;<a href=\"https:\/\/www.wsj.com\/articles\/astrazenecas-covid-19-vaccine-shortfall-threatens-eu-plans-to-boost-inoculations-11611423256?mod=article_inline\" target=\"_blank\" rel=\"noreferrer noopener\">el problema podr\u00eda reducir los env\u00edos planificados en los pr\u00f3ximos dos meses hasta en un 60% en el peor de los casos<\/a>&nbsp;, a 30 millones de dosis de la vacuna de dos inyecciones, de 80 millones de dosis que hab\u00eda planeado previamente. enviar, inform\u00f3 anteriormente The Wall Street Journal.<\/p>\n\n\n\n<p>La inyecci\u00f3n de AstraZeneca utiliza un virus del resfriado de chimpanc\u00e9 para enviar un fragmento del c\u00f3digo gen\u00e9tico del coronavirus al cuerpo y desencadenar una respuesta inmunitaria.<\/p>\n\n\n\n<p>Implica el crecimiento del virus dentro de las c\u00e9lulas renales humanas en tanques grandes llamados biorreactores.&nbsp;La cantidad de dosis de vacuna utilizables extra\u00eddas de cada ciclo de fabricaci\u00f3n, o el rendimiento, puede depender de qu\u00e9 tan bien crezcan las c\u00e9lulas humanas y los vectores virales dentro de los biorreactores.&nbsp;Estos materiales son muy sensibles incluso a peque\u00f1as variaciones de temperatura y niveles de ox\u00edgeno, lo que puede reducir el volumen de c\u00e9lulas que crecen.<\/p>\n\n\n\n<p>\u201cSon c\u00e9lulas sensibles, y el virus en s\u00ed es un organismo sensible\u201d, dice Vijay Yabannavar, vicepresidente ejecutivo de operaciones t\u00e9cnicas y de fabricaci\u00f3n de&nbsp;<a href=\"https:\/\/www.wsj.com\/market-data\/quotes\/GRTS\">Gritstone Oncology&nbsp;<\/a>Inc.&nbsp;\u201cTodos ellos deben manejarse con mucho cuidado\u201d.<\/p>\n\n\n\n<p>Un obst\u00e1culo que AstraZeneca enfrent\u00f3 desde el principio en Europa, dicen personas cercanas a su fabricaci\u00f3n, fue obtener todos los materiales necesarios para la producci\u00f3n, desde ingredientes de vacunas hasta filtros de purificaci\u00f3n.&nbsp;Dijeron que el problema se ha aliviado recientemente y no se espera que limite la producci\u00f3n en las pr\u00f3ximas semanas.<\/p>\n\n\n\n<p>AstraZeneca ha encontrado rendimientos que var\u00edan entre sus muchos socios de fabricaci\u00f3n y ha estado trabajando para impulsar la producci\u00f3n donde est\u00e1 rezagada, dijo la persona.&nbsp;El proceso es laborioso y requiere mucho tiempo.New daily confirmed Covid-19 cases*Source: Johns Hopkins University*7-day moving average.cases per 100,000U.S.U.K.EUFeb. 2020&#8217;210102030405060708090<\/p>\n\n\n\n<p>El enfrentamiento por el d\u00e9ficit de vacunas de la UE ha exacerbado las tensiones diplom\u00e1ticas entre Bruselas y el Reino Unido, pocas semanas despu\u00e9s de que Reino Unido abandonara formalmente la \u00f3rbita econ\u00f3mica de la UE.&nbsp;El primer ministro&nbsp;<a href=\"https:\/\/www.wsj.com\/topics\/person\/boris-johnson\">Boris Johnson<\/a>&nbsp;, cuyo r\u00e1pido despliegue de vacunas por parte del gobierno le ha ganado apoyo pol\u00edtico, dijo el mi\u00e9rcoles que el Reino Unido \u00abten\u00eda mucha confianza en sus suministros\u00bb de vacunas y que depend\u00eda de la UE y AstraZeneca solucionar su propio problema.<\/p>\n\n\n\n<p>Los ejecutivos de AstraZeneca no creen que el Reino Unido est\u00e9 dispuesto a ceder dosis a Europa y no ven como el trabajo de AstraZeneca intervenir, seg\u00fan una persona familiarizada con las discusiones internas de la empresa.&nbsp;Los ejecutivos tambi\u00e9n han debatido el potencial de enviar inyecciones hechas en Estados Unidos a Europa como medida temporal, dado que no se espera ninguna autorizaci\u00f3n estadounidense hasta dentro de uno o dos meses.&nbsp;Pero la persona dijo que eso requerir\u00eda el permiso del gobierno de Estados Unidos y tambi\u00e9n es poco probable.<\/p>\n\n\n\n<figure class=\"wp-block-image\"><img decoding=\"async\" src=\"https:\/\/images.wsj.net\/im-291787?width=620&amp;size=1.5\" alt=\"\" title=\"El CEO de AstraZeneca, Pascal Soriot, aparece en una audiencia del Senado de los EE. UU. Sobre el precio de los medicamentos recetados en ...\"\/><figcaption>El director ejecutivo de AstraZeneca, Pascal Soriot, se presenta en una audiencia del Senado de los EE. UU. Sobre los precios de los medicamentos recetados en 2019.FOTO:&nbsp;CHRIS KLEPONIS \/ CNP \/ ZUMA PRESS<\/figcaption><\/figure>\n\n\n\n<p>El Dr. Soriot, de 61 a\u00f1os, un veterinario de formaci\u00f3n que se uni\u00f3 a la industria farmac\u00e9utica en la d\u00e9cada de 1980, puli\u00f3 su reputaci\u00f3n como jefe corporativo defendi\u00e9ndose de una oferta no solicitada de Pfizer en 2014. Lo hizo, en parte, por&nbsp;<a href=\"https:\/\/www.wsj.com\/articles\/astrazeneca-turns-a-corner-after-a-decade-of-struggles-11550137817?mod=article_inline\" target=\"_blank\" rel=\"noreferrer noopener\">prometiendo un cambio radical en la cartera de medicamentos de la compa\u00f1\u00eda, que se hab\u00eda enfrentado a una serie de medicamentos de gran \u00e9xito que perd\u00edan la protecci\u00f3n por patente.&nbsp;<\/a>Hizo una fuerte inversi\u00f3n en investigaci\u00f3n y desarrollo para reconstruir la cartera de medicamentos y las ventas de la compa\u00f1\u00eda, particularmente en el \u00e1rea del tratamiento del c\u00e1ncer.&nbsp;A fines del a\u00f1o pasado, hizo una gran apuesta para diversificar,&nbsp;<a href=\"https:\/\/www.wsj.com\/articles\/astrazeneca-agrees-to-buy-alexion-for-39-billion-11607778687?mod=article_inline\" target=\"_blank\" rel=\"noreferrer noopener\">gastando $ 39 mil millones para comprar Alexion Pharmaceuticals Inc.<\/a>&nbsp;,&nbsp;<a href=\"https:\/\/www.wsj.com\/articles\/astrazeneca-agrees-to-buy-alexion-for-39-billion-11607778687?mod=article_inline\" target=\"_blank\" rel=\"noreferrer noopener\">con sede en Boston<\/a>&nbsp;, que fabrica medicamentos para enfermedades raras e inmunolog\u00eda.<\/p>\n\n\n\n<p>En medio de ese cambio, tambi\u00e9n se lanz\u00f3 al esfuerzo global para combatir la pandemia al aceptar asociarse con Oxford para ayudar a la universidad a completar los ensayos, fabricar y distribuir su prometedora vacuna candidata Covid-19.&nbsp;Dijo que AstraZeneca quer\u00eda utilizar sus recursos para ayudar a salvar vidas.<\/p>\n\n\n\n<p>Los mismos problemas que han afectado a la planta de B\u00e9lgica (menor rendimiento de material de vacuna a granel que luego se env\u00eda a otro lugar para ser embotellado en viales) se han observado en otros fabricantes contratados de AstraZeneca en todo el mundo, incluidos los EE. UU. Y Australia, desde entonces AstraZeneca divulgado.<\/p>\n\n\n\n<p>Los dos principales contratistas de AstraZeneca en los EE. UU. Dijeron que est\u00e1n cumpliendo los compromisos con la empresa.&nbsp;AstraZeneca \u201cno nos expres\u00f3 preocupaciones significativas con respecto a cualquier pregunta sobre el rendimiento\u201d, dijo Sean Kirk, vicepresidente ejecutivo de operaciones t\u00e9cnicas y de fabricaci\u00f3n de&nbsp;<a href=\"https:\/\/www.wsj.com\/market-data\/quotes\/EBS\">Emergent BioSolutions&nbsp;<\/a>Inc.,&nbsp;un fabricante contratado de AstraZeneca para la vacuna.&nbsp;\u00abNo creo que est\u00e9n hablando de nosotros, ya que hemos cumplido con todos nuestros compromisos\u00bb, dijo Elliott Berger, portavoz de Catalent Inc.<\/p>\n\n\n\n<h4 class=\"wp-block-heading\">COMPARTE TUS PENSAMIENTOS<\/h4>\n\n\n\n<p><em>\u00bfEn qu\u00e9 vacuna Covid-19 conf\u00eda m\u00e1s y planea tomar una?&nbsp;\u00danase a la conversaci\u00f3n a continuaci\u00f3n.<\/em><\/p>\n\n\n\n<p>En Australia, el socio de fabricaci\u00f3n&nbsp;<a href=\"https:\/\/www.wsj.com\/market-data\/quotes\/AU\/XASX\/CSL\">CSL&nbsp;<\/a>Ltd.&nbsp;sufri\u00f3 rendimientos de la vacuna inferiores a los esperados despu\u00e9s de comenzar la producci\u00f3n en noviembre, seg\u00fan una portavoz de la compa\u00f1\u00eda.&nbsp;CSL trabaj\u00f3 con AstraZeneca para solucionar problemas y va por buen camino con los plazos de producci\u00f3n, dijo.<\/p>\n\n\n\n<p>Los funcionarios de AstraZeneca creen que en dos o tres meses habr\u00e1n resuelto los problemas para estandarizar los rendimientos y que la cadena de suministro global funcione seg\u00fan lo planeado, seg\u00fan una persona familiarizada con las proyecciones de la empresa.<\/p>\n\n\n\n<p>AstraZeneca ha tenido \u00e9xito en casa en el Reino Unido, que fue el primer pa\u00eds en aprobar la vacuna.&nbsp;La primera dosis de AstraZeneca fuera de los ensayos cl\u00ednicos se inyect\u00f3 el 4 de enero en el brazo de un paciente de di\u00e1lisis de 82 a\u00f1os en la ciudad brit\u00e1nica de Oxford, la ciudad natal de la vacuna.&nbsp;Desde entonces, la vacuna ha impulsado la ambiciosa campa\u00f1a de inoculaci\u00f3n del Reino Unido, un punto brillante en la respuesta pand\u00e9mica mixta de Gran Breta\u00f1a.&nbsp;Otros pa\u00edses, incluida India, han aprobado desde entonces la inyecci\u00f3n de AstraZeneca.<\/p>\n\n\n\n<p>En medio de los primeros y prometedores resultados de ensayos en humanos, la UE en agosto de 2020 preorden\u00f3 300 millones de dosis, con una opci\u00f3n para otros 100 millones.&nbsp;Eso fue tres meses despu\u00e9s de que el Reino Unido invirtiera en el desarrollo de la vacuna de cosecha propia, y finalmente se comprometi\u00f3 a comprar 100 millones de dosis.<\/p>\n\n\n\n<p>Estados Unidos tambi\u00e9n preorden\u00f3 300 millones de dosis en un acuerdo valorado en m\u00e1s de mil millones de d\u00f3lares.&nbsp;AstraZeneca espera enviar datos de prueba a los reguladores de EE. UU. En febrero, y la autorizaci\u00f3n de uso de emergencia podr\u00eda llegar en marzo o abril.<\/p>\n\n\n\n<p>El Dr. Soriot, ciudadano franc\u00e9s y australiano, ha dicho que la UE estaba a la zaga de otros en el cumplimiento de sus \u00f3rdenes.&nbsp;Ha dicho que la empresa lleva aproximadamente tres meses de retraso en la soluci\u00f3n de los \u00abfallos\u00bb de fabricaci\u00f3n en Europa que ya han funcionado en el Reino Unido y en otros lugares.<\/p>\n\n\n\n<p>La UE ha dicho que AstraZeneca firm\u00f3 un contrato en el que se compromete a entregar decenas de millones de dosis a principios de 2021, incluso de las plantas de la empresa en el Reino Unido si es necesario.&nbsp;La UE ha reservado EUR 336 millones para prepagar dosis y ayudar a la empresa a cumplir sus compromisos de entrega.<\/p>\n\n\n\n<p>\u201cRechazamos la l\u00f3gica del orden de llegada\u201d, respondi\u00f3 el mi\u00e9rcoles la comisaria europea de Salud, Stella Kyriakides.&nbsp;\u00abEso puede funcionar en la carnicer\u00eda del vecindario, pero no en los contratos, y no en nuestros acuerdos de compra anticipada\u00bb.<\/p>\n\n\n\n<figure class=\"wp-block-image\"><img decoding=\"async\" src=\"https:\/\/images.wsj.net\/im-291792?width=620&amp;size=1.5\" alt=\"\" title=\"La comisaria europea encargada de Salud, Stella Kyriakides, critic\u00f3 a AstraZeneca por no cumplir con su ...\"\/><figcaption>La comisaria europea a cargo de Salud, Stella Kyriakides, critic\u00f3 a AstraZeneca por no cumplir con su promesa de entregar su vacuna contra el coronavirus.FOTO:&nbsp;JOHN THYS \/ ASSOCIATED PRESS<\/figcaption><\/figure>\n\n\n\n<p>Mucho antes de los problemas de fabricaci\u00f3n de AstraZeneca, la asociaci\u00f3n AstraZeneca-Oxford se vio empa\u00f1ada por pasos en falso que sembraron dudas sobre la efectividad de la vacuna, lo que&nbsp;<a href=\"https:\/\/www.wsj.com\/articles\/astrazeneca-and-oxfords-bumpy-partnership-hangs-over-covid-vaccines-future-11609336498?mod=article_inline\" target=\"_blank\" rel=\"noreferrer noopener\">gener\u00f3 tensiones entre la universidad y el fabricante de medicamentos.<\/a><\/p>\n\n\n\n<p>Al publicar datos de ensayos en humanos en etapa tard\u00eda, los dos dijeron que la vacuna mostr\u00f3 ser entre 62% y 90% efectiva para prevenir los s\u00edntomas de Covid-19.&nbsp;<a href=\"https:\/\/www.wsj.com\/articles\/astrazeneca-covid-19-vaccine-trial-data-underscore-safety-range-of-efficacy-11607443250?mod=article_inline\" target=\"_blank\" rel=\"noreferrer noopener\">M\u00e1s tarde aclararon que el 90% proven\u00eda de un peque\u00f1o subconjunto de participantes del ensayo,<\/a>&nbsp;todos los cuales ten\u00edan menos de 55 a\u00f1os y recibieron una primera dosis m\u00e1s peque\u00f1a y no est\u00e1ndar.&nbsp;Ese r\u00e9gimen ha sido rechazado por los reguladores en el Reino Unido.<\/p>\n\n\n\n<p>La escasez de datos que muestren la eficacia de la vacuna en las personas mayores podr\u00eda ser un punto de conflicto con los reguladores europeos, que han estado sopesando si aprobar la vacuna para cualquier persona mayor de 65 a\u00f1os, seg\u00fan personas familiarizadas con el asunto.&nbsp;Se espera que la Agencia Europea de Medicamentos, que aprueba medicamentos para la UE al igual que lo hace la Administraci\u00f3n de Alimentos y Medicamentos en los EE. UU., Se pronuncie sobre la vacuna AstraZeneca el viernes.&nbsp;El Reino Unido aprob\u00f3 el uso de la inyecci\u00f3n para adultos mayores de 18 a\u00f1os, sin restricciones de edad.<\/p>\n\n\n\n<p>El jueves, los asesores del gobierno alem\u00e1n recomendaron que la vacuna se use solo en personas de 64 a\u00f1os o menos, a la espera de m\u00e1s datos sobre la eficacia en los ancianos.<\/p>\n\n\n\n<figure class=\"wp-block-image\"><img decoding=\"async\" src=\"https:\/\/images.wsj.net\/im-291794?width=620&amp;size=1.5\" alt=\"\" title=\"Un centro de vacunaci\u00f3n en el hip\u00f3dromo de Bath en Gran Breta\u00f1a. \"\/><figcaption>Un centro de vacunaci\u00f3n en el hip\u00f3dromo de Bath en Gran Breta\u00f1a.FOTO:&nbsp;BEN BIRCHALL \/ PA WIRE \/ ZUMA PRESS<\/figcaption><\/figure>\n\n\n\n<p>\u2014Luciana Magalhaes en S\u00e3o Paulo, Rhiannon Hoyle en Sydney y Joseph Walker en Nueva York contribuyeron a este art\u00edculo.<\/p>\n\n\n\n<p><strong>Escriba a<\/strong>&nbsp;Jenny Strasburg a&nbsp;<a href=\"mailto:jenny.strasburg@wsj.com\" target=\"_blank\" rel=\"noreferrer noopener\">jenny.strasburg@wsj.com<\/a>&nbsp;y Laurence Norman a&nbsp;<a href=\"mailto:laurence.norman@wsj.com\" target=\"_blank\" rel=\"noreferrer noopener\">laurence.norman@wsj.com<\/a><\/p>\n\n\n\n<p>Copyright \u00a9 2020 Dow Jones &amp; Company, Inc. Todos los derechos reservados.&nbsp;87990cbe856818d5eddac44c7b1cdeb8<\/p>\n\n\n\n<p>Apareci\u00f3 en la edici\u00f3n impresa del 29 de enero de 2021 como &#8216;AstraZeneca Faces Vaccine Fallout&#8217;.<\/p>\n\n\n\n<p>Fuente: https:\/\/www.wsj.com\/articles\/behind-astrazenecas-covid-19-vaccine-stumble-11611871968?mod=hp_lead_pos5<\/p>\n\n\n\n<p><\/p>\n","protected":false},"excerpt":{"rendered":"<p>El CEO prometi\u00f3 m\u00e1s disparos, a un precio m\u00e1s bajo, que los competidores, pero ahora enfrenta cr\u00edticas de la UE [&hellip;]<\/p>\n","protected":false},"author":1,"featured_media":3948,"comment_status":"open","ping_status":"open","sticky":false,"template":"","format":"standard","meta":{"site-sidebar-layout":"default","site-content-layout":"","ast-site-content-layout":"default","site-content-style":"default","site-sidebar-style":"default","ast-global-header-display":"","ast-banner-title-visibility":"","ast-main-header-display":"","ast-hfb-above-header-display":"","ast-hfb-below-header-display":"","ast-hfb-mobile-header-display":"","site-post-title":"","ast-breadcrumbs-content":"","ast-featured-img":"","footer-sml-layout":"","theme-transparent-header-meta":"","adv-header-id-meta":"","stick-header-meta":"","header-above-stick-meta":"","header-main-stick-meta":"","header-below-stick-meta":"","astra-migrate-meta-layouts":"default","ast-page-background-enabled":"default","ast-page-background-meta":{"desktop":{"background-color":"var(--ast-global-color-4)","background-image":"","background-repeat":"repeat","background-position":"center center","background-size":"auto","background-attachment":"scroll","background-type":"","background-media":"","overlay-type":"","overlay-color":"","overlay-opacity":"","overlay-gradient":""},"tablet":{"background-color":"","background-image":"","background-repeat":"repeat","background-position":"center center","background-size":"auto","background-attachment":"scroll","background-type":"","background-media":"","overlay-type":"","overlay-color":"","overlay-opacity":"","overlay-gradient":""},"mobile":{"background-color":"","background-image":"","background-repeat":"repeat","background-position":"center center","background-size":"auto","background-attachment":"scroll","background-type":"","background-media":"","overlay-type":"","overlay-color":"","overlay-opacity":"","overlay-gradient":""}},"ast-content-background-meta":{"desktop":{"background-color":"var(--ast-global-color-5)","background-image":"","background-repeat":"repeat","background-position":"center center","background-size":"auto","background-attachment":"scroll","background-type":"","background-media":"","overlay-type":"","overlay-color":"","overlay-opacity":"","overlay-gradient":""},"tablet":{"background-color":"var(--ast-global-color-5)","background-image":"","background-repeat":"repeat","background-position":"center center","background-size":"auto","background-attachment":"scroll","background-type":"","background-media":"","overlay-type":"","overlay-color":"","overlay-opacity":"","overlay-gradient":""},"mobile":{"background-color":"var(--ast-global-color-5)","background-image":"","background-repeat":"repeat","background-position":"center center","background-size":"auto","background-attachment":"scroll","background-type":"","background-media":"","overlay-type":"","overlay-color":"","overlay-opacity":"","overlay-gradient":""}},"footnotes":""},"categories":[8],"tags":[],"class_list":["post-3947","post","type-post","status-publish","format-standard","has-post-thumbnail","hentry","category-noticias"],"_links":{"self":[{"href":"https:\/\/losperiodistas.com.mx\/portal\/wp-json\/wp\/v2\/posts\/3947","targetHints":{"allow":["GET"]}}],"collection":[{"href":"https:\/\/losperiodistas.com.mx\/portal\/wp-json\/wp\/v2\/posts"}],"about":[{"href":"https:\/\/losperiodistas.com.mx\/portal\/wp-json\/wp\/v2\/types\/post"}],"author":[{"embeddable":true,"href":"https:\/\/losperiodistas.com.mx\/portal\/wp-json\/wp\/v2\/users\/1"}],"replies":[{"embeddable":true,"href":"https:\/\/losperiodistas.com.mx\/portal\/wp-json\/wp\/v2\/comments?post=3947"}],"version-history":[{"count":1,"href":"https:\/\/losperiodistas.com.mx\/portal\/wp-json\/wp\/v2\/posts\/3947\/revisions"}],"predecessor-version":[{"id":3949,"href":"https:\/\/losperiodistas.com.mx\/portal\/wp-json\/wp\/v2\/posts\/3947\/revisions\/3949"}],"wp:featuredmedia":[{"embeddable":true,"href":"https:\/\/losperiodistas.com.mx\/portal\/wp-json\/wp\/v2\/media\/3948"}],"wp:attachment":[{"href":"https:\/\/losperiodistas.com.mx\/portal\/wp-json\/wp\/v2\/media?parent=3947"}],"wp:term":[{"taxonomy":"category","embeddable":true,"href":"https:\/\/losperiodistas.com.mx\/portal\/wp-json\/wp\/v2\/categories?post=3947"},{"taxonomy":"post_tag","embeddable":true,"href":"https:\/\/losperiodistas.com.mx\/portal\/wp-json\/wp\/v2\/tags?post=3947"}],"curies":[{"name":"wp","href":"https:\/\/api.w.org\/{rel}","templated":true}]}}