{"id":3930,"date":"2021-01-28T09:26:29","date_gmt":"2021-01-28T15:26:29","guid":{"rendered":"http:\/\/losperiodistas.com.mx\/portal\/?p=3930"},"modified":"2021-01-28T09:26:29","modified_gmt":"2021-01-28T15:26:29","slug":"quintoniles-y-garbanzos","status":"publish","type":"post","link":"https:\/\/losperiodistas.com.mx\/portal\/quintoniles-y-garbanzos\/","title":{"rendered":"Quintoniles y garbanzos"},"content":{"rendered":"\n<p class=\"has-vivid-cyan-blue-color has-text-color\" style=\"font-size:26px\"><em>Por Jes\u00fas Manuel Hern\u00e1ndez<\/em><\/p>\n\n\n\n<p>Rebajados a una demanda \u201cbotanera\u201d de los bares y cantinas, los garbanzos tienen usos culinarios con relieves gastron\u00f3micos en varias cocinas, la andaluza y \u00e1rabe son tan s\u00f3lo dos de ellas.<\/p>\n\n\n\n<p>La comida espa\u00f1ola usa los garbanzos en un buen n\u00famero de platos principalmente donde el cuerpo del comensal necesita calentarse; as\u00ed los potajes con carnes, verduras y garbanzos son muy populares, el Cocido Madrile\u00f1o es quiz\u00e1 uno de los favoritos de Zalaca\u00edn, quien en estos tiempos de confinamiento a\u00f1ora &nbsp;y recuerda con sus amigos, aquellas comidas del popular guiso en Lhardy, La Daniela y otros sitios del barrio La Latina en Madrid.<\/p>\n\n\n\n<p>Zalaca\u00edn fue educado en el consumo de los garbanzos en otras condiciones de cocina, la comida regional, en clemoles y moles aguados, fritos, &nbsp;acompa\u00f1ados de trozos de jam\u00f3n, chorizo, longaniza; convertido en tortitas o simplemente mezclados con carne de un guisado del d\u00eda anterior y a veces ayudados de un poco de caldo.<\/p>\n\n\n\n<p>La abuela preparaba los garbanzos con una peculiaridad, los pon\u00eda de entrada en d\u00edas de muchos fr\u00edo, bien remojados con agua de tequesquite, y bien cocidos, los mezclaba con quintoniles o espinacas y formaba un caldo sustituto de cualquier sopa.<\/p>\n\n\n\n<p>Los garbanzos se coc\u00edan por separado, pero el caldo casi siempre era o de cuello de res, es decir el llamado \u201cjugo de carne\u201d hecho en Ba\u00f1o Mar\u00eda, o un buen caldo de gallina bien desgrasado.<\/p>\n\n\n\n<p>Populares eran esas sopas, a veces se antojaba repetirlas en una sola sentada a la mesa.<\/p>\n\n\n\n<p>Zalaca\u00edn repasaba algunas de las recetas de la infancia y \u00e9sta, la de los garbanzos y quintoniles le hab\u00eda saltado la primera.<\/p>\n\n\n\n<p>Otra muy popular entre las t\u00edas abuelas, pero m\u00e1s pesada para su ingesta, era una sopa de pan dorado en manteca, nunca le pusieron nombre, simplemente le dec\u00eda as\u00ed, de \u201cpan dorado\u201d.<\/p>\n\n\n\n<p>La mezcla era interesante pues el pan dorado en la manteca del cerdo era mezclado con un alm\u00edbar condimentado con azafr\u00e1n, clavo molido, algo de canela y pimienta negra, se pon\u00eda dentro de una tortera en capas, a manera de un pastel.<\/p>\n\n\n\n<p>La primera capa de pan dorado, la segunda de chorizos fritos, ajonjol\u00ed tostado, luego longaniza, algo de carne de gallina, a veces se aparec\u00edan algunas rebanadas de morcilla.<\/p>\n\n\n\n<p>Se culminaba con m\u00e1s pan dorado y luego se vert\u00eda el alm\u00edbar rebajado, hasta quedar un tanto l\u00edquido, vino tinto o blanco y se dejaba a dar un hervor, luego reposaba y al final se tapaba con una charola o plato para llevarlo a la mesa.<\/p>\n\n\n\n<p>La verdad era una sopa muy \u201csustanciosa\u201d, llenadora, a la abuela no le gustaba mucho, pues dec\u00eda de ella \u201cson unas migas mal logradas\u201d.<\/p>\n\n\n\n<p>Ah, \u00a1las migas de la abuela!, pero esa, esa es otra historia.<\/p>\n\n\n\n<p>elrincondezalacain|gmail.com<\/p>\n\n\n\n<figure class=\"wp-block-embed-youtube wp-block-embed is-type-video is-provider-youtube wp-embed-aspect-16-9 wp-has-aspect-ratio\"><div class=\"wp-block-embed__wrapper\">\n<iframe title=\"Quintoniles y garbanzos\" width=\"500\" height=\"281\" src=\"https:\/\/www.youtube.com\/embed\/xU9bVmjPfYk?feature=oembed\" frameborder=\"0\" allow=\"accelerometer; autoplay; clipboard-write; encrypted-media; gyroscope; picture-in-picture; web-share\" referrerpolicy=\"strict-origin-when-cross-origin\" allowfullscreen><\/iframe>\n<\/div><\/figure>\n","protected":false},"excerpt":{"rendered":"<p>Por Jes\u00fas Manuel Hern\u00e1ndez Rebajados a una demanda \u201cbotanera\u201d de los bares y cantinas, los garbanzos tienen usos culinarios con [&hellip;]<\/p>\n","protected":false},"author":1,"featured_media":3931,"comment_status":"open","ping_status":"open","sticky":false,"template":"","format":"standard","meta":{"site-sidebar-layout":"default","site-content-layout":"","ast-site-content-layout":"default","site-content-style":"default","site-sidebar-style":"default","ast-global-header-display":"","ast-banner-title-visibility":"","ast-main-header-display":"","ast-hfb-above-header-display":"","ast-hfb-below-header-display":"","ast-hfb-mobile-header-display":"","site-post-title":"","ast-breadcrumbs-content":"","ast-featured-img":"","footer-sml-layout":"","theme-transparent-header-meta":"","adv-header-id-meta":"","stick-header-meta":"","header-above-stick-meta":"","header-main-stick-meta":"","header-below-stick-meta":"","astra-migrate-meta-layouts":"default","ast-page-background-enabled":"default","ast-page-background-meta":{"desktop":{"background-color":"var(--ast-global-color-4)","background-image":"","background-repeat":"repeat","background-position":"center center","background-size":"auto","background-attachment":"scroll","background-type":"","background-media":"","overlay-type":"","overlay-color":"","overlay-opacity":"","overlay-gradient":""},"tablet":{"background-color":"","background-image":"","background-repeat":"repeat","background-position":"center center","background-size":"auto","background-attachment":"scroll","background-type":"","background-media":"","overlay-type":"","overlay-color":"","overlay-opacity":"","overlay-gradient":""},"mobile":{"background-color":"","background-image":"","background-repeat":"repeat","background-position":"center center","background-size":"auto","background-attachment":"scroll","background-type":"","background-media":"","overlay-type":"","overlay-color":"","overlay-opacity":"","overlay-gradient":""}},"ast-content-background-meta":{"desktop":{"background-color":"var(--ast-global-color-5)","background-image":"","background-repeat":"repeat","background-position":"center center","background-size":"auto","background-attachment":"scroll","background-type":"","background-media":"","overlay-type":"","overlay-color":"","overlay-opacity":"","overlay-gradient":""},"tablet":{"background-color":"var(--ast-global-color-5)","background-image":"","background-repeat":"repeat","background-position":"center center","background-size":"auto","background-attachment":"scroll","background-type":"","background-media":"","overlay-type":"","overlay-color":"","overlay-opacity":"","overlay-gradient":""},"mobile":{"background-color":"var(--ast-global-color-5)","background-image":"","background-repeat":"repeat","background-position":"center center","background-size":"auto","background-attachment":"scroll","background-type":"","background-media":"","overlay-type":"","overlay-color":"","overlay-opacity":"","overlay-gradient":""}},"footnotes":""},"categories":[4],"tags":[],"class_list":["post-3930","post","type-post","status-publish","format-standard","has-post-thumbnail","hentry","category-zalacain"],"_links":{"self":[{"href":"https:\/\/losperiodistas.com.mx\/portal\/wp-json\/wp\/v2\/posts\/3930","targetHints":{"allow":["GET"]}}],"collection":[{"href":"https:\/\/losperiodistas.com.mx\/portal\/wp-json\/wp\/v2\/posts"}],"about":[{"href":"https:\/\/losperiodistas.com.mx\/portal\/wp-json\/wp\/v2\/types\/post"}],"author":[{"embeddable":true,"href":"https:\/\/losperiodistas.com.mx\/portal\/wp-json\/wp\/v2\/users\/1"}],"replies":[{"embeddable":true,"href":"https:\/\/losperiodistas.com.mx\/portal\/wp-json\/wp\/v2\/comments?post=3930"}],"version-history":[{"count":1,"href":"https:\/\/losperiodistas.com.mx\/portal\/wp-json\/wp\/v2\/posts\/3930\/revisions"}],"predecessor-version":[{"id":3932,"href":"https:\/\/losperiodistas.com.mx\/portal\/wp-json\/wp\/v2\/posts\/3930\/revisions\/3932"}],"wp:featuredmedia":[{"embeddable":true,"href":"https:\/\/losperiodistas.com.mx\/portal\/wp-json\/wp\/v2\/media\/3931"}],"wp:attachment":[{"href":"https:\/\/losperiodistas.com.mx\/portal\/wp-json\/wp\/v2\/media?parent=3930"}],"wp:term":[{"taxonomy":"category","embeddable":true,"href":"https:\/\/losperiodistas.com.mx\/portal\/wp-json\/wp\/v2\/categories?post=3930"},{"taxonomy":"post_tag","embeddable":true,"href":"https:\/\/losperiodistas.com.mx\/portal\/wp-json\/wp\/v2\/tags?post=3930"}],"curies":[{"name":"wp","href":"https:\/\/api.w.org\/{rel}","templated":true}]}}