{"id":3925,"date":"2021-01-27T07:08:55","date_gmt":"2021-01-27T13:08:55","guid":{"rendered":"http:\/\/losperiodistas.com.mx\/portal\/?p=3925"},"modified":"2021-01-28T07:09:11","modified_gmt":"2021-01-28T13:09:11","slug":"seguimos-en-la-etapa-mas-dificil-de-la-pandemia","status":"publish","type":"post","link":"https:\/\/losperiodistas.com.mx\/portal\/seguimos-en-la-etapa-mas-dificil-de-la-pandemia\/","title":{"rendered":"Seguimos en la etapa m\u00e1s dif\u00edcil de la pandemia"},"content":{"rendered":"\n<p class=\"has-vivid-cyan-blue-color has-text-color\" style=\"font-size:26px\"><em>Por Fernando Manzanilla Prieto<\/em><\/p>\n\n\n\n<p>En las \u00faltimas semanas la pandemia en el pa\u00eds ha cobrado una fuerza inusitada. Seg\u00fan los registros oficiales ha habido d\u00edas en que esta segunda oleada ha elevado el record a m\u00e1s de 23 mil contagios diarios y el de fallecimientos a casi 2 mil por d\u00eda. Tambi\u00e9n, seg\u00fan cifras oficiales, estamos rondando el mill\u00f3n 700 mil infectados y los 150 mil fallecimientos.<\/p>\n\n\n\n<p>Sin embargo, seg\u00fan la m\u00e1s reciente proyecci\u00f3n Covid 2021 del matem\u00e1tico de la UNAM, Arturo Erdely, en realidad hay alrededor de 30 millones de mexicanos a los que ya les dio Covid y, de continuar las tendencias, en junio el 68% de la poblaci\u00f3n, es decir, unas 88 millones de personas, habr\u00e1n sobrevivido al virus. Lo que significa que estar\u00edamos alcanzando cierta inmunidad colectiva \u2014la famosa inmunidad de reba\u00f1o\u2014 logrando, hasta entonces, cierto control de la pandemia.<\/p>\n\n\n\n<p>El costo en vidas, no obstante, va a ser muy alto. Seg\u00fan cifras oficiales de exceso de mortalidad, en realidad han muerto por Covid alrededor de 350 mil personas. Y en caso de mantenerse las tendencias, al final del primer semestre de este a\u00f1o la cifra de fallecimientos podr\u00eda llegar a 600 mil.<\/p>\n\n\n\n<p>A\u00fan considerando el programa de vacunaci\u00f3n en curso, de acuerdo con este modelo, ser\u00eda muy dif\u00edcil ganarle al virus antes de esa fecha. Primero, porque no se ha adoptado una estrategia clara y contundente de contenci\u00f3n (aplicaci\u00f3n masiva de pruebas, seguimiento de cadenas de contagio, uso obligatorio de cubrebocas); y, segundo, porque es muy probable que una vez superado el invierno, sigan creciendo los contagios por la presencia de las nuevas variantes m\u00e1s contagiosas del virus.<\/p>\n\n\n\n<p>No olvidemos que recientemente se han detectado tres nuevas variantes en Gran Breta\u00f1a, Sud\u00e1frica y Brasil. De acuerdo con los primeros reportes, estas mutaciones son m\u00e1s contagiosas que el virus original, aunque no m\u00e1s letales; y por fortuna, las vacunas disponibles han demostrado ser eficaces contra estas nuevas variantes.<\/p>\n\n\n\n<p>No obstante, el zar antiCovid en Estados Unidos, Anthony Fauci, ha advertido que m\u00e1s virulencia es igual a m\u00e1s infecciones, lo que significa m\u00e1s hospitalizaciones y, por tanto, m\u00e1s muertes si los sistemas de salud llegaran a colapsar. De hecho, Fauci ha se\u00f1alado que la variante sudafricana ha mostrado ser m\u00e1s resistente, por lo que es muy importante \u201cobtener la segunda dosis de la vacuna en el tiempo sugerido para asegurar la protecci\u00f3n frente al virus y sus mutaciones\u201d.<\/p>\n\n\n\n<p>Por eso resultan preocupantes los retrasos en la entrega y aplicaci\u00f3n de vacunas, porque seg\u00fan revelan estudios recientes, mientras m\u00e1s tiempo se transmita el virus sin una vacuna, m\u00e1s oportunidades tendr\u00e1 de mutar y volverse m\u00e1s contagioso y resistente. Lo m\u00e1s probable es que el personal de salud que recibi\u00f3 su primera dosis de la vacuna de Pfizer no reciba en tiempo y forma la segunda; que la vacuna de AstraZeneca \u2014principal apuesta de M\u00e9xico\u2014 se empiece a aplicar hasta finales de marzo; y que para compensar estos retrasos, se aplique la vacuna rusa Sputnik y la china CanSino, con el riesgo de que a\u00fan no han completado convincentemente sus estudios de eficacia y seguridad.<\/p>\n\n\n\n<p>As\u00ed que de aqu\u00ed a junio, va a ser muy dif\u00edcil controlar la pandemia, por lo que no hay de otra: habr\u00e1 que seguirnos cuidando y extremando precauciones.<\/p>\n","protected":false},"excerpt":{"rendered":"<p>Por Fernando Manzanilla Prieto En las \u00faltimas semanas la pandemia en el pa\u00eds ha cobrado una fuerza inusitada. Seg\u00fan los [&hellip;]<\/p>\n","protected":false},"author":1,"featured_media":3274,"comment_status":"open","ping_status":"open","sticky":false,"template":"","format":"standard","meta":{"site-sidebar-layout":"default","site-content-layout":"","ast-site-content-layout":"default","site-content-style":"default","site-sidebar-style":"default","ast-global-header-display":"","ast-banner-title-visibility":"","ast-main-header-display":"","ast-hfb-above-header-display":"","ast-hfb-below-header-display":"","ast-hfb-mobile-header-display":"","site-post-title":"","ast-breadcrumbs-content":"","ast-featured-img":"","footer-sml-layout":"","theme-transparent-header-meta":"","adv-header-id-meta":"","stick-header-meta":"","header-above-stick-meta":"","header-main-stick-meta":"","header-below-stick-meta":"","astra-migrate-meta-layouts":"default","ast-page-background-enabled":"default","ast-page-background-meta":{"desktop":{"background-color":"var(--ast-global-color-4)","background-image":"","background-repeat":"repeat","background-position":"center center","background-size":"auto","background-attachment":"scroll","background-type":"","background-media":"","overlay-type":"","overlay-color":"","overlay-opacity":"","overlay-gradient":""},"tablet":{"background-color":"","background-image":"","background-repeat":"repeat","background-position":"center center","background-size":"auto","background-attachment":"scroll","background-type":"","background-media":"","overlay-type":"","overlay-color":"","overlay-opacity":"","overlay-gradient":""},"mobile":{"background-color":"","background-image":"","background-repeat":"repeat","background-position":"center center","background-size":"auto","background-attachment":"scroll","background-type":"","background-media":"","overlay-type":"","overlay-color":"","overlay-opacity":"","overlay-gradient":""}},"ast-content-background-meta":{"desktop":{"background-color":"var(--ast-global-color-5)","background-image":"","background-repeat":"repeat","background-position":"center center","background-size":"auto","background-attachment":"scroll","background-type":"","background-media":"","overlay-type":"","overlay-color":"","overlay-opacity":"","overlay-gradient":""},"tablet":{"background-color":"var(--ast-global-color-5)","background-image":"","background-repeat":"repeat","background-position":"center center","background-size":"auto","background-attachment":"scroll","background-type":"","background-media":"","overlay-type":"","overlay-color":"","overlay-opacity":"","overlay-gradient":""},"mobile":{"background-color":"var(--ast-global-color-5)","background-image":"","background-repeat":"repeat","background-position":"center center","background-size":"auto","background-attachment":"scroll","background-type":"","background-media":"","overlay-type":"","overlay-color":"","overlay-opacity":"","overlay-gradient":""}},"footnotes":""},"categories":[24],"tags":[],"class_list":["post-3925","post","type-post","status-publish","format-standard","has-post-thumbnail","hentry","category-fernando-manzanilla"],"_links":{"self":[{"href":"https:\/\/losperiodistas.com.mx\/portal\/wp-json\/wp\/v2\/posts\/3925","targetHints":{"allow":["GET"]}}],"collection":[{"href":"https:\/\/losperiodistas.com.mx\/portal\/wp-json\/wp\/v2\/posts"}],"about":[{"href":"https:\/\/losperiodistas.com.mx\/portal\/wp-json\/wp\/v2\/types\/post"}],"author":[{"embeddable":true,"href":"https:\/\/losperiodistas.com.mx\/portal\/wp-json\/wp\/v2\/users\/1"}],"replies":[{"embeddable":true,"href":"https:\/\/losperiodistas.com.mx\/portal\/wp-json\/wp\/v2\/comments?post=3925"}],"version-history":[{"count":1,"href":"https:\/\/losperiodistas.com.mx\/portal\/wp-json\/wp\/v2\/posts\/3925\/revisions"}],"predecessor-version":[{"id":3926,"href":"https:\/\/losperiodistas.com.mx\/portal\/wp-json\/wp\/v2\/posts\/3925\/revisions\/3926"}],"wp:featuredmedia":[{"embeddable":true,"href":"https:\/\/losperiodistas.com.mx\/portal\/wp-json\/wp\/v2\/media\/3274"}],"wp:attachment":[{"href":"https:\/\/losperiodistas.com.mx\/portal\/wp-json\/wp\/v2\/media?parent=3925"}],"wp:term":[{"taxonomy":"category","embeddable":true,"href":"https:\/\/losperiodistas.com.mx\/portal\/wp-json\/wp\/v2\/categories?post=3925"},{"taxonomy":"post_tag","embeddable":true,"href":"https:\/\/losperiodistas.com.mx\/portal\/wp-json\/wp\/v2\/tags?post=3925"}],"curies":[{"name":"wp","href":"https:\/\/api.w.org\/{rel}","templated":true}]}}