{"id":39192,"date":"2022-10-16T19:12:18","date_gmt":"2022-10-17T00:12:18","guid":{"rendered":"http:\/\/losperiodistas.com.mx\/portal\/?p=39192"},"modified":"2022-10-16T19:12:20","modified_gmt":"2022-10-17T00:12:20","slug":"mensajes-sicilianos","status":"publish","type":"post","link":"https:\/\/losperiodistas.com.mx\/portal\/mensajes-sicilianos\/","title":{"rendered":"\u00bfMensajes sicilianos?"},"content":{"rendered":"\n<p class=\"has-pale-pink-background-color has-background has-medium-font-size\">Miguel Barbosa y Eduardo Rivera intercambian mensajes en aras de conseguir o conservar el poder. La tendencia de un \u00abgobernador poblano\u00bb crece en las percepciones sociales ante la \u00abimposici\u00f3n del centro\u00bb.<\/p>\n\n\n\n<p><\/p>\n\n\n\n<figure class=\"wp-block-embed is-type-video is-provider-youtube wp-block-embed-youtube wp-embed-aspect-16-9 wp-has-aspect-ratio\"><div class=\"wp-block-embed__wrapper\">\n<iframe title=\"\u00bfMensajes sicilianos? | Oct 16 2022\" width=\"500\" height=\"281\" src=\"https:\/\/www.youtube.com\/embed\/WgDdELeIVdU?feature=oembed\" frameborder=\"0\" allow=\"accelerometer; autoplay; clipboard-write; encrypted-media; gyroscope; picture-in-picture; web-share\" referrerpolicy=\"strict-origin-when-cross-origin\" allowfullscreen><\/iframe>\n<\/div><\/figure>\n\n\n\n<p><\/p>\n\n\n\n<p>Por Jes\u00fas Manuel Hern\u00e1ndez<\/p>\n\n\n\n<p>Hist\u00f3ricamente los ciudadanos de Puebla han querido que un \u201cpoblano\u201d los gobierne, las decisiones centralizadas en tiempos del PRI dejaban en la negociaci\u00f3n a las cartas locales, y recompensaban el vac\u00edo cubriendo la Presidencia Municipal de la capital con los \u201cpoblanos\u201d.<\/p>\n\n\n\n<p>Estas an\u00e9cdotas vienen a cuenta por <strong>lo visto, o\u00eddo y le\u00eddo en el pasado 10 de octubre<\/strong> cuando Eduardo Rivera rindi\u00f3 informe e inici\u00f3 precampa\u00f1a.<\/p>\n\n\n\n<p>Desde \u00c1vila Camacho, gobernante entre 1937 y 1941, empez\u00f3 una tendencia a dejar como sucesor a una carta local e identificada con el <strong>avilacamachismo<\/strong>. Gonzalo Bautista Castillo fue pieza clave, le sigui\u00f3 Carlos I. Betancourt, el \u201dingeniero\u201d ven\u00eda del grupo de Manuel \u00c1vila Camacho; apareci\u00f3 el hermano del Presidente Rafael \u00c1vila Camacho como sucesor; la cargada militar impuso a Fausto M. Ortega quien entr\u00f3 en serios conflictos con la UAP y solo estuvo tres a\u00f1os, el interino fue Arturo Fern\u00e1ndez Aguirre, abogado local en ese entonces presidente del TSJ; y los militares volvieron con Antonio Nava Castillo sin carrera pol\u00edtica local, decisi\u00f3n del centro, renunci\u00f3 un a\u00f1o despu\u00e9s y lleg\u00f3 otro \u201cimportado\u201d, Aar\u00f3n Merino Fern\u00e1ndez.<\/p>\n\n\n\n<p><strong>El avilacamachismo sumado al diazordacismo retom\u00f3 fuerzas e impuso al Dr. Rafael Moreno Valle<\/strong> que estuvo solo 3 a\u00f1os y sali\u00f3 en medio de conflictos con la UAP y por \u201cproblemas de salud\u201d.<\/p>\n\n\n\n<p>Fue en aquel momento cuando los \u201cpoblanos\u201d quisieron apoyar al grupo local y lanzaron a Gonzalo Bautista O\u2019Farril, quien era Presidente Municipal para conciliar a los grupos locales, como interino, pero extrem\u00f3 las diferencias con la UAP y solo estuvo un a\u00f1o abriendo paso as\u00ed a otro \u201cimportado\u201d, el entonces senador Guillermo Morales Blumenkron.<\/p>\n\n\n\n<p><strong>Alfredo Toxqui<\/strong> se encumbr\u00f3 por errores de Carlos Fabre del Rivero y <strong>abri\u00f3 la puerta al grupo local integrado por pol\u00edticos tricolores de poca influencia nacional<\/strong>. Surgi\u00f3 entonces el pensamiento entre algunos de ellos que <strong>s\u00f3lo estando en la Ciudad de M\u00e9xico se podr\u00eda tener la \u201cp\u00e1tina\u201d, el \u201cbarniz\u201d para ser candidato a gobernador.<\/strong><\/p>\n\n\n\n<p>Guillermo Jim\u00e9nez Morales lo sab\u00eda, y aunque no ten\u00eda ra\u00edces poblanas, opt\u00f3 por ser diputado federal por la capital y <strong>desde ah\u00ed \u201cse construy\u00f3\u201d una poblanidad para ser mencionado como el aspirante local<\/strong>, aunque quienes realmente estaban en la l\u00ednea de los priistas poblanos eran Miguel Quir\u00f3s P\u00e9rez, Marco Antonio Rojas Flores y Guillermo Pacheco Pulido.<\/p>\n\n\n\n<p>La sucesi\u00f3n cobr\u00f3 importancia a tal grado que <strong>el mism\u00edsimo presidente del CEN del PRI Gustavo Carvajal consult\u00f3 a los sectores empresariales sobre qui\u00e9n ser\u00eda la carta de ellos<\/strong>.<\/p>\n\n\n\n<p>Una delicada operaci\u00f3n fue efectuada por Jim\u00e9nez Morales para poner de su lado a los l\u00edderes de la Canaco y otras c\u00e1maras y hablaron a favor de \u00e9l.<\/p>\n\n\n\n<p>Nuevamente las decisiones volvieron al centralismo con <strong>Mariano Pi\u00f1a Olaya quien tuvo como contrincante serio a \u00c1ngel Aceves con arraigo local<\/strong> y apoyado por la CTM. Manuel Bartlett tambi\u00e9n lleg\u00f3 por decisi\u00f3n del centro <strong>haciendo a un lado nuevamente a Aceves y los pol\u00edticos siempre mencionados bajo una premisa popular \u201cel ya merito\u2026\u201d<\/strong>.<\/p>\n\n\n\n<p><strong>Melqu\u00edades Morales Flores cambi\u00f3 la sart\u00e9n por el mango<\/strong>. Aliado con Gonzalo Bautista O\u2019Farril y algunos empresarios y gente de la sociedad civil logr\u00f3 levantar la mano ante la opci\u00f3n de Jos\u00e9 Luis Flores Hern\u00e1ndez. <strong>Bartlett abri\u00f3 el juego con miras a que le abrieran a \u00e9l mismo la cancha nacional<\/strong>, y he aqu\u00ed que Melqu\u00edades sorprendi\u00f3 a todos con la marcha del 24 de mayo donde llegaron poblanos y poblanas de todo el Estado a darle su apoyo.<\/p>\n\n\n\n<p>Ah\u00ed resurgi\u00f3 la opci\u00f3n de que Puebla jam\u00e1s deb\u00eda dejar entrar a otro candidato que no fuera de Puebla.<\/p>\n\n\n\n<p>Lo entendi\u00f3 Mario Mar\u00edn, que agrup\u00f3 a la burocracia pol\u00edtica y <strong>el hijo de un importante pol\u00edtico oper\u00f3 a favor de \u00e9l mientras sus t\u00edos hac\u00edan los acuerdos sobre posiciones en el gabinete<\/strong> para algunos familiares en reuniones privadas por los rumbos del Monumento a Ju\u00e1rez.<\/p>\n\n\n\n<p><strong>Mar\u00edn quiso dejar a L\u00f3pez Zavala<\/strong>, el chiapaneco o guatemalteco como pensaban algunos en ese tiempo, y pese al <strong>\u201cba\u00f1o empresarial de la sociedad poblana\u201d<\/strong>, no pas\u00f3 la prueba.<\/p>\n\n\n\n<p>Mar\u00edn ten\u00eda cooptados a los actores de los partidos, incluidos algunos panistas en lo individual, pero la proclama de poner a un poblano retom\u00f3 fuerza y <strong>Rafael Moreno Valle Rosas logr\u00f3 incorporar a los representantes de las organizaciones empresariales y civiles y dio el manotazo<\/strong>.<\/p>\n\n\n\n<p>Su error fue imponer en la sucesi\u00f3n a un familiar luego de la elecci\u00f3n de Tony Gali.<\/p>\n\n\n\n<p><strong>Ese esp\u00edritu, ese deseo de que un \u201cpoblano\u201d de Puebla sea el gobernador sigue permeando entre la sociedad<\/strong>.<\/p>\n\n\n\n<p>El lunes 10 de octubre los observadores de la escena pol\u00edtica v<strong>ieron el escarceo de dos fuerzas en aras de conseguir o conservar el poder, salpicado de iron\u00eda, de mensajes, de miradas y de aplausos arrebatados a la oposici\u00f3n<\/strong> y donde Miguel Barbosa dio una lecci\u00f3n de c\u00f3mo confrontar a los opositores en su propia cancha.<\/p>\n\n\n\n<p><strong>Eduardo Rivera, presidente municipal \u201clibre\u201d, como dijo el gobernador no desaprovech\u00f3 el momento<\/strong> y en consecuencia ha dado el paso sin retorno, empez\u00f3 a hacerse presente en los informes de otros presidentes, como el de <strong>Chignahuapan<\/strong>, <strong>desde donde se buscan alianzas con los \u201cserranos\u201d para tomar el poder.<\/strong><\/p>\n\n\n\n<p>Un observador pregunt\u00f3 al reportero<strong> \u00bfc\u00f3mo vio usted los mensajes sicilianos?\u201d, <\/strong>en alusi\u00f3n al juego de palabras entre Barbosa y Rivera.<\/p>\n\n\n\n<p>Mientras tanto el candidato c\u00f3modo para el gobernador y para una parte de la 4T sigue presentando sus tesis, regalando arbolitos y divulgando su frase <strong>\u201cPor amor a Puebla\u201d<\/strong>.<\/p>\n\n\n\n<p>Por lo pronto habr\u00e1 que releer a Mario Puzzo.<\/p>\n\n\n\n<p>O por lo menos, as\u00ed me lo parece.<\/p>\n\n\n\n<p><a href=\"mailto:losperiodistas.com.mx@gmail.com\">losperiodistas.com.mx@gmail.com<\/a><\/p>\n","protected":false},"excerpt":{"rendered":"<p>Miguel Barbosa y Eduardo Rivera intercambian mensajes en aras de conseguir o conservar el poder. La tendencia de un \u00abgobernador [&hellip;]<\/p>\n","protected":false},"author":1,"featured_media":39193,"comment_status":"open","ping_status":"open","sticky":false,"template":"","format":"standard","meta":{"site-sidebar-layout":"default","site-content-layout":"","ast-site-content-layout":"default","site-content-style":"default","site-sidebar-style":"default","ast-global-header-display":"","ast-banner-title-visibility":"","ast-main-header-display":"","ast-hfb-above-header-display":"","ast-hfb-below-header-display":"","ast-hfb-mobile-header-display":"","site-post-title":"","ast-breadcrumbs-content":"","ast-featured-img":"","footer-sml-layout":"","theme-transparent-header-meta":"","adv-header-id-meta":"","stick-header-meta":"","header-above-stick-meta":"","header-main-stick-meta":"","header-below-stick-meta":"","astra-migrate-meta-layouts":"default","ast-page-background-enabled":"default","ast-page-background-meta":{"desktop":{"background-color":"var(--ast-global-color-4)","background-image":"","background-repeat":"repeat","background-position":"center center","background-size":"auto","background-attachment":"scroll","background-type":"","background-media":"","overlay-type":"","overlay-color":"","overlay-opacity":"","overlay-gradient":""},"tablet":{"background-color":"","background-image":"","background-repeat":"repeat","background-position":"center center","background-size":"auto","background-attachment":"scroll","background-type":"","background-media":"","overlay-type":"","overlay-color":"","overlay-opacity":"","overlay-gradient":""},"mobile":{"background-color":"","background-image":"","background-repeat":"repeat","background-position":"center center","background-size":"auto","background-attachment":"scroll","background-type":"","background-media":"","overlay-type":"","overlay-color":"","overlay-opacity":"","overlay-gradient":""}},"ast-content-background-meta":{"desktop":{"background-color":"var(--ast-global-color-5)","background-image":"","background-repeat":"repeat","background-position":"center center","background-size":"auto","background-attachment":"scroll","background-type":"","background-media":"","overlay-type":"","overlay-color":"","overlay-opacity":"","overlay-gradient":""},"tablet":{"background-color":"var(--ast-global-color-5)","background-image":"","background-repeat":"repeat","background-position":"center center","background-size":"auto","background-attachment":"scroll","background-type":"","background-media":"","overlay-type":"","overlay-color":"","overlay-opacity":"","overlay-gradient":""},"mobile":{"background-color":"var(--ast-global-color-5)","background-image":"","background-repeat":"repeat","background-position":"center center","background-size":"auto","background-attachment":"scroll","background-type":"","background-media":"","overlay-type":"","overlay-color":"","overlay-opacity":"","overlay-gradient":""}},"footnotes":""},"categories":[8,5],"tags":[1286,8711,73],"class_list":["post-39192","post","type-post","status-publish","format-standard","has-post-thumbnail","hentry","category-noticias","category-por-soleares","tag-eduardo-rivera","tag-elecciones-puebla-2024","tag-miguel-barbosa"],"_links":{"self":[{"href":"https:\/\/losperiodistas.com.mx\/portal\/wp-json\/wp\/v2\/posts\/39192","targetHints":{"allow":["GET"]}}],"collection":[{"href":"https:\/\/losperiodistas.com.mx\/portal\/wp-json\/wp\/v2\/posts"}],"about":[{"href":"https:\/\/losperiodistas.com.mx\/portal\/wp-json\/wp\/v2\/types\/post"}],"author":[{"embeddable":true,"href":"https:\/\/losperiodistas.com.mx\/portal\/wp-json\/wp\/v2\/users\/1"}],"replies":[{"embeddable":true,"href":"https:\/\/losperiodistas.com.mx\/portal\/wp-json\/wp\/v2\/comments?post=39192"}],"version-history":[{"count":1,"href":"https:\/\/losperiodistas.com.mx\/portal\/wp-json\/wp\/v2\/posts\/39192\/revisions"}],"predecessor-version":[{"id":39200,"href":"https:\/\/losperiodistas.com.mx\/portal\/wp-json\/wp\/v2\/posts\/39192\/revisions\/39200"}],"wp:featuredmedia":[{"embeddable":true,"href":"https:\/\/losperiodistas.com.mx\/portal\/wp-json\/wp\/v2\/media\/39193"}],"wp:attachment":[{"href":"https:\/\/losperiodistas.com.mx\/portal\/wp-json\/wp\/v2\/media?parent=39192"}],"wp:term":[{"taxonomy":"category","embeddable":true,"href":"https:\/\/losperiodistas.com.mx\/portal\/wp-json\/wp\/v2\/categories?post=39192"},{"taxonomy":"post_tag","embeddable":true,"href":"https:\/\/losperiodistas.com.mx\/portal\/wp-json\/wp\/v2\/tags?post=39192"}],"curies":[{"name":"wp","href":"https:\/\/api.w.org\/{rel}","templated":true}]}}