{"id":3919,"date":"2021-01-28T06:40:50","date_gmt":"2021-01-28T12:40:50","guid":{"rendered":"http:\/\/losperiodistas.com.mx\/portal\/?p=3919"},"modified":"2021-01-28T06:40:50","modified_gmt":"2021-01-28T12:40:50","slug":"la-propuesta-de-bill-gates-sobre-las-vacunas-contra-la-covid-19-los-paises-ricos-pueden-hacerlo-cope","status":"publish","type":"post","link":"https:\/\/losperiodistas.com.mx\/portal\/la-propuesta-de-bill-gates-sobre-las-vacunas-contra-la-covid-19-los-paises-ricos-pueden-hacerlo-cope\/","title":{"rendered":"La propuesta de Bill Gates sobre las vacunas contra la covid-19: \u201cLos pa\u00edses ricos pueden hacerlo\u201d | Cope"},"content":{"rendered":"\n<p style=\"font-size:18px\"><em>El fundador de Microsoft, Bill Gates, ha lanzado una propuesta sobre las vacunas: \u201cLos pa\u00edses ricos pueden hacerlo\u201d<\/em><\/p>\n\n\n\n<p class=\"has-vivid-cyan-blue-color has-text-color has-medium-font-size\">CADENA COPE<\/p>\n\n\n\n<p>El fundador de\u00a0<strong><a href=\"https:\/\/www.cope.es\/tag\/tecnologia\/informatica\/microsoft\">Microsoft<\/a>,\u00a0<a href=\"https:\/\/www.cope.es\/tag\/tecnologia\/informatica\/microsoft\/bill-gates\">Bill Gates<\/a>, implicado con su fundaci\u00f3n en la financiaci\u00f3n de\u00a0<a href=\"https:\/\/www.cope.es\/tag\/sociedad-cultura\/vacuna\">vacunas<\/a>\u00a0contra el\u00a0<a href=\"https:\/\/www.cope.es\/tag\/actualidad\/virus\/coronavirus\">coronavirus<\/a>\u00a0para el mundo en desarrollo, ha pedido este jueves que los pa\u00edses ricos hagan contribuciones para que los beneficiarios las reciban de forma gratuita.<\/strong><\/p>\n\n\n\n<blockquote class=\"wp-block-quote is-style-large is-layout-flow wp-block-quote-is-layout-flow\"><p><strong>Los pa\u00edses ricos pueden hacerlo<\/strong><\/p><\/blockquote>\n\n\n\n<p>\u00ab<strong>Los pa\u00edses ricos pueden hacerl<\/strong>o. Es por su inter\u00e9s porque al final de la pandemia el mundo volver\u00e1 a la normalidad\u00bb, ha explicado Gates en una entrevista a la emisora francesa France Info.<\/p>\n\n\n\n<p>El multimillonario estadounidense, que a trav\u00e9s de la Fundaci\u00f3n Bill y Melinda Gates es uno de los<strong>&nbsp;promotores de la&nbsp;<a href=\"https:\/\/es.wikipedia.org\/wiki\/GAVI\" target=\"_blank\" rel=\"noreferrer noopener\">Alianza para la Vacunaci\u00f3n (GAVI)<\/a><\/strong>, que re\u00fane a pa\u00edses y a socios privados, justific\u00f3 la iniciativa porque&nbsp;<a href=\"https:\/\/www.cope.es\/actualidad\/internacional\/noticias\/negocio-las-vacunas-hasta-euros-por-dosis-contratos-opacos-20210127_1110187\">\u00abhay un problema de igualdad\u00bb<\/a>&nbsp;en el mundo a la hora de tener acceso a las vacunas, a las de la covid como al resto.<\/p>\n\n\n\n<p>Esa desigualdad &#8211; dijo &#8211; se va a traducir en que la vacunaci\u00f3n en los pa\u00edses pobres \u00abtardar\u00e1 un cierto tiempo\u00bb.<\/p>\n\n\n\n<p>Preguntado sobre&nbsp;<strong>si esas vacunas deber\u00edan ser gratuitas para esos pa\u00edses pobres, dijo que \u00abpor supuesto\u00bb<\/strong>.<\/p>\n\n\n\n<h3 class=\"wp-block-heading\">EL PROGRAMA COVAX CONTRA LA DESIGUALDAD<\/h3>\n\n\n\n<p>Gates hizo notar que por eso se ha lanzado el&nbsp;<strong>programa COVAX<\/strong>, en el que participa su fundaci\u00f3n pero tambi\u00e9n muchos Estados con el objetivo de<strong>&nbsp;financiar 1.200 millones de dosis para 92 pa\u00edses que cumplen una serie de condiciones<\/strong>. Se trata de conseguir all\u00ed una cobertura del 20 % de la poblaci\u00f3n para finales de a\u00f1o.<\/p>\n\n\n\n<p>Para ilustrar esas desigualdades, el director general de la&nbsp;<strong><a href=\"https:\/\/www.cope.es\/tag\/actualidad\/oms\">Organizaci\u00f3n Mundial de la Salud (OMS)<\/a><\/strong>, Tedros Adhanom Ghebreyesus, cont\u00f3 este mi\u00e9rcoles que el 75 % de las vacunas que se han inoculado se concentran en s\u00f3lo diez pa\u00edses.<\/p>\n\n\n\n<h2 class=\"wp-block-heading\">\u00bfY LOS CHIPS?<\/h2>\n\n\n\n<p>Sobre los rumores que han circulado &#8211; en algunos casos propagados por personalidades conocidas &#8211; de que&nbsp;<strong>el inter\u00e9s de Gates por las vacunas es instalar chips debajo de la piel para hacer un seguimiento masivo a las personas<\/strong>, el fundador de Microsoft no solo los desminti\u00f3 tajantemente, sino que asegur\u00f3 que no tiene \u00abninguna idea\u00bb de c\u00f3mo han surgido.<\/p>\n\n\n\n<p>Subray\u00f3 que \u00e9l\u00a0<strong>no est\u00e1 implicado en nada que tenga que ver con poner chips bajo la piel<\/strong>\u00a0y que su fundaci\u00f3n se dedica a promover la vacunaci\u00f3n contra diversas enfermedades<\/p>\n\n\n\n<p>Fuente: https:\/\/www.cope.es\/actualidad\/internacional\/noticias\/propuesta-bill-gates-vacunas-covid-19-paises-ricos-pueden-hacerlo-20210128_1110449<\/p>\n","protected":false},"excerpt":{"rendered":"<p>El fundador de Microsoft, Bill Gates, ha lanzado una propuesta sobre las vacunas: \u201cLos pa\u00edses ricos pueden hacerlo\u201d CADENA COPE [&hellip;]<\/p>\n","protected":false},"author":1,"featured_media":3920,"comment_status":"open","ping_status":"open","sticky":false,"template":"","format":"standard","meta":{"site-sidebar-layout":"default","site-content-layout":"","ast-site-content-layout":"default","site-content-style":"default","site-sidebar-style":"default","ast-global-header-display":"","ast-banner-title-visibility":"","ast-main-header-display":"","ast-hfb-above-header-display":"","ast-hfb-below-header-display":"","ast-hfb-mobile-header-display":"","site-post-title":"","ast-breadcrumbs-content":"","ast-featured-img":"","footer-sml-layout":"","theme-transparent-header-meta":"","adv-header-id-meta":"","stick-header-meta":"","header-above-stick-meta":"","header-main-stick-meta":"","header-below-stick-meta":"","astra-migrate-meta-layouts":"default","ast-page-background-enabled":"default","ast-page-background-meta":{"desktop":{"background-color":"var(--ast-global-color-4)","background-image":"","background-repeat":"repeat","background-position":"center center","background-size":"auto","background-attachment":"scroll","background-type":"","background-media":"","overlay-type":"","overlay-color":"","overlay-opacity":"","overlay-gradient":""},"tablet":{"background-color":"","background-image":"","background-repeat":"repeat","background-position":"center center","background-size":"auto","background-attachment":"scroll","background-type":"","background-media":"","overlay-type":"","overlay-color":"","overlay-opacity":"","overlay-gradient":""},"mobile":{"background-color":"","background-image":"","background-repeat":"repeat","background-position":"center center","background-size":"auto","background-attachment":"scroll","background-type":"","background-media":"","overlay-type":"","overlay-color":"","overlay-opacity":"","overlay-gradient":""}},"ast-content-background-meta":{"desktop":{"background-color":"var(--ast-global-color-5)","background-image":"","background-repeat":"repeat","background-position":"center center","background-size":"auto","background-attachment":"scroll","background-type":"","background-media":"","overlay-type":"","overlay-color":"","overlay-opacity":"","overlay-gradient":""},"tablet":{"background-color":"var(--ast-global-color-5)","background-image":"","background-repeat":"repeat","background-position":"center center","background-size":"auto","background-attachment":"scroll","background-type":"","background-media":"","overlay-type":"","overlay-color":"","overlay-opacity":"","overlay-gradient":""},"mobile":{"background-color":"var(--ast-global-color-5)","background-image":"","background-repeat":"repeat","background-position":"center center","background-size":"auto","background-attachment":"scroll","background-type":"","background-media":"","overlay-type":"","overlay-color":"","overlay-opacity":"","overlay-gradient":""}},"footnotes":""},"categories":[8],"tags":[],"class_list":["post-3919","post","type-post","status-publish","format-standard","has-post-thumbnail","hentry","category-noticias"],"_links":{"self":[{"href":"https:\/\/losperiodistas.com.mx\/portal\/wp-json\/wp\/v2\/posts\/3919","targetHints":{"allow":["GET"]}}],"collection":[{"href":"https:\/\/losperiodistas.com.mx\/portal\/wp-json\/wp\/v2\/posts"}],"about":[{"href":"https:\/\/losperiodistas.com.mx\/portal\/wp-json\/wp\/v2\/types\/post"}],"author":[{"embeddable":true,"href":"https:\/\/losperiodistas.com.mx\/portal\/wp-json\/wp\/v2\/users\/1"}],"replies":[{"embeddable":true,"href":"https:\/\/losperiodistas.com.mx\/portal\/wp-json\/wp\/v2\/comments?post=3919"}],"version-history":[{"count":1,"href":"https:\/\/losperiodistas.com.mx\/portal\/wp-json\/wp\/v2\/posts\/3919\/revisions"}],"predecessor-version":[{"id":3921,"href":"https:\/\/losperiodistas.com.mx\/portal\/wp-json\/wp\/v2\/posts\/3919\/revisions\/3921"}],"wp:featuredmedia":[{"embeddable":true,"href":"https:\/\/losperiodistas.com.mx\/portal\/wp-json\/wp\/v2\/media\/3920"}],"wp:attachment":[{"href":"https:\/\/losperiodistas.com.mx\/portal\/wp-json\/wp\/v2\/media?parent=3919"}],"wp:term":[{"taxonomy":"category","embeddable":true,"href":"https:\/\/losperiodistas.com.mx\/portal\/wp-json\/wp\/v2\/categories?post=3919"},{"taxonomy":"post_tag","embeddable":true,"href":"https:\/\/losperiodistas.com.mx\/portal\/wp-json\/wp\/v2\/tags?post=3919"}],"curies":[{"name":"wp","href":"https:\/\/api.w.org\/{rel}","templated":true}]}}