{"id":39170,"date":"2022-10-16T07:43:22","date_gmt":"2022-10-16T12:43:22","guid":{"rendered":"http:\/\/losperiodistas.com.mx\/portal\/?p=39170"},"modified":"2022-10-16T07:43:23","modified_gmt":"2022-10-16T12:43:23","slug":"soy-producto-de-las-asambleas-y-la-democracia-armenta-angulo-7","status":"publish","type":"post","link":"https:\/\/losperiodistas.com.mx\/portal\/soy-producto-de-las-asambleas-y-la-democracia-armenta-angulo-7\/","title":{"rendered":"\u00abSoy producto de las asambleas y la democracia\u00bb: Armenta\u00a0| \u00c1ngulo 7"},"content":{"rendered":"\n<figure class=\"wp-block-image size-full is-style-default\"><img fetchpriority=\"high\" decoding=\"async\" width=\"620\" height=\"330\" src=\"https:\/\/losperiodistas.com.mx\/portal\/wp-content\/uploads\/2022\/10\/Armenta-Mier.jpeg\" alt=\"\" class=\"wp-image-39171\" srcset=\"https:\/\/losperiodistas.com.mx\/portal\/wp-content\/uploads\/2022\/10\/Armenta-Mier.jpeg 620w, https:\/\/losperiodistas.com.mx\/portal\/wp-content\/uploads\/2022\/10\/Armenta-Mier-300x160.jpeg 300w\" sizes=\"(max-width: 620px) 100vw, 620px\" \/><figcaption><em>\u00abSoy producto de las asambleas y la democracia\u00bb: Armenta. Foto: Especial<\/em><\/figcaption><\/figure>\n\n\n\n<p class=\"has-vivid-cyan-blue-color has-text-color has-medium-font-size\">\u00c1NGULO 7<\/p>\n\n\n\n<p>En&nbsp;<strong>Hueytamalco<\/strong>, el senador poblano de&nbsp;<strong>Morena, Alejandro Armenta Mier<\/strong>, destac\u00f3 ser producto de la&nbsp;<strong>voluntad popular y del asamble\u00edsmo comunitario<\/strong>&nbsp;ayuda a construir escenarios \u00f3ptimos de la democracia.<\/p>\n\n\n\n<p>Durante esta visita por el&nbsp;<strong>municipio de la Sierra Nororiental,<\/strong>&nbsp;refiri\u00f3 que un puesto o cargo&nbsp;<strong>\u00abno hace m\u00e1s o menos a una persona<\/strong>, en cualquiera de \u00e9stos debemos s<strong>eguir caminando y conociendo nuestro entorno<\/strong>&nbsp;para dar soluciones reales a lo que se requiere\u00bb.<\/p>\n\n\n\n<p>Por otro lado, destac\u00f3 que lo m\u00e1s importante es respetar los derechos universales como la&nbsp;<strong>salud, la seguridad humana, la educaci\u00f3n y el cuidado del medio ambiente.<\/strong><\/p>\n\n\n\n<p>El presidente del Senado present\u00f3 su<strong>&nbsp;tesis doctoral \u00abPor Amor a Puebla\u00bb<\/strong>&nbsp;que se sustenta en la bio\u00e9tica como el mecanismo para la satisfacci\u00f3n de las necesidades sociales a trav\u00e9s de&nbsp;<strong>gobiernos humanos y cercanos a la poblaci\u00f3n.<\/strong><\/p>\n\n\n\n<p>En ese esquema son\u00a0<strong>tres dimensiones<\/strong>\u00a0a tomar en cuenta para lograr el bienestar: S<strong>eguridad, Justicia y Econom\u00eda Social generando riqueza comunitaria,<\/strong>\u00a0logrando gobiernos eficientes y eficaces.<\/p>\n\n\n\n<p><strong>Armenta Mier<\/strong>&nbsp;resalt\u00f3 que en la construcci\u00f3n de mejores condiciones para&nbsp;<strong>los poblanos se requiere contextualizar<\/strong>&nbsp;a nuestra Puebla como una entidad&nbsp;<strong>cosmop\u00f3lita, pluri\u00e9tnica y pluricultural.<\/strong><\/p>\n\n\n\n<p>El&nbsp;<strong>legislador morenista<\/strong>&nbsp;refiri\u00f3 que la sensibilidad de los&nbsp;<strong>gobiernos humanos radica en el conocimiento del entorno<\/strong>&nbsp;y de las necesidades sociales, \u00ab<strong>caminar las calles hacer vereda<\/strong>, nos ayuda a comprender lo que las personas&nbsp;<strong>piensan, sienten y requieren<\/strong>\u00ab.<\/p>\n\n\n\n<p>\u00abSeguimos el ejemplo del<strong>\u00a0presidente Andr\u00e9s Manuel L\u00f3pez Obrador<\/strong>\u00a0de escuchar a la gente; por eso se est\u00e1n recuperando los energ\u00e9ticos porque sabe de lo que el<strong>\u00a0pa\u00eds requiere<\/strong>\u00ab.<\/p>\n\n\n\n<p>En esta presentaci\u00f3n de la tesis doctoral<strong>\u00a0\u00abPor Amor A Puebla\u00bb en Hueytamalco<\/strong>, el senador Armenta reconoci\u00f3 la labor del\u00a0<strong>gobernador Miguel Barbosa<\/strong>\u00a0por contar con un\u00a0<strong>gobierno humano y de situar a Puebla<\/strong>\u00a0como un\u00a0<strong>polo de desarrollo econ\u00f3mico.<\/strong><\/p>\n\n\n\n<p>Fuente: https:\/\/www.angulo7.com.mx\/2022\/10\/15\/soy-producto-de-las-asambleas-y-la-democracia-armenta\/<\/p>\n","protected":false},"excerpt":{"rendered":"<p>\u00c1NGULO 7 En&nbsp;Hueytamalco, el senador poblano de&nbsp;Morena, Alejandro Armenta Mier, destac\u00f3 ser producto de la&nbsp;voluntad popular y del asamble\u00edsmo comunitario&nbsp;ayuda [&hellip;]<\/p>\n","protected":false},"author":1,"featured_media":39171,"comment_status":"open","ping_status":"open","sticky":false,"template":"","format":"standard","meta":{"site-sidebar-layout":"default","site-content-layout":"","ast-site-content-layout":"default","site-content-style":"default","site-sidebar-style":"default","ast-global-header-display":"","ast-banner-title-visibility":"","ast-main-header-display":"","ast-hfb-above-header-display":"","ast-hfb-below-header-display":"","ast-hfb-mobile-header-display":"","site-post-title":"","ast-breadcrumbs-content":"","ast-featured-img":"","footer-sml-layout":"","theme-transparent-header-meta":"","adv-header-id-meta":"","stick-header-meta":"","header-above-stick-meta":"","header-main-stick-meta":"","header-below-stick-meta":"","astra-migrate-meta-layouts":"default","ast-page-background-enabled":"default","ast-page-background-meta":{"desktop":{"background-color":"var(--ast-global-color-4)","background-image":"","background-repeat":"repeat","background-position":"center center","background-size":"auto","background-attachment":"scroll","background-type":"","background-media":"","overlay-type":"","overlay-color":"","overlay-opacity":"","overlay-gradient":""},"tablet":{"background-color":"","background-image":"","background-repeat":"repeat","background-position":"center center","background-size":"auto","background-attachment":"scroll","background-type":"","background-media":"","overlay-type":"","overlay-color":"","overlay-opacity":"","overlay-gradient":""},"mobile":{"background-color":"","background-image":"","background-repeat":"repeat","background-position":"center center","background-size":"auto","background-attachment":"scroll","background-type":"","background-media":"","overlay-type":"","overlay-color":"","overlay-opacity":"","overlay-gradient":""}},"ast-content-background-meta":{"desktop":{"background-color":"var(--ast-global-color-5)","background-image":"","background-repeat":"repeat","background-position":"center center","background-size":"auto","background-attachment":"scroll","background-type":"","background-media":"","overlay-type":"","overlay-color":"","overlay-opacity":"","overlay-gradient":""},"tablet":{"background-color":"var(--ast-global-color-5)","background-image":"","background-repeat":"repeat","background-position":"center center","background-size":"auto","background-attachment":"scroll","background-type":"","background-media":"","overlay-type":"","overlay-color":"","overlay-opacity":"","overlay-gradient":""},"mobile":{"background-color":"var(--ast-global-color-5)","background-image":"","background-repeat":"repeat","background-position":"center center","background-size":"auto","background-attachment":"scroll","background-type":"","background-media":"","overlay-type":"","overlay-color":"","overlay-opacity":"","overlay-gradient":""}},"footnotes":""},"categories":[8],"tags":[2147,8711,13190],"class_list":["post-39170","post","type-post","status-publish","format-standard","has-post-thumbnail","hentry","category-noticias","tag-alejandro-armenta-mier","tag-elecciones-puebla-2024","tag-por-amor-a-puebla"],"_links":{"self":[{"href":"https:\/\/losperiodistas.com.mx\/portal\/wp-json\/wp\/v2\/posts\/39170","targetHints":{"allow":["GET"]}}],"collection":[{"href":"https:\/\/losperiodistas.com.mx\/portal\/wp-json\/wp\/v2\/posts"}],"about":[{"href":"https:\/\/losperiodistas.com.mx\/portal\/wp-json\/wp\/v2\/types\/post"}],"author":[{"embeddable":true,"href":"https:\/\/losperiodistas.com.mx\/portal\/wp-json\/wp\/v2\/users\/1"}],"replies":[{"embeddable":true,"href":"https:\/\/losperiodistas.com.mx\/portal\/wp-json\/wp\/v2\/comments?post=39170"}],"version-history":[{"count":1,"href":"https:\/\/losperiodistas.com.mx\/portal\/wp-json\/wp\/v2\/posts\/39170\/revisions"}],"predecessor-version":[{"id":39172,"href":"https:\/\/losperiodistas.com.mx\/portal\/wp-json\/wp\/v2\/posts\/39170\/revisions\/39172"}],"wp:featuredmedia":[{"embeddable":true,"href":"https:\/\/losperiodistas.com.mx\/portal\/wp-json\/wp\/v2\/media\/39171"}],"wp:attachment":[{"href":"https:\/\/losperiodistas.com.mx\/portal\/wp-json\/wp\/v2\/media?parent=39170"}],"wp:term":[{"taxonomy":"category","embeddable":true,"href":"https:\/\/losperiodistas.com.mx\/portal\/wp-json\/wp\/v2\/categories?post=39170"},{"taxonomy":"post_tag","embeddable":true,"href":"https:\/\/losperiodistas.com.mx\/portal\/wp-json\/wp\/v2\/tags?post=39170"}],"curies":[{"name":"wp","href":"https:\/\/api.w.org\/{rel}","templated":true}]}}