{"id":38990,"date":"2022-10-13T10:16:02","date_gmt":"2022-10-13T15:16:02","guid":{"rendered":"http:\/\/losperiodistas.com.mx\/portal\/?p=38990"},"modified":"2022-10-13T10:16:04","modified_gmt":"2022-10-13T15:16:04","slug":"quienes-son-los-42-posibles-candidatos-de-la-oposicion-rumbo-al-2024-segun-amlo-infobae","status":"publish","type":"post","link":"https:\/\/losperiodistas.com.mx\/portal\/quienes-son-los-42-posibles-candidatos-de-la-oposicion-rumbo-al-2024-segun-amlo-infobae\/","title":{"rendered":"Qui\u00e9nes son los 42 posibles candidatos de la oposici\u00f3n rumbo al 2024, seg\u00fan AMLO | Infobae"},"content":{"rendered":"\n<p class=\"has-medium-font-size\">Tras dar a conocer la lista de los posibles aspirantes, el presidente L\u00f3pez Obrador brome\u00f3 en que falta revelar qui\u00e9n ser\u00e1 el pol\u00edtico que dar\u00e1 el \u201cdedazo\u201d para elegir al abanderado que competir\u00e1 por la presidencia de M\u00e9xico<\/p>\n\n\n\n<figure class=\"wp-block-image size-large is-style-default\"><img fetchpriority=\"high\" decoding=\"async\" width=\"1024\" height=\"576\" src=\"https:\/\/losperiodistas.com.mx\/portal\/wp-content\/uploads\/2022\/10\/3BAE6LOFBFD7BL6UPPJEC5UTOY-1024x576.jpg\" alt=\"\" class=\"wp-image-38991\" srcset=\"https:\/\/losperiodistas.com.mx\/portal\/wp-content\/uploads\/2022\/10\/3BAE6LOFBFD7BL6UPPJEC5UTOY-1024x576.jpg 1024w, https:\/\/losperiodistas.com.mx\/portal\/wp-content\/uploads\/2022\/10\/3BAE6LOFBFD7BL6UPPJEC5UTOY-300x169.jpg 300w, https:\/\/losperiodistas.com.mx\/portal\/wp-content\/uploads\/2022\/10\/3BAE6LOFBFD7BL6UPPJEC5UTOY-768x432.jpg 768w, https:\/\/losperiodistas.com.mx\/portal\/wp-content\/uploads\/2022\/10\/3BAE6LOFBFD7BL6UPPJEC5UTOY.jpg 1440w\" sizes=\"(max-width: 1024px) 100vw, 1024px\" \/><figcaption>AMLO \u201cdestap\u00f3\u201d a los posibles candidatos a la presidencia de la oposici\u00f3n rumbo al 2024 (Foto: Captura de pantalla)<\/figcaption><\/figure>\n\n\n\n<p class=\"has-vivid-cyan-blue-color has-text-color has-medium-font-size\">INFOBAE<\/p>\n\n\n\n<p>El presidente Andr\u00e9s Manuel L\u00f3pez Obrador (<strong>AMLO<\/strong>) \u201c<strong>destap\u00f3<\/strong>&#8216;\u2019&nbsp;<strong>a los posibles candidatos del bloque opositor&nbsp;<\/strong>que podr\u00edan competir en las&nbsp;<strong>elecciones del 2024<\/strong>&nbsp;por la presidencia de la Rep\u00fablica.<\/p>\n\n\n\n<p>Este jueves 13 de octubre, durante su conferencia de prensa, el mandatario federal&nbsp;<strong>mostr\u00f3 una lista con 42 personajes de la pol\u00edtica, medios de comunicaci\u00f3n y empresarios&nbsp;<\/strong>que, a su parecer, podr\u00edan participar en las elecciones presidenciales del 24 como&nbsp;<strong>candidatos del bloque \u201cconservador\u201d.<\/strong><\/p>\n\n\n\n<p>De acuerdo con el jefe del Ejecutivo federal, estos personajes&nbsp;<strong>han expresado su deseo por ser la o el abanderado de la oposici\u00f3n<\/strong>, han aparecido en encuestas o los han propuesto.<\/p>\n\n\n\n<blockquote class=\"wp-block-quote is-layout-flow wp-block-quote-is-layout-flow\"><p>\u201cPara que vean cu\u00e1ntos hay del bloque conservador.&nbsp;<strong>Dije que eran 38 pero salieron 42<\/strong>, de una vez, vamos a destapar\u201d<\/p><\/blockquote>\n\n\n\n<h2 class=\"wp-block-heading\">Qui\u00e9nes son los candidatos del bloque opositor, seg\u00fan AMLO<\/h2>\n\n\n\n<p><img decoding=\"async\" alt=\"De acuerdo con el jefe del Ejecutivo federal, estos personajes han expresado su deseo por ser la o el abanderado de la oposici\u00f3n (Foto: Captura de pantalla)\" height=\"517\" width=\"942\" class=\"\" src=\"https:\/\/cloudfront-us-east-1.images.arcpublishing.com\/infobae\/QULQOUHNZ5EVZKN4L44GENLVCE.jpg\" srcset=\"https:\/\/www.infobae.com\/new-resizer\/T-1DqX5ueTJps9kkGAYVtnkZ3_0=\/420x236\/filters:format(webp):quality(85)\/cloudfront-us-east-1.images.arcpublishing.com\/infobae\/QULQOUHNZ5EVZKN4L44GENLVCE.jpg 420w,https:\/\/www.infobae.com\/new-resizer\/HrbNW6zBipiBORKoJ90tlaI0QfM=\/768x432\/filters:format(webp):quality(85)\/cloudfront-us-east-1.images.arcpublishing.com\/infobae\/QULQOUHNZ5EVZKN4L44GENLVCE.jpg 768w,https:\/\/www.infobae.com\/new-resizer\/chmf-oEoFWMmhxnp3Qdii7Brr7s=\/992x558\/filters:format(webp):quality(85)\/cloudfront-us-east-1.images.arcpublishing.com\/infobae\/QULQOUHNZ5EVZKN4L44GENLVCE.jpg 992w,https:\/\/www.infobae.com\/new-resizer\/AtERpgmy0AR8p6Cd9u_0EValDSM=\/1200x675\/filters:format(webp):quality(85)\/cloudfront-us-east-1.images.arcpublishing.com\/infobae\/QULQOUHNZ5EVZKN4L44GENLVCE.jpg 1200w,https:\/\/www.infobae.com\/new-resizer\/v53DCMJpjz5mgKx9jAFm9BuFaA4=\/1440x810\/filters:format(webp):quality(85)\/cloudfront-us-east-1.images.arcpublishing.com\/infobae\/QULQOUHNZ5EVZKN4L44GENLVCE.jpg 1440w\">De acuerdo con el jefe del Ejecutivo federal, estos personajes han expresado su deseo por ser la o el abanderado de la oposici\u00f3n (Foto: Captura de pantalla)<\/p>\n\n\n\n<p>La lista que present\u00f3 el presidente L\u00f3pez Obrador durante su tradicional&nbsp;<em>ma\u00f1anera&nbsp;<\/em>es liderada por el dirigente nacional del Partido Revolucionario Institucional (PRI),&nbsp;<strong>Alejandro&nbsp;<\/strong><em><strong>Alito&nbsp;<\/strong><\/em><strong>Moreno<\/strong>&nbsp;C\u00e1rdenas; la senadora del tricolor,&nbsp;<strong>Beatriz Paredes<\/strong>&nbsp;Rangel, y el periodista&nbsp;<strong>Carlos Loret<\/strong>&nbsp;de Mola.<\/p>\n\n\n\n<p>Entre los precandidatos tambi\u00e9n se encuentra el ex gobernador del Banco de M\u00e9xico,&nbsp;<strong>Agust\u00edn Carstens<\/strong>; el gobernador de Guanajuato de 1991 a 1995,&nbsp;<strong>Carlos Medina Plascencia<\/strong>; y los empresarios&nbsp;<strong>Claudio X. Gonz\u00e1lez&nbsp;<\/strong>y&nbsp;<strong>Gustavo de Hoyos<\/strong>.<\/p>\n\n\n\n<p>Asimismo, el creador de contenidos&nbsp;<strong>Chumel Torres<\/strong>; los periodistas&nbsp;<strong>Denisse Dresser&nbsp;<\/strong>y<strong>&nbsp;Pedro Ferriz de Con<\/strong>; el senador independiente<strong>&nbsp;Emilio \u00c1lvarez<\/strong>&nbsp;Icaza; el ex secretario de turismo&nbsp;<strong>Enrique De La Madrid;&nbsp;<\/strong>y el l\u00edder del Frente Nacional Anti AMLO(FRENAAA)&nbsp;<strong>Gilberto Lozano.<\/strong><img decoding=\"async\" alt=\"AMLO \u201cdestap\u00f3\u201d a los posibles candidatos a la presidencia de la oposici\u00f3n rumbo al 2024 (Foto: Captura de pantalla)\" height=\"727\" width=\"1284\" class=\"\" src=\"https:\/\/cloudfront-us-east-1.images.arcpublishing.com\/infobae\/3BAE6LOFBFD7BL6UPPJEC5UTOY.jpg\" srcset=\"https:\/\/www.infobae.com\/new-resizer\/Q8qGeVDyt8LQIOfqDFEAeB0C9gI=\/420x236\/filters:format(webp):quality(85)\/cloudfront-us-east-1.images.arcpublishing.com\/infobae\/3BAE6LOFBFD7BL6UPPJEC5UTOY.jpg 420w,https:\/\/www.infobae.com\/new-resizer\/EizAY_OgrfGj9CXAkXtV0k7Y8uo=\/768x432\/filters:format(webp):quality(85)\/cloudfront-us-east-1.images.arcpublishing.com\/infobae\/3BAE6LOFBFD7BL6UPPJEC5UTOY.jpg 768w,https:\/\/www.infobae.com\/new-resizer\/q7-akcnJDmCzVPf23fXWTmDy3p4=\/992x558\/filters:format(webp):quality(85)\/cloudfront-us-east-1.images.arcpublishing.com\/infobae\/3BAE6LOFBFD7BL6UPPJEC5UTOY.jpg 992w,https:\/\/www.infobae.com\/new-resizer\/-9ATul_b3Wd4qu_2S8DrWx6MPbU=\/1200x675\/filters:format(webp):quality(85)\/cloudfront-us-east-1.images.arcpublishing.com\/infobae\/3BAE6LOFBFD7BL6UPPJEC5UTOY.jpg 1200w,https:\/\/www.infobae.com\/new-resizer\/ya5JP5HAO70QlBNxt4t3N_Lb3og=\/1440x810\/filters:format(webp):quality(85)\/cloudfront-us-east-1.images.arcpublishing.com\/infobae\/3BAE6LOFBFD7BL6UPPJEC5UTOY.jpg 1440w\">AMLO \u201cdestap\u00f3\u201d a los posibles candidatos a la presidencia de la oposici\u00f3n rumbo al 2024 (Foto: Captura de pantalla)<\/p>\n\n\n\n<p>En tanto, los precandidatos se\u00f1alados por AMLO que salen del Partido Acci\u00f3n Nacional (<strong>PAN<\/strong>) son:<\/p>\n\n\n\n<p>Marco Cort\u00e9s, dirigente nacional<\/p>\n\n\n\n<p><strong>Ricardo Anaya<\/strong>, excandidato presidencial<\/p>\n\n\n\n<p>Diego Fern\u00e1ndez de Cevallos, excandidato presidencial<\/p>\n\n\n\n<p>Senadores y senadoras:&nbsp;<strong>Lilly T\u00e9llez<\/strong>, Kenia L\u00f3pez Rabad\u00e1n, X\u00f3chitl G\u00e1lvez Ruiz, Dami\u00e1n Zepeda, Gustavo Madero<\/p>\n\n\n\n<p>Diputados:&nbsp;<strong>Santiago Creel<\/strong>, Gabriel Quadri y Margarita Zavala<\/p>\n\n\n\n<p>Gobernadores y gobernadoras:&nbsp;<strong>Maru Campos<\/strong>&nbsp;(Chihuahua), Mauricio Kuri (Quer\u00e9taro),&nbsp;<strong>Mauricio Vila<\/strong>&nbsp;(Yucat\u00e1n), Fernando Canales Clariond (ex mandatario de Nuevo Le\u00f3n),&nbsp;<strong>Juan Carlos Romero Hicks<\/strong>, (ex mandatario de Guanajuato).<img loading=\"lazy\" decoding=\"async\" alt=\"L\u00f3pez Obrador enlist\u00f3 a Dante Delgado; Demetrio Sodi de la Tijera; Enrique Alfaro; y Luis Donaldo Colosio Riojas (EFE\/ Francisco Guasco)\n\" height=\"2523\" width=\"4000\" class=\"\" src=\"https:\/\/cloudfront-us-east-1.images.arcpublishing.com\/infobae\/XMNZE7KLEJEGVIIUQ4CPYJQDKM.jpg\" srcset=\"https:\/\/www.infobae.com\/new-resizer\/6iy21wbRXTcyP-rWHwCyg-wEUQw=\/992x606\/filters:format(webp):quality(85)\/cloudfront-us-east-1.images.arcpublishing.com\/infobae\/XMNZE7KLEJEGVIIUQ4CPYJQDKM.jpg 992w\">L\u00f3pez Obrador enlist\u00f3 a Dante Delgado; Demetrio Sodi de la Tijera; Enrique Alfaro; y Luis Donaldo Colosio Riojas (EFE\/ Francisco Guasco)<\/p>\n\n\n\n<p>Mientras que del&nbsp;<strong>PRI&nbsp;<\/strong>se encuentra:<\/p>\n\n\n\n<p>Jos\u00e9 \u00c1ngel Gurr\u00eda, ex secretario de Relaciones Exteriores<\/p>\n\n\n\n<p><strong>Ildefonso Guajardo<\/strong>&nbsp;Villarreal, diputado<\/p>\n\n\n\n<p>Miguel \u00c1ngel&nbsp;<strong>Osorio Chong<\/strong>, senador y ex secretario de Gobernaci\u00f3n<\/p>\n\n\n\n<p>Miguel \u00c1ngel&nbsp;<strong>Riquelme Sol\u00eds<\/strong>, gobernador de Coahuil<\/p>\n\n\n\n<p>Adem\u00e1s, L\u00f3pez Obrador enlist\u00f3 al senador de Movimiento Ciudadano,&nbsp;<strong>Dante Delgado<\/strong>; el exsenador y alcalde de Miguel Hidalgo, Demetrio Sodi de la Tijera; el gobernador de Jalisco,&nbsp;<strong>Enrique Alfaro<\/strong>; y el alcalde de Monterrey,&nbsp;<strong>Luis Donaldo Colosio<\/strong>&nbsp;Riojas.<\/p>\n\n\n\n<p>As\u00ed como el consejero presidente del Instituto Nacional Electoral (INE),&nbsp;<strong>Lorenzo C\u00f3rdova<\/strong>; el gobernador de Nuevo Le\u00f3n,&nbsp;<strong>Samuel Garc\u00eda<\/strong>; el senador del PRD y ex jefe de Gobierno de la Ciudad de M\u00e9xico, Miguel \u00c1ngel&nbsp;<strong>Mancera<\/strong>; la senadora Patricia Mercado; y el ex gobernador perredista de Michoac\u00e1n,&nbsp;<strong>Silvano Aureoles<\/strong>.<\/p>\n\n\n\n<p>Tras finalizar de leer la lista, el mandatario federal brome\u00f3 en que se debe a\u00f1adir al ex gobernador de Tamaulipas, Francisco Garc\u00eda&nbsp;<strong>Cabeza de Vaca<\/strong>: \u201cNo se sabe si es culpable o no,&nbsp;<strong>es presunto, agr\u00e9guenlo<\/strong>\u201d.<\/p>\n\n\n\n<p>Desde Palacio Nacional, el jefe del Ejecutivo federal consider\u00f3 que&nbsp;<strong>hace falta ver qui\u00e9n ser\u00e1 el pol\u00edtico de oposici\u00f3n que dar\u00e1 \u201cel dedazo\u201d&nbsp;<\/strong>para elegir al candidato que competir\u00e1 en las urnas contra Movimiento Regeneraci\u00f3n Nacional (Morena).<\/p>\n\n\n\n<blockquote class=\"wp-block-quote has-text-align-left is-layout-flow wp-block-quote-is-layout-flow\"><p>\u201cFalta quienes van a dar el dedazo, tienen que ser los machuchones, los de mero arriba\u201d<\/p><p><\/p><cite>Fuente: https:\/\/www.infobae.com\/america\/mexico\/2022\/10\/13\/quienes-son-los-42-posibles-candidatos-de-la-oposicion-rumbo-al-2024-segun-amlo\/<\/cite><\/blockquote>\n","protected":false},"excerpt":{"rendered":"<p>Tras dar a conocer la lista de los posibles aspirantes, el presidente L\u00f3pez Obrador brome\u00f3 en que falta revelar qui\u00e9n [&hellip;]<\/p>\n","protected":false},"author":1,"featured_media":38992,"comment_status":"open","ping_status":"open","sticky":false,"template":"","format":"standard","meta":{"site-sidebar-layout":"default","site-content-layout":"","ast-site-content-layout":"default","site-content-style":"default","site-sidebar-style":"default","ast-global-header-display":"","ast-banner-title-visibility":"","ast-main-header-display":"","ast-hfb-above-header-display":"","ast-hfb-below-header-display":"","ast-hfb-mobile-header-display":"","site-post-title":"","ast-breadcrumbs-content":"","ast-featured-img":"","footer-sml-layout":"","theme-transparent-header-meta":"","adv-header-id-meta":"","stick-header-meta":"","header-above-stick-meta":"","header-main-stick-meta":"","header-below-stick-meta":"","astra-migrate-meta-layouts":"default","ast-page-background-enabled":"default","ast-page-background-meta":{"desktop":{"background-color":"var(--ast-global-color-4)","background-image":"","background-repeat":"repeat","background-position":"center center","background-size":"auto","background-attachment":"scroll","background-type":"","background-media":"","overlay-type":"","overlay-color":"","overlay-opacity":"","overlay-gradient":""},"tablet":{"background-color":"","background-image":"","background-repeat":"repeat","background-position":"center center","background-size":"auto","background-attachment":"scroll","background-type":"","background-media":"","overlay-type":"","overlay-color":"","overlay-opacity":"","overlay-gradient":""},"mobile":{"background-color":"","background-image":"","background-repeat":"repeat","background-position":"center center","background-size":"auto","background-attachment":"scroll","background-type":"","background-media":"","overlay-type":"","overlay-color":"","overlay-opacity":"","overlay-gradient":""}},"ast-content-background-meta":{"desktop":{"background-color":"var(--ast-global-color-5)","background-image":"","background-repeat":"repeat","background-position":"center center","background-size":"auto","background-attachment":"scroll","background-type":"","background-media":"","overlay-type":"","overlay-color":"","overlay-opacity":"","overlay-gradient":""},"tablet":{"background-color":"var(--ast-global-color-5)","background-image":"","background-repeat":"repeat","background-position":"center center","background-size":"auto","background-attachment":"scroll","background-type":"","background-media":"","overlay-type":"","overlay-color":"","overlay-opacity":"","overlay-gradient":""},"mobile":{"background-color":"var(--ast-global-color-5)","background-image":"","background-repeat":"repeat","background-position":"center center","background-size":"auto","background-attachment":"scroll","background-type":"","background-media":"","overlay-type":"","overlay-color":"","overlay-opacity":"","overlay-gradient":""}},"footnotes":""},"categories":[8],"tags":[199,13139,5486],"class_list":["post-38990","post","type-post","status-publish","format-standard","has-post-thumbnail","hentry","category-noticias","tag-amlo","tag-candidatos-oposicion","tag-elecciones-2024"],"_links":{"self":[{"href":"https:\/\/losperiodistas.com.mx\/portal\/wp-json\/wp\/v2\/posts\/38990","targetHints":{"allow":["GET"]}}],"collection":[{"href":"https:\/\/losperiodistas.com.mx\/portal\/wp-json\/wp\/v2\/posts"}],"about":[{"href":"https:\/\/losperiodistas.com.mx\/portal\/wp-json\/wp\/v2\/types\/post"}],"author":[{"embeddable":true,"href":"https:\/\/losperiodistas.com.mx\/portal\/wp-json\/wp\/v2\/users\/1"}],"replies":[{"embeddable":true,"href":"https:\/\/losperiodistas.com.mx\/portal\/wp-json\/wp\/v2\/comments?post=38990"}],"version-history":[{"count":1,"href":"https:\/\/losperiodistas.com.mx\/portal\/wp-json\/wp\/v2\/posts\/38990\/revisions"}],"predecessor-version":[{"id":38993,"href":"https:\/\/losperiodistas.com.mx\/portal\/wp-json\/wp\/v2\/posts\/38990\/revisions\/38993"}],"wp:featuredmedia":[{"embeddable":true,"href":"https:\/\/losperiodistas.com.mx\/portal\/wp-json\/wp\/v2\/media\/38992"}],"wp:attachment":[{"href":"https:\/\/losperiodistas.com.mx\/portal\/wp-json\/wp\/v2\/media?parent=38990"}],"wp:term":[{"taxonomy":"category","embeddable":true,"href":"https:\/\/losperiodistas.com.mx\/portal\/wp-json\/wp\/v2\/categories?post=38990"},{"taxonomy":"post_tag","embeddable":true,"href":"https:\/\/losperiodistas.com.mx\/portal\/wp-json\/wp\/v2\/tags?post=38990"}],"curies":[{"name":"wp","href":"https:\/\/api.w.org\/{rel}","templated":true}]}}