{"id":38770,"date":"2022-10-10T08:00:25","date_gmt":"2022-10-10T13:00:25","guid":{"rendered":"http:\/\/losperiodistas.com.mx\/portal\/?p=38770"},"modified":"2022-10-10T08:00:26","modified_gmt":"2022-10-10T13:00:26","slug":"coparmex-urge-modificar-politica-social-ante-aumento-de-pobreza-forbes","status":"publish","type":"post","link":"https:\/\/losperiodistas.com.mx\/portal\/coparmex-urge-modificar-politica-social-ante-aumento-de-pobreza-forbes\/","title":{"rendered":"Coparmex urge modificar pol\u00edtica social ante aumento de pobreza | Forbes"},"content":{"rendered":"\n<p><em>Entre 2018 y 2020, el porcentaje de la poblaci\u00f3n del pa\u00eds en situaci\u00f3n de pobreza aument\u00f3 de 41.9% a 43.9%, por esto la Coparmex propone 7 acciones para mejorar la pol\u00edtica social del pa\u00eds.<\/em><\/p>\n\n\n\n<figure class=\"wp-block-image size-large is-style-default\"><img fetchpriority=\"high\" decoding=\"async\" width=\"1024\" height=\"576\" src=\"https:\/\/losperiodistas.com.mx\/portal\/wp-content\/uploads\/2022\/10\/A200427121-1024x576.jpeg\" alt=\"\" class=\"wp-image-38771\" srcset=\"https:\/\/losperiodistas.com.mx\/portal\/wp-content\/uploads\/2022\/10\/A200427121-1024x576.jpeg 1024w, https:\/\/losperiodistas.com.mx\/portal\/wp-content\/uploads\/2022\/10\/A200427121-300x169.jpeg 300w, https:\/\/losperiodistas.com.mx\/portal\/wp-content\/uploads\/2022\/10\/A200427121-768x432.jpeg 768w, https:\/\/losperiodistas.com.mx\/portal\/wp-content\/uploads\/2022\/10\/A200427121.jpeg 1280w\" sizes=\"(max-width: 1024px) 100vw, 1024px\" \/><figcaption><em>Foto: Ernesto \u00c1lvarez \/ Notimex.<\/em><\/figcaption><\/figure>\n\n\n\n<p class=\"has-vivid-cyan-blue-color has-text-color has-medium-font-size\">FORBES STAFF<\/p>\n\n\n\n<p>La Confederaci\u00f3n Patronal de la Rep\u00fablica Mexicana (Coparmex) pide al gobierno federal replantar la pol\u00edtica social, pues el pa\u00eds registra un aumento en los niveles de pobreza durante la administraci\u00f3n del presidente Andr\u00e9s Manuel L\u00f3pez Obrador.<\/p>\n\n\n\n<p>De acuerdo su an\u00e1lisis \u201cse\u00f1al Coparmex\u201d, se reportan 55.7 millones de personas en situaci\u00f3n de pobreza, 10.8 millones de ellos en extrema; pero si se analizan los indicadores de Bienestar Econ\u00f3mico, son 66.9 millones quienes tienen un ingreso inferior a la l\u00ednea de bienestar, es decir, no ganan lo necesario para satisfacer sus necesidades b\u00e1sicas, seg\u00fan informaci\u00f3n de la Coneval.<\/p>\n\n\n\n<p>Entre 2018 y 2020, el porcentaje de la poblaci\u00f3n del pa\u00eds en situaci\u00f3n de pobreza aument\u00f3 de 41.9% a 43.9%, mientras que el n\u00famero de personas en esta situaci\u00f3n pas\u00f3 de 51.9 a 55.7 millones de personas.<\/p>\n\n\n\n<p>\u201cEn t\u00e9rminos de carencias sociales, el cambio entre 2018 y 2020 fue un preocupante aumento de 12 puntos\u201d, indica la Coparmex.<\/p>\n\n\n\n<p>Se\u00f1ala que de los 6 indicadores de carencias sociales que mide el \u00edndice multidimensional de la pobreza (rezago educativo, servicios de salud, seguridad social, calidad de la vivienda, servicios b\u00e1sicos y alimentaci\u00f3n), la mitad empeoraron.<\/p>\n\n\n\n<p>La poblaci\u00f3n en pobreza alimentaria pas\u00f3 de 27.5 a 29.6 millones; el rezago educativo aument\u00f3 de 23.5 a 24.4 millones y la poblaci\u00f3n que no tuvo acceso a los servicios de salud pas\u00f3 de 20.1 a 35.7 millones.<\/p>\n\n\n\n<p>Asimismo, el 70 % de la poblaci\u00f3n que nace en los 2 quintiles socioecon\u00f3micos m\u00e1s bajos, permanece ah\u00ed, con pocas posibilidades de superar esas condiciones (movilidad) seg\u00fan el Centro de Estudios Espinosa Yglesias (CEEY).<\/p>\n\n\n\n<p>Para el cierre de este a\u00f1o, la Comisi\u00f3n Econ\u00f3mica para Am\u00e9rica Latina y el Caribe (CEPAL) calcula que los pobres en M\u00e9xico ser\u00e1n 58.1 millones; considerando que las mujeres son m\u00e1s del 50% de la poblaci\u00f3n, el problema aumenta por la falta de oportunidades.<\/p>\n\n\n\n<p>El Proyecto de Presupuesto de Egresos de la Federaci\u00f3n 2023 (PPEF) plantea destinar el pr\u00f3ximo a\u00f1o 600,321.9 millones de pesos (mdp) a 16 programas sociales que el gobierno federal considera prioritarios.<\/p>\n\n\n\n<p>\u201cLos programas sociales ser\u00edan eficaces si hubiesen reducido el n\u00famero de personas en pobreza, pero eso no ha ocurrido. La desaparici\u00f3n&nbsp; del Seguro Popular y la creaci\u00f3n del INSABI que no funcion\u00f3, empeoraron la situaci\u00f3n, se oblig\u00f3 a miles de mexicanos a acudir a los servicios privados de salud; tambi\u00e9n, se desmantel\u00f3 el&nbsp; sistema de abasto de medicinas y se eliminaron las escuelas de tiempo completo. Se han descuidado la salud y la educaci\u00f3n lo que ha tenido impacto negativo en el bienestar de los mexicanos y condena a los menos favorecidos a la pobreza\u201d, indica la Coparmex.<\/p>\n\n\n\n<p>Adem\u00e1s resalta el hecho de que el 70% de los hogares reciben recursos de al menos un programa social. La Encuesta Nacional de Ingresos y Gastos de los Hogares (ENIGH) 2020 del Inegi muestra lo contrario ya que s\u00f3lo 29.7% de los hogares report\u00f3 recibirlos.<\/p>\n\n\n\n<p>En 2016, el 67% de los hogares en pobreza extrema declaraba recibir al menos un programa social; en 2020, baj\u00f3 a 43%.<\/p>\n\n\n\n<p>La misma ENIGH de 2020 muestra que mientras en 2018 el 60.7% del primer decil de hogares m\u00e1s pobres recib\u00eda alg\u00fan programa social, esa cifra cay\u00f3 en 2020 hasta 39.7\u2009%; es decir, m\u00e1s del 20% de los hogares m\u00e1s pobres quedaron descubiertos con la pol\u00edtica social actual.<\/p>\n\n\n\n<p><strong><em>Lee:&nbsp;<a href=\"https:\/\/www.forbes.com.mx\/para-slim-mexico-no-debe-cometer-mas-errores-la-mejor-inversion-es-combatir-la-pobreza\/\">Para Slim, M\u00e9xico no debe cometer m\u00e1s errores: la mejor inversi\u00f3n es combatir la pobreza<\/a><\/em><\/strong><\/p>\n\n\n\n<p>Entonces, programas sociales como J\u00f3venes Construyendo el Futuro, Becas para el Bienestar Benito Ju\u00e1rez, entre otros, tienen una l\u00f3gica de justicia social acertada pero tienen que ser redise\u00f1ados, contar con reglas de operaci\u00f3n claras, con padrones de beneficiarios confiables y mecanismos de contralor\u00eda social que abonen a la transparencia.<\/p>\n\n\n\n<p>\u201cLa pol\u00edtica social si bien ha sido eficaz en t\u00e9rminos pol\u00edticos no ha cumplido con su principal objetivo social. Reconocemos que los programas sociales son necesarios ante la pobreza y desigualdad que existe en el pa\u00eds. Proponemos un cambio de objetivo: en lugar de que sea la entrega directa de dinero, que este sea solo un medio; el verdadero objetivo debe ser que las personas y familias salgan de su condici\u00f3n de pobreza\u201d, dice la Coparmex.<\/p>\n\n\n\n<p>Ante esto el organismo empresarial propone 7 acciones:<\/p>\n\n\n\n<p>1.&nbsp;Cambiar el modelo de reparto de subsidios generales por una aplicaci\u00f3n focalizada de los programas sociales y corregir la actual asignaci\u00f3n de los programas de transferencias monetarias para evitar la exclusi\u00f3n de los hogares de menores ingresos.<\/p>\n\n\n\n<p>2.&nbsp;Retomar el concepto del Coneval que considera que una persona est\u00e1 en situaci\u00f3n de pobreza cuando tiene un ingreso menor a la l\u00ednea de bienestar (valor mensual total de la canasta alimentaria y no alimentaria), para hacerlo el est\u00e1ndar m\u00ednimo de ingresos.<\/p>\n\n\n\n<p>3. Garantizar que los empleos a los que acceden las personas vulnerables, como los ind\u00edgenas y que cuenten con seguridad social.&nbsp;<\/p>\n\n\n\n<p>4. Terminar con la brecha de g\u00e9nero, asegurando igualdad de oportunidades.<\/p>\n\n\n\n<p>5. Establecer una pol\u00edtica de fomento al emprendimiento, a la econom\u00eda social y solidaria que permita a las cooperativas y al conjunto de empresas de propiedad colectiva del sector social, crecer, captar inversi\u00f3n, acceder a cr\u00e9dito de la banca de desarrollo a tasas preferenciales, abrir nuevos canales de comercializaci\u00f3n en compras p\u00fablicas y contar con apoyos para la capacitaci\u00f3n y la innovaci\u00f3n.<\/p>\n\n\n\n<p>6.&nbsp;Avanzar en la construcci\u00f3n de un sistema universal de protecci\u00f3n social, para lo cual es imperativo asignar presupuesto igualitario e integrar funcionalmente la atenci\u00f3n primaria en salud.<\/p>\n\n\n\n<p>7. Establecer un esquema de transferencias monetarias de emergencia para las personas que pierden su medio de sustento, a trav\u00e9s de mecanismos \u00e1giles y transparentes de registro y asignaci\u00f3n temporal.<\/p>\n\n\n\n<p>Fuente: https:\/\/www.forbes.com.mx\/coparmex-urge-modificar-politica-social-ante-aumento-de-pobreza\/<\/p>\n","protected":false},"excerpt":{"rendered":"<p>Entre 2018 y 2020, el porcentaje de la poblaci\u00f3n del pa\u00eds en situaci\u00f3n de pobreza aument\u00f3 de 41.9% a 43.9%, [&hellip;]<\/p>\n","protected":false},"author":1,"featured_media":38771,"comment_status":"open","ping_status":"open","sticky":false,"template":"","format":"standard","meta":{"site-sidebar-layout":"default","site-content-layout":"","ast-site-content-layout":"default","site-content-style":"default","site-sidebar-style":"default","ast-global-header-display":"","ast-banner-title-visibility":"","ast-main-header-display":"","ast-hfb-above-header-display":"","ast-hfb-below-header-display":"","ast-hfb-mobile-header-display":"","site-post-title":"","ast-breadcrumbs-content":"","ast-featured-img":"","footer-sml-layout":"","theme-transparent-header-meta":"","adv-header-id-meta":"","stick-header-meta":"","header-above-stick-meta":"","header-main-stick-meta":"","header-below-stick-meta":"","astra-migrate-meta-layouts":"default","ast-page-background-enabled":"default","ast-page-background-meta":{"desktop":{"background-color":"var(--ast-global-color-4)","background-image":"","background-repeat":"repeat","background-position":"center center","background-size":"auto","background-attachment":"scroll","background-type":"","background-media":"","overlay-type":"","overlay-color":"","overlay-opacity":"","overlay-gradient":""},"tablet":{"background-color":"","background-image":"","background-repeat":"repeat","background-position":"center center","background-size":"auto","background-attachment":"scroll","background-type":"","background-media":"","overlay-type":"","overlay-color":"","overlay-opacity":"","overlay-gradient":""},"mobile":{"background-color":"","background-image":"","background-repeat":"repeat","background-position":"center center","background-size":"auto","background-attachment":"scroll","background-type":"","background-media":"","overlay-type":"","overlay-color":"","overlay-opacity":"","overlay-gradient":""}},"ast-content-background-meta":{"desktop":{"background-color":"var(--ast-global-color-5)","background-image":"","background-repeat":"repeat","background-position":"center center","background-size":"auto","background-attachment":"scroll","background-type":"","background-media":"","overlay-type":"","overlay-color":"","overlay-opacity":"","overlay-gradient":""},"tablet":{"background-color":"var(--ast-global-color-5)","background-image":"","background-repeat":"repeat","background-position":"center center","background-size":"auto","background-attachment":"scroll","background-type":"","background-media":"","overlay-type":"","overlay-color":"","overlay-opacity":"","overlay-gradient":""},"mobile":{"background-color":"var(--ast-global-color-5)","background-image":"","background-repeat":"repeat","background-position":"center center","background-size":"auto","background-attachment":"scroll","background-type":"","background-media":"","overlay-type":"","overlay-color":"","overlay-opacity":"","overlay-gradient":""}},"footnotes":""},"categories":[8],"tags":[13064,6483,6839,11710],"class_list":["post-38770","post","type-post","status-publish","format-standard","has-post-thumbnail","hentry","category-noticias","tag-ceey","tag-cepal","tag-coparmex","tag-pobreza-extrema-mexico"],"_links":{"self":[{"href":"https:\/\/losperiodistas.com.mx\/portal\/wp-json\/wp\/v2\/posts\/38770","targetHints":{"allow":["GET"]}}],"collection":[{"href":"https:\/\/losperiodistas.com.mx\/portal\/wp-json\/wp\/v2\/posts"}],"about":[{"href":"https:\/\/losperiodistas.com.mx\/portal\/wp-json\/wp\/v2\/types\/post"}],"author":[{"embeddable":true,"href":"https:\/\/losperiodistas.com.mx\/portal\/wp-json\/wp\/v2\/users\/1"}],"replies":[{"embeddable":true,"href":"https:\/\/losperiodistas.com.mx\/portal\/wp-json\/wp\/v2\/comments?post=38770"}],"version-history":[{"count":1,"href":"https:\/\/losperiodistas.com.mx\/portal\/wp-json\/wp\/v2\/posts\/38770\/revisions"}],"predecessor-version":[{"id":38772,"href":"https:\/\/losperiodistas.com.mx\/portal\/wp-json\/wp\/v2\/posts\/38770\/revisions\/38772"}],"wp:featuredmedia":[{"embeddable":true,"href":"https:\/\/losperiodistas.com.mx\/portal\/wp-json\/wp\/v2\/media\/38771"}],"wp:attachment":[{"href":"https:\/\/losperiodistas.com.mx\/portal\/wp-json\/wp\/v2\/media?parent=38770"}],"wp:term":[{"taxonomy":"category","embeddable":true,"href":"https:\/\/losperiodistas.com.mx\/portal\/wp-json\/wp\/v2\/categories?post=38770"},{"taxonomy":"post_tag","embeddable":true,"href":"https:\/\/losperiodistas.com.mx\/portal\/wp-json\/wp\/v2\/tags?post=38770"}],"curies":[{"name":"wp","href":"https:\/\/api.w.org\/{rel}","templated":true}]}}