{"id":38758,"date":"2022-10-10T07:07:46","date_gmt":"2022-10-10T12:07:46","guid":{"rendered":"http:\/\/losperiodistas.com.mx\/portal\/?p=38758"},"modified":"2022-10-10T07:08:17","modified_gmt":"2022-10-10T12:08:17","slug":"38758-2","status":"publish","type":"post","link":"https:\/\/losperiodistas.com.mx\/portal\/38758-2\/","title":{"rendered":"Despu\u00e9s del fracaso de Va por M\u00e9xico, anuncian un nuevo bloque opositor m\u00e1s panista | SinEmbargo"},"content":{"rendered":"\n<p><strong>Desde que Yolanda de la Torre, Diputada del Partido Revolucionario Institucional (PRI), propuso la iniciativa para ampliar la presencia de las Fuerzas Armadas en las calles de cinco a nueve a\u00f1os, varios integrantes de Va por M\u00e9xico mostraron sus descontento, lo que llev\u00f3 a la suspensi\u00f3n de la coalici\u00f3n. Las inc\u00f3gnitas sobre su futuro acrecentaron con la aprobaci\u00f3n de la reforma constitucional en el Senado, por ello, el bloque opositor tuvo que sentarse a analizar si la agrupaci\u00f3n debe continuar o plantearse un cambio sustancial.<\/strong><\/p>\n\n\n\n<figure class=\"wp-block-embed is-type-video is-provider-youtube wp-block-embed-youtube wp-embed-aspect-16-9 wp-has-aspect-ratio\"><div class=\"wp-block-embed__wrapper\">\n<iframe title=\"#ESPECIAL\u00a0| #LosPeriodistas\u00a0| Ascenso y ca\u00edda de Va por M\u00e9xico, el proyecto patronal de la oposici\u00f3n\" width=\"500\" height=\"281\" src=\"https:\/\/www.youtube.com\/embed\/FT-PjVdeH5E?feature=oembed\" frameborder=\"0\" allow=\"accelerometer; autoplay; clipboard-write; encrypted-media; gyroscope; picture-in-picture; web-share\" referrerpolicy=\"strict-origin-when-cross-origin\" allowfullscreen><\/iframe>\n<\/div><\/figure>\n\n\n\n<p><\/p>\n\n\n\n<p class=\"has-vivid-cyan-blue-color has-text-color has-medium-font-size\">REDACCI\u00d3N SIN EMBARGO<\/p>\n\n\n\n<p>Ciudad de M\u00e9xico, 9 de octubre (SinEmbargo).\u2013 Los\u00a0<strong>creadores de la alianza Va por M\u00e9xico<\/strong>, vinculados al\u00a0<strong>sector patronal<\/strong>\u00a0del pa\u00eds, anunciaron el\u00a0<strong>lanzamiento<\/strong>, el pr\u00f3ximo martes, de\u00a0<strong>un nuevo bloque opositor<\/strong>\u00a0al que llamar\u00e1n\u00a0<strong>\u201cUnid@s\u201d<\/strong>. Una de sus\u00a0<strong>plataformas<\/strong>\u00a0ser\u00e1\u00a0<strong>\u201cSociedad Civil M\u00e9xico\u201d<\/strong>, que fue creada por una militante panista y que procura hacerse ver como \u201cun esfuerzo apartidista y ciudadano\u201d, y que ya en el pasado sirvi\u00f3 para promover al\u00a0<strong>PAN<\/strong>, al\u00a0<strong>PRI<\/strong>, al\u00a0<strong>PRD<\/strong>\u00a0y a\u00a0<strong>Claudio X. Gonz\u00e1lez Guajardo<\/strong><\/p>\n\n\n\n<p><video width=\"640\" height=\"361\" muted=\"true\" poster=\"https:\/\/mcd.ex.co\/video\/upload\/so_4\/v1490095101\/landscape9c109d08-304a-4c96-8527-baca20b670ca_1665381319068.jpg\" src=\"blob:https:\/\/www.sinembargo.mx\/21ef25c6-4f88-4153-8a06-c78c5dc9c216\"><\/p>\n\n\n\n<p>Borradores de precampa\u00f1aALEJANDRO P\u00c1EZ VARELA Ver m\u00e1s<\/p>\n\n\n\n<blockquote class=\"wp-block-quote is-layout-flow wp-block-quote-is-layout-flow\"><p>\u201cAcomp\u00e1\u00f1anos este martes 11, a las 11:00 am, en el&nbsp;<strong>lanzamiento de&nbsp;UNID@S<\/strong>. S\u00ed,&nbsp;<strong>UNID@S<\/strong>&nbsp;para exigir,&nbsp;<strong>UNID@S<\/strong>&nbsp;para proponer y&nbsp;<strong>UNID@S<\/strong>&nbsp;para mejorar\u201d, dijo el empresario&nbsp;<strong>Gonz\u00e1lez Guajardo<\/strong>&nbsp;en Twitter. \u201cNo importa tu origen, ocupaci\u00f3n, religi\u00f3n, g\u00e9nero, intereses o preferencias. Seguro tenemos algo en com\u00fan: somos mexicanos. Y con eso nos basta para estar #Unidos. Vamos a construir un nuevo arreglo entre la ciudadan\u00eda y la pol\u00edtica. Este 11.11 inicia una nueva era. Con\u00e9ctate\u201d, escribi\u00f3 por su parte&nbsp;<strong>Gustavo de Hoyos<\/strong>, expresidente nacional de&nbsp;<strong>Coparmex<\/strong>.<\/p><\/blockquote>\n\n\n\n<p>El otro promotor de esta nueva alianza es una organizaci\u00f3n de corte panista. El 26 de septiembre pasado,\u00a0<strong>SinEmbargo<\/strong>\u00a0public\u00f3 que se llama \u201cSociedad Civil M\u00e9xico\u201d y su momento cumbre fue el 11 de febrero de este a\u00f1o, cuando 64 mil usuarios de Twitter #TodosSomosLoret, tendencia para defender al periodista Carlos Loret de Mola luego de que fuera expuesto por el Presidente Andr\u00e9s Manuel L\u00f3pez Obrador por sus ingresos. Y tres meses antes de ese \u201cmitin digital\u201d en un Space, esta misma cuenta hab\u00eda difundido una amplia charla con Gonz\u00e1lez, uno de los padres de Va por M\u00e9xico. <\/p>\n\n\n\n<figure class=\"wp-block-embed is-type-rich is-provider-twitter wp-block-embed-twitter\"><div class=\"wp-block-embed__wrapper\">\n<blockquote class=\"twitter-tweet\" data-width=\"500\" data-dnt=\"true\"><p lang=\"es\" dir=\"ltr\">Acomp\u00e1\u00f1anos este martes 11, a las 11:00 am, en el lanzamiento de UNID@S. S\u00ed, UNID@S para exigir, UNID@S para proponer y UNID@S para mejorar. <a href=\"https:\/\/t.co\/7rdLiElkhX\">pic.twitter.com\/7rdLiElkhX<\/a><\/p>&mdash; Claudio X. Gonz\u00e1lez G. (@ClaudioXGG) <a href=\"https:\/\/twitter.com\/ClaudioXGG\/status\/1579122840745308162?ref_src=twsrc%5Etfw\">October 9, 2022<\/a><\/blockquote><script async src=\"https:\/\/platform.twitter.com\/widgets.js\" charset=\"utf-8\"><\/script>\n<\/div><\/figure>\n\n\n\n<p>Este grupo, que opera a trav\u00e9s de las redes sociales, se califica a s\u00ed mismo \u201crepresentante de la sociedad civil de M\u00e9xico\u201d. Pero su fundadora, Ana Luc\u00eda Medina Galindo, es una militante formal del Partido Acci\u00f3n Nacional (PAN) desde 2005. Fue Diputada local de Michoac\u00e1n entre ese a\u00f1o y 2008, y candidata a esa misma posici\u00f3n en 2011, cuando Marko Cort\u00e9s, actual presidente del partido, busc\u00f3 ser Alcalde de Morelia.<\/p>\n\n\n\n<blockquote class=\"wp-block-quote is-layout-flow wp-block-quote-is-layout-flow\"><p>\u201cMedina Galindo tiene la misma caracter\u00edstica de los principales dirigentes de las organizaciones Frente C\u00edvico Nacional, S\u00ed por M\u00e9xico, Unidos por M\u00e9xico, Causa en Com\u00fan y Poder Ciudadano que, como representantes de la \u2018sociedad civil\u2019, acudieron el martes 20 al Senado para oponerse a la reforma sobre la Guardia Nacional, encabezados por Claudio X. Gonz\u00e1lez: Son pol\u00edticos reciclados de PAN, PRI y PRD, y exfuncionarios de esos partidos\u201d, escribi\u00f3 entonces el periodista \u00c1lvaro Delgado G\u00f3mez.<\/p><p>Claudio X. Gonz\u00e1lez, Gustavo de Hoyos y \u201cSociedad Civil M\u00e9xico\u201d, los hasta ahora abiertos convocantes de esta nueva alianza, vienen de un fracaso previo: Va por M\u00e9xico, que un\u00eda a PAN, PRI y PRD. La ruptura la provoc\u00f3 el priista Alejandro Moreno C\u00e1rdenas apenas unos d\u00edas despu\u00e9s de que sus pares panista y perredista, Marko Cort\u00e9s y Jes\u00fas Zambrano, hab\u00edan jurado que \u201csi nos tocan a uno, nos tocan a todos\u201d.<\/p><\/blockquote>\n\n\n\n<figure class=\"wp-block-embed is-type-rich is-provider-twitter wp-block-embed-twitter\"><div class=\"wp-block-embed__wrapper\">\n<blockquote class=\"twitter-tweet\" data-width=\"500\" data-dnt=\"true\"><p lang=\"es\" dir=\"ltr\">Convocaremos a la fuerzas pol\u00edticas no alineadas al obradorismo, para que se  comprometan con la agenda ciudadana de <a href=\"https:\/\/twitter.com\/hashtag\/Unidos?src=hash&amp;ref_src=twsrc%5Etfw\">#Unidos<\/a>. El 11.X a las 11 hrs (Centro) iniciar\u00e1 una nueva \u00e9poca. La era de la <a href=\"https:\/\/twitter.com\/hashtag\/UnidadPorM%C3%A9xico?src=hash&amp;ref_src=twsrc%5Etfw\">#UnidadPorM\u00e9xico<\/a>. Con\u00e9ctate.<br>FB: <a href=\"https:\/\/t.co\/7J3FjuVd3s\">https:\/\/t.co\/7J3FjuVd3s<\/a> <a href=\"https:\/\/t.co\/l0e1B2y5Hh\">pic.twitter.com\/l0e1B2y5Hh<\/a><\/p>&mdash; Gustavo de Hoyos Walther (@gdehoyoswalther) <a href=\"https:\/\/twitter.com\/gdehoyoswalther\/status\/1579125294631297024?ref_src=twsrc%5Etfw\">October 9, 2022<\/a><\/blockquote><script async src=\"https:\/\/platform.twitter.com\/widgets.js\" charset=\"utf-8\"><\/script>\n<\/div><\/figure>\n\n\n\n<p>La votaci\u00f3n del PRI a favor de la reforma que deja a la Guardia Nacional bajo el mando del Ej\u00e9rcito hasta 2028 caus\u00f3 que ese bloque, que naci\u00f3 en una mansi\u00f3n de Las Lomas de Chapultepec, uno de los barrios m\u00e1s ricos de Am\u00e9rica Latina, se rompiera.<\/p>\n\n\n\n<blockquote class=\"wp-block-quote is-layout-flow wp-block-quote-is-layout-flow\"><p>\u201cDiputadas y diputados del PRI: Nos fallaron. Le fallaron a la Coalici\u00f3n. \u00a1Le fallaron a M\u00e9xico! \u00daltima parada le corresponde a los senadores del PAN, PRD, MC y, por supuesto, del PRI. Confiamos en ellas y ellos\u201d, fueron las palabras con las que Gonz\u00e1lez Guajardo reclam\u00f3 al PRI luego de la aprobaci\u00f3n en la C\u00e1mara de Diputados de la reforma constitucional para ampliar la presencia de militares en la Guardia Nacional.<\/p><\/blockquote>\n\n\n\n<p>En reclamo escond\u00eda un dejo de esperanza por mantener esta alianza que se construy\u00f3 en su casa, en marzo de 2020. Aunque Moreno C\u00e1rdenas ha dicho que el PRI no quiere romper con Va por M\u00e9xico, la realidad es que se le perdi\u00f3 la confianza.<\/p>\n\n\n\n<figure class=\"wp-block-image is-style-default\" id=\"attachment_4266095\"><img decoding=\"async\" src=\"https:\/\/i1.wp.com\/www.sinembargo.mx\/wp-content\/uploads\/2022\/10\/logo-de-unids.jpeg?resize=700%2C702&amp;quality=80&amp;strip=all&amp;ssl=1\" alt=\"Los creadores de la alianza Va por M\u00e9xico, vinculados al sector patronal del pa\u00eds, anunciaron el lanzamiento, el pr\u00f3ximo martes, de un nuevo bloque opositor al que llamar\u00e1n \u201cUnid@s\u201d, el cual estar\u00e1 representado por este logo.\" class=\"wp-image-4266095\"\/><figcaption>Los creadores de la alianza Va por M\u00e9xico, vinculados al sector patronal del pa\u00eds, anunciaron el lanzamiento, el pr\u00f3ximo martes, de un nuevo bloque opositor al que llamar\u00e1n \u201cUnid@s\u201d, el cual estar\u00e1 representado por este logo. Foto: Especial<\/figcaption><\/figure>\n\n\n\n<p>El pasado 5 de octubre, Gustavo de Hoyos, uno de los principales impulsores de la alianza Va por M\u00e9xico, ya hab\u00eda adelantado que se har\u00eda un anuncio. \u201cEl d\u00eda 11 pretendemos que haya un anuncio importante, es algo que venimos planeando de tiempo atr\u00e1s y me parece que por las condiciones actuales es todav\u00eda que la propuesta ciudadana pueda adecuarse a las nuevas condiciones que se derivan de esa circunstancia pol\u00edtica\u201d, dijo en entrevista con \u00c1lvaro Delgado y Alejandro P\u00e1ez Varela en entrevista en el programa de&nbsp;<em>Los Periodistas<\/em>, que se transmite por YouTube a trav\u00e9s del canal de&nbsp;<strong>SinEmbargo Al Aire<\/strong>.<\/p>\n\n\n\n<p>En la conversaci\u00f3n, el empresario afirm\u00f3 que los integrantes del bloque opositor deber\u00edan revisar si la coalici\u00f3n Va por M\u00e9xico debe continuar o cambiar luego de que un d\u00eda antes senadores priistas y perredistas aprobaran la reforma constitucional que ampl\u00eda la presencia de las Fuerzas Armadas en labores de seguridad p\u00fablica hasta 2028. \u201cYo creo que va sufrir en el mejor de los casos una profunda reflexi\u00f3n y seguramente una transformaci\u00f3n [\u2026] Sin lugar a dudas en las pr\u00f3ximas horas, d\u00edas, dir\u00eda yo hasta semanas, habr\u00eda que recalibrar si la coalici\u00f3n como hasta ahora la conocemos puede seguir adelante o debe tener un cambio sustancial\u201d, sostuvo.<\/p>\n\n\n\n<p><strong>PANISTA VESTIDA DE SOCIEDAD CIVIL<\/strong><\/p>\n\n\n\n<figure class=\"wp-block-embed is-type-video is-provider-youtube wp-block-embed-youtube wp-embed-aspect-16-9 wp-has-aspect-ratio\"><div class=\"wp-block-embed__wrapper\">\n<iframe title=\"Militante activa del PAN con disfraz de apartidista conduce \u201cSociedad Civil M\u00e9xico\u201d\" width=\"500\" height=\"281\" src=\"https:\/\/www.youtube.com\/embed\/tsdQGB_s5jo?feature=oembed\" frameborder=\"0\" allow=\"accelerometer; autoplay; clipboard-write; encrypted-media; gyroscope; picture-in-picture; web-share\" referrerpolicy=\"strict-origin-when-cross-origin\" allowfullscreen><\/iframe>\n<\/div><\/figure>\n\n\n\n<p>Ana Luc\u00eda Medina Galindo, militante panista, es una entre los promotores de \u201cUnid@s\u201d. Ella es quien ley\u00f3 en el Senado de la Rep\u00fablica el comunicado a nombres de las organizaciones de la \u201csociedad civil\u201d para denunciar \u201cla militarizaci\u00f3n de pa\u00eds\u201d.<\/p>\n\n\n\n<p>La filiaci\u00f3n y las relaciones pol\u00edticas en la biograf\u00eda de Medina Galindo la ubican no como \u201csociedad civil\u201d, sino como panista: Diputada local en Michoac\u00e1n, hizo campa\u00f1a para volver a serlo junto con Luisa Mar\u00eda Calder\u00f3n, quien aspiraba a la gubernatura de Michoac\u00e1n, en 2011, cuando el titular del Ejecutivo era Felipe Calder\u00f3n Hinojosa.<\/p>\n\n\n\n<p>Postulada por el PAN y el Partido Nueva Alianza (PANAL), de Elba Esther Gordillo, la fundadora de \u201cSociedad Civil M\u00e9xico\u201d hizo campa\u00f1a para Diputada por el distrito 11 de Morelia con personajes de la talla de Javier Lozano Alarc\u00f3n y Ernesto Cordero; as\u00ed como Josefina V\u00e1zquez Mota, Santiago Creel y Marko Cort\u00e9s. Despu\u00e9s de haber sido vencida en esa elecci\u00f3n por el PRI, que tambi\u00e9n derrot\u00f3 a la hermana de Calder\u00f3n y a Cort\u00e9s, Medina Galindo sigui\u00f3 militando en el PAN, pero luego incursion\u00f3 en la \u201csociedad civil\u201d con el membrete \u201cSociedad Civil M\u00e9xico\u201d.<\/p>\n\n\n\n<figure class=\"wp-block-embed is-type-video is-provider-youtube wp-block-embed-youtube wp-embed-aspect-16-9 wp-has-aspect-ratio\"><div class=\"wp-block-embed__wrapper\">\n<iframe title=\"El bloque patronal no lleg\u00f3 ni a 2023. Claudicaron: De Hoyos. D\u00eda oscuro: Claudio X.\" width=\"500\" height=\"281\" src=\"https:\/\/www.youtube.com\/embed\/cAHA14ecZt4?feature=oembed\" frameborder=\"0\" allow=\"accelerometer; autoplay; clipboard-write; encrypted-media; gyroscope; picture-in-picture; web-share\" referrerpolicy=\"strict-origin-when-cross-origin\" allowfullscreen><\/iframe>\n<\/div><\/figure>\n\n\n\n<p>Es el mismo caso del membrete Unidos por M\u00e9xico, que supuestamente es una organizaci\u00f3n de la sociedad civil, pero est\u00e1 integrada s\u00f3lo por exgobernadores del PAN, uno de los cuales, Marco Antonio Adame Castillo, tambi\u00e9n hizo uso de la palabra en el Senado, sin aclarar que es Diputado federal de ese mismo partido pol\u00edtico, de acuerdo con un texto del periodista \u00c1lvaro Delgado publicado en&nbsp;<strong>SinEmbargo<\/strong>.<\/p>\n\n\n\n<p>El 29 de septiembre de 2020 naci\u00f3 Unidos por M\u00e9xico y sus integrantes son, adem\u00e1s de Adame Castillo, exgobernador de Morelos y uno de los operadores pol\u00edticos de la organizaci\u00f3n secreta El Yunque, Ernesto Ruffo, Carlos Medina Plascencia, Francisco Barrio, Alberto C\u00e1rdenas, Fernando Canales Clariond, Eugenio Elorduy, Patricio Patr\u00f3n, Francisco Ram\u00edrez Acu\u00f1a y Juan Carlos Romero Hicks, aspirante a candidato presidencial en 2024.<\/p>\n\n\n\n<p>El Frente C\u00edvico Nacional, otra de las organizaciones usadas para firmar desplegados, es otra chapuza: Creado el 2 de julio de este a\u00f1o, los dirigentes de este membrete son el perredista Guadalupe Acosta Naranjo, Demetrio Sodi y Carlos Navarrete, as\u00ed como la priista Rosario Guerra, el panista Gustavo Madero, la excandidata presidencial petista Cecilia Soto y Emilio \u00c1lvarez Icaza, Senador postulado por el PAN que se hace llamar \u201cindependiente\u201d.<\/p>\n\n\n\n<figure class=\"wp-block-embed is-type-video is-provider-youtube wp-block-embed-youtube wp-embed-aspect-16-9 wp-has-aspect-ratio\"><div class=\"wp-block-embed__wrapper\">\n<iframe title=\"#Entrevista | Creel cuenta c\u00f3mo naci\u00f3 \u201cVa por M\u00e9xico\u201d: Claudio X. puso la casa, De Hoyos, la agenda\u2026\" width=\"500\" height=\"281\" src=\"https:\/\/www.youtube.com\/embed\/gkV1N4DC6rw?feature=oembed\" frameborder=\"0\" allow=\"accelerometer; autoplay; clipboard-write; encrypted-media; gyroscope; picture-in-picture; web-share\" referrerpolicy=\"strict-origin-when-cross-origin\" allowfullscreen><\/iframe>\n<\/div><\/figure>\n\n\n\n<p><strong>EL \u201cASQUITO\u201d A LOS PARTIDOS<\/strong><\/p>\n\n\n\n<p>El 9 de noviembre de 2021, Claudio X. Gonz\u00e1lez reconoci\u00f3 que el historial de desprestigio del PRI, PAN y PRD \u201cno nos puede dar asco\u201d si se trata de vencer a Morena. Entonces dijo que Va por M\u00e9xico, a la que siempre reivindic\u00f3 como idea suya, pretend\u00eda sumar en 2024 tambi\u00e9n a los partidos Movimiento Ciudadano (MC) y Verde Ecologista de M\u00e9xico (PVEM), cuyos l\u00edderes \u201candan viendo qu\u00e9 les conviene\u201d. La idea fracas\u00f3 sin llegar siquiera a 2023.<\/p>\n\n\n\n<p>En una conversaci\u00f3n con simpatizantes mediante Twitter, esa noche del martes 9 de noviembre, reconoci\u00f3 la fragilidad de los partidos aliados \u2014\u201csi cualquiera de ellos sale de la coalici\u00f3n, las probabilidades de que Morena refrende el poder son alt\u00edsimas\u201d\u2014, y calific\u00f3 como \u201cuna cu\u00f1a\u201d para dividirlos la iniciativa de Reforma El\u00e9ctrica del Presidente Andr\u00e9s Manuel L\u00f3pez Obrador.<\/p>\n\n\n\n<figure class=\"wp-block-embed is-type-video is-provider-youtube wp-block-embed-youtube wp-embed-aspect-16-9 wp-has-aspect-ratio\"><div class=\"wp-block-embed__wrapper\">\n<iframe title=\"Va por M\u00e9xico hizo mucho ruido, pero olvid\u00f3 las nueces. Y hoy todo es soledad...\" width=\"500\" height=\"281\" src=\"https:\/\/www.youtube.com\/embed\/AfGXwzWMe2U?feature=oembed\" frameborder=\"0\" allow=\"accelerometer; autoplay; clipboard-write; encrypted-media; gyroscope; picture-in-picture; web-share\" referrerpolicy=\"strict-origin-when-cross-origin\" allowfullscreen><\/iframe>\n<\/div><\/figure>\n\n\n\n<blockquote class=\"wp-block-quote is-layout-flow wp-block-quote-is-layout-flow\"><p>\u201cNo nos podemos fraccionar. La unidad es el valor a cuidar aqu\u00ed por sobre cualquier otro valor. La \u00fanica f\u00f3rmula para poderle hacer una competencia verdadera al oficialismo y a sus pretensiones autoritarias es unidad: de los tres (partidos) que est\u00e1n unidos y tratando de sumar al cuarto, al quinto, al sexto, y luego la unidad de \u00e9stos con la sociedad que quiere el cambio. Unidad es la palabra operativa clave\u201d, dijo.<\/p><\/blockquote>\n\n\n\n<p>La Reforma El\u00e9ctrica no los fraccion\u00f3. Pero la de la Guardia Nacional s\u00ed.<\/p>\n\n\n\n<p>Fuente: https:\/\/www.sinembargo.mx\/09-10-2022\/4265996<\/p>\n","protected":false},"excerpt":{"rendered":"<p>Desde que Yolanda de la Torre, Diputada del Partido Revolucionario Institucional (PRI), propuso la iniciativa para ampliar la presencia de [&hellip;]<\/p>\n","protected":false},"author":1,"featured_media":38759,"comment_status":"open","ping_status":"open","sticky":false,"template":"","format":"standard","meta":{"site-sidebar-layout":"default","site-content-layout":"","ast-site-content-layout":"default","site-content-style":"default","site-sidebar-style":"default","ast-global-header-display":"","ast-banner-title-visibility":"","ast-main-header-display":"","ast-hfb-above-header-display":"","ast-hfb-below-header-display":"","ast-hfb-mobile-header-display":"","site-post-title":"","ast-breadcrumbs-content":"","ast-featured-img":"","footer-sml-layout":"","theme-transparent-header-meta":"","adv-header-id-meta":"","stick-header-meta":"","header-above-stick-meta":"","header-main-stick-meta":"","header-below-stick-meta":"","astra-migrate-meta-layouts":"default","ast-page-background-enabled":"default","ast-page-background-meta":{"desktop":{"background-color":"var(--ast-global-color-4)","background-image":"","background-repeat":"repeat","background-position":"center center","background-size":"auto","background-attachment":"scroll","background-type":"","background-media":"","overlay-type":"","overlay-color":"","overlay-opacity":"","overlay-gradient":""},"tablet":{"background-color":"","background-image":"","background-repeat":"repeat","background-position":"center center","background-size":"auto","background-attachment":"scroll","background-type":"","background-media":"","overlay-type":"","overlay-color":"","overlay-opacity":"","overlay-gradient":""},"mobile":{"background-color":"","background-image":"","background-repeat":"repeat","background-position":"center center","background-size":"auto","background-attachment":"scroll","background-type":"","background-media":"","overlay-type":"","overlay-color":"","overlay-opacity":"","overlay-gradient":""}},"ast-content-background-meta":{"desktop":{"background-color":"var(--ast-global-color-5)","background-image":"","background-repeat":"repeat","background-position":"center center","background-size":"auto","background-attachment":"scroll","background-type":"","background-media":"","overlay-type":"","overlay-color":"","overlay-opacity":"","overlay-gradient":""},"tablet":{"background-color":"var(--ast-global-color-5)","background-image":"","background-repeat":"repeat","background-position":"center center","background-size":"auto","background-attachment":"scroll","background-type":"","background-media":"","overlay-type":"","overlay-color":"","overlay-opacity":"","overlay-gradient":""},"mobile":{"background-color":"var(--ast-global-color-5)","background-image":"","background-repeat":"repeat","background-position":"center center","background-size":"auto","background-attachment":"scroll","background-type":"","background-media":"","overlay-type":"","overlay-color":"","overlay-opacity":"","overlay-gradient":""}},"footnotes":""},"categories":[8],"tags":[13057,6839,13056,13055,1661],"class_list":["post-38758","post","type-post","status-publish","format-standard","has-post-thumbnail","hentry","category-noticias","tag-claudio-x-gonzalez-2","tag-coparmex","tag-gustavo-de-hoyos","tag-unids","tag-va-por-mexico"],"_links":{"self":[{"href":"https:\/\/losperiodistas.com.mx\/portal\/wp-json\/wp\/v2\/posts\/38758","targetHints":{"allow":["GET"]}}],"collection":[{"href":"https:\/\/losperiodistas.com.mx\/portal\/wp-json\/wp\/v2\/posts"}],"about":[{"href":"https:\/\/losperiodistas.com.mx\/portal\/wp-json\/wp\/v2\/types\/post"}],"author":[{"embeddable":true,"href":"https:\/\/losperiodistas.com.mx\/portal\/wp-json\/wp\/v2\/users\/1"}],"replies":[{"embeddable":true,"href":"https:\/\/losperiodistas.com.mx\/portal\/wp-json\/wp\/v2\/comments?post=38758"}],"version-history":[{"count":2,"href":"https:\/\/losperiodistas.com.mx\/portal\/wp-json\/wp\/v2\/posts\/38758\/revisions"}],"predecessor-version":[{"id":38761,"href":"https:\/\/losperiodistas.com.mx\/portal\/wp-json\/wp\/v2\/posts\/38758\/revisions\/38761"}],"wp:featuredmedia":[{"embeddable":true,"href":"https:\/\/losperiodistas.com.mx\/portal\/wp-json\/wp\/v2\/media\/38759"}],"wp:attachment":[{"href":"https:\/\/losperiodistas.com.mx\/portal\/wp-json\/wp\/v2\/media?parent=38758"}],"wp:term":[{"taxonomy":"category","embeddable":true,"href":"https:\/\/losperiodistas.com.mx\/portal\/wp-json\/wp\/v2\/categories?post=38758"},{"taxonomy":"post_tag","embeddable":true,"href":"https:\/\/losperiodistas.com.mx\/portal\/wp-json\/wp\/v2\/tags?post=38758"}],"curies":[{"name":"wp","href":"https:\/\/api.w.org\/{rel}","templated":true}]}}