{"id":38755,"date":"2022-10-10T06:54:17","date_gmt":"2022-10-10T11:54:17","guid":{"rendered":"http:\/\/losperiodistas.com.mx\/portal\/?p=38755"},"modified":"2022-10-10T06:54:19","modified_gmt":"2022-10-10T11:54:19","slug":"dejense-iluminar-por-los-consejos-y-el-testimonio-de-los-ancianos-vatican-news","status":"publish","type":"post","link":"https:\/\/losperiodistas.com.mx\/portal\/dejense-iluminar-por-los-consejos-y-el-testimonio-de-los-ancianos-vatican-news\/","title":{"rendered":"D\u00e9jense iluminar por los consejos y el testimonio de los ancianos | Vatican News"},"content":{"rendered":"\n<p>El Papa Francisco recibi\u00f3 a un grupo de j\u00f3venes procedentes de B\u00e9lgica a quienes como embajadores de la juventud belga para la preparaci\u00f3n de la Jornada Mundial de la Juventud de 2023 en Portugal, los invit\u00f3 a \u201ccultivar la cercan\u00eda a todos los j\u00f3venes, especialmente a los que viven en situaciones precarias, a los j\u00f3venes migrantes y refugiados, a los j\u00f3venes de la calle, sin olvidar a los dem\u00e1s, especialmente a los que experimentan una vida de soledad y tristeza\u201d<\/p>\n\n\n\n<figure class=\"wp-block-image size-large is-style-default\"><img fetchpriority=\"high\" decoding=\"async\" width=\"1024\" height=\"576\" src=\"https:\/\/losperiodistas.com.mx\/portal\/wp-content\/uploads\/2022\/10\/cq5dam.thumbnail.cropped.1500.844-1-1024x576.jpeg\" alt=\"\" class=\"wp-image-38756\" srcset=\"https:\/\/losperiodistas.com.mx\/portal\/wp-content\/uploads\/2022\/10\/cq5dam.thumbnail.cropped.1500.844-1-1024x576.jpeg 1024w, https:\/\/losperiodistas.com.mx\/portal\/wp-content\/uploads\/2022\/10\/cq5dam.thumbnail.cropped.1500.844-1-300x169.jpeg 300w, https:\/\/losperiodistas.com.mx\/portal\/wp-content\/uploads\/2022\/10\/cq5dam.thumbnail.cropped.1500.844-1-768x432.jpeg 768w, https:\/\/losperiodistas.com.mx\/portal\/wp-content\/uploads\/2022\/10\/cq5dam.thumbnail.cropped.1500.844-1.jpeg 1500w\" sizes=\"(max-width: 1024px) 100vw, 1024px\" \/><figcaption>El Papa recibe a un grupo de j\u00f3venes peregrinos de B\u00e9lgica\u00a0 (Vatican Media)<\/figcaption><\/figure>\n\n\n\n<p class=\"has-vivid-cyan-blue-color has-text-color has-medium-font-size\">VATICAN NEWS<\/p>\n\n\n\n<p>Al recibir a los trescientos participantes en la peregrinaci\u00f3n de j\u00f3venes procedentes de B\u00e9lgica, el Papa Francisco les ofreci\u00f3 algunos consejos, con su cercan\u00eda espiritual tambi\u00e9n a toda la juventud comprometida en las parroquias y comunidades cristianas de su pa\u00eds.<\/p>\n\n\n\n<p>\u201c\u00a1Buenos d\u00edas y bienvenidos!\u201d, dijo el Santo Padre a los j\u00f3venes peregrinos belgas con quienes se encontr\u00f3, a las 11.00, en la Sala Clementina del Palacio Apost\u00f3lico. Y tras manifestar su alegr\u00eda por conocerlos, afirm\u00f3 que \u201cadmira la audacia de su fe, su compromiso y su testimonio cristiano en una sociedad cada vez m\u00e1s secularizada\u201d.<\/p>\n\n\n\n<h2 class=\"wp-block-heading\"><strong>Futuro y presente de la Iglesia<\/strong><\/h2>\n\n\n\n<blockquote class=\"wp-block-quote is-layout-flow wp-block-quote-is-layout-flow\"><p>\u201cEs bello ver a j\u00f3venes de su edad dispuestos a dedicarse a proyectos de evangelizaci\u00f3n y a vivir el mensaje de Cristo en medio de las ocupaciones cotidianas. Ustedes no s\u00f3lo son el futuro de la Iglesia, sino sobre todo su presente\u201d<\/p><\/blockquote>\n\n\n\n<h2 class=\"wp-block-heading\"><strong>Los valores de la fraternidad, la paz y la reconciliaci\u00f3n<\/strong><\/h2>\n\n\n\n<p>En efecto, Francisco les dijo tambi\u00e9n que la Iglesia los necesita, necesita \u201cde su generosidad, de su alegr\u00eda, de su deseo de construir un mundo diferente, impregnado por los valores de la fraternidad, la paz y la reconciliaci\u00f3n\u201d.<\/p>\n\n\n\n<h2 class=\"wp-block-heading\"><strong>No tienen necesidad de ser superh\u00e9roes<\/strong><\/h2>\n\n\n\n<p>El Santo Padre tambi\u00e9n consider\u00f3 asimismo el hecho de experimentan la alegr\u00eda y el entusiasmo, aunque a veces tambi\u00e9n miedo, las dificultades o las crisis.<\/p>\n\n\n\n<blockquote class=\"wp-block-quote is-layout-flow wp-block-quote-is-layout-flow\"><p>\u201cNo tengan miedo de las crisis, porque las crisis nos hacen crecer. Te ponen frente a diversas situaciones t\u00fa debes ir adelante y resolver los problemas. No hay que confundir crisis con conflicto: el conflicto te cierra, la crisis te hace crecer\u201d<\/p><\/blockquote>\n\n\n\n<p>De ah\u00ed que les haya recomendado que \u201csu relaci\u00f3n con Cristo debe ser s\u00f3lida\u201d. \u201c\u00c9l \u2013 prosigui\u00f3 diciendo el Papa \u2013 es el Amigo fiel que nunca decepciona\u201d. Y les explic\u00f3 que \u201cel encuentro con Jes\u00fas les permite tener una mirada nueva sobre las situaciones, encontrar respuestas a sus preguntas, descubrirse capaces de asumir responsabilidades, de avanzar en la vida y de consolidar su fe a trav\u00e9s de un di\u00e1logo sobre sus convicciones\u201d.<\/p>\n\n\n\n<blockquote class=\"wp-block-quote is-layout-flow wp-block-quote-is-layout-flow\"><p>\u201cAdem\u00e1s, no tengan miedo de aceptar su fragilidad, la debilidad, y esto hay que hacerlo con humildad: estos son los l\u00edmites, pero vamos adelante. \u2018Padre, yo soy neur\u00f3tico, o soy neur\u00f3tica\u2026\u2019. Al\u00e9grate de ser neur\u00f3tica y ve adelante sin miedo\u2019. No tienen necesidad de ser superh\u00e9roes, sino m\u00e1s bien personas sinceras, verdaderas y libres\u201d<\/p><\/blockquote>\n\n\n\n<p>Como embajadores de la juventud belga para la preparaci\u00f3n de la Jornada Mundial de la Juventud de 2023 en Portugal, el Papa Francisco los invit\u00f3 a \u201ccultivar la cercan\u00eda a todos los j\u00f3venes, especialmente a los que viven en situaciones precarias, a los j\u00f3venes migrantes y refugiados, a los j\u00f3venes de la calle, sin olvidar a los dem\u00e1s, especialmente a los que experimentan una vida de soledad y tristeza\u201d.Escuche el informe<\/p>\n\n\n\n<p>El Santo Padre los invit\u00f3 a preguntarse: \u201c\u00bfQu\u00e9 aporto yo personalmente para acercarnos a esta meta? \u00bfCu\u00e1l es mi contribuci\u00f3n para una comunidad cristiana alegre?\u201d.<\/p>\n\n\n\n<blockquote class=\"wp-block-quote is-layout-flow wp-block-quote-is-layout-flow\"><p>\u201cLa alegr\u00eda debe estar siempre presente, porque saben, los cristianos con cara de funeral no funcionan, no son cristianos. Si eres cristiano, tendr\u00e1s alegr\u00eda\u201d<\/p><\/blockquote>\n\n\n\n<p>Y a\u00f1adi\u00f3 que es muy importante dejarse iluminar por los consejos y el testimonio de sus mayores.<\/p>\n\n\n\n<h2 class=\"wp-block-heading\"><strong>La paz es una de sus luchas<\/strong><\/h2>\n\n\n\n<p>En efecto, \u201ccreciendo en el di\u00e1logo con los \u2013 prosigui\u00f3 Francisco \u2013podemos formarnos una personalidad s\u00f3lida para las luchas cotidianas y, adem\u00e1s, ellos nos transmiten su fe y sus convicciones religiosas. Una de estas luchas es la de la paz\u201d.<\/p>\n\n\n\n<blockquote class=\"wp-block-quote is-layout-flow wp-block-quote-is-layout-flow\"><p>\u201cComo bien saben, estamos atravesando momentos dif\u00edciles para la humanidad, que est\u00e1 en gran peligro. Por lo tanto les digo: sean artesanos de la paz a su alrededor y dentro de ustedes; embajadores de la paz, para que el mundo redescubra la belleza del amor, del vivir juntos, de la fraternidad, de la solidaridad\u201d<\/p><\/blockquote>\n\n\n\n<p>Y glosando la exhortaci\u00f3n apost\u00f3lica&nbsp;<em>Christus vivit<\/em>&nbsp;&nbsp;el Pont\u00edfice tambi\u00e9n les record\u00f3 que su vida \u00abes un compromiso concreto a partir de la fe para la construcci\u00f3n de una nueva sociedad, es vivir en medio del mundo y de la sociedad para evangelizar sus diferentes instancias, para hacer crecer la paz, la convivencia, la justicia, los derechos humanos, la misericordia, y as\u00ed extender el Reino de Dios en el mundo\u201d.<\/p>\n\n\n\n<h2 class=\"wp-block-heading\"><strong>Elevar la mirada para afrontar los retos de la vida<\/strong><\/h2>\n\n\n\n<p>Frente todos estos retos, el Papa les dijo que pueden sentirse \u201cdesanimados, no a la altura, desarmados e impotentes\u201d. De ah\u00ed que haya reafirmado que \u201cno tengan miedo\u201d. Sino que sean creativos y que \u201celeven la mirada para afrontar los retos de la vida\u201d.<\/p>\n\n\n\n<blockquote class=\"wp-block-quote is-layout-flow wp-block-quote-is-layout-flow\"><p>\u201cNo esperen hasta ma\u00f1ana para colaborar en la transformaci\u00f3n del mundo con su energ\u00eda, su audacia y su creatividad\u201d<\/p><\/blockquote>\n\n\n\n<p>Hacia el final de su alocuci\u00f3n, el Papa volvi\u00f3 a decirles que nunca se cansen \u201cde ser portadores del Evangelio all\u00e1 donde vayan\u201d. Y agreg\u00f3 que \u00e9l sabe que son \u201cgenerosos, llenos de entusiasmo, dispuestos a conquistar el mundo\u201d. Por esta raz\u00f3n les aconsej\u00f3: \u00abNo se distraigan con las cosas triviales de la vida, que son muchas. Conc\u00e9ntrense en lo esencial, que brota de la amistad con Jesucristo\u00bb.<\/p>\n\n\n\n<p>\u201cQueridos chicos y chicas, no se cansen\u201d<\/p>\n\n\n\n<p>Antes de despedirse los anim\u00f3 y felicit\u00f3 por el trabajo que realizan en sus comunidades. Adem\u00e1s, los encomend\u00f3 al cuidado maternal de la Virgen Mar\u00eda \u2013 cuyo Rosario \u201ces una escuela de oraci\u00f3n y de vida\u201d \u2013 y a la intercesi\u00f3n de los j\u00f3venes santos. Les dijo tambi\u00e9n que los acompa\u00f1a a con su bendici\u00f3n para ellos y sus familias, incluida toda la juventud belga, y les pidi\u00f3 que no se olviden de rezar por \u00e9l.<\/p>\n\n\n\n<p>Fuente: https:\/\/www.vaticannews.va\/es\/papa\/news\/2022-10\/dejense-iluminar-por-los-consejos-y-el-testimonio-de-los-anciano.html<\/p>\n","protected":false},"excerpt":{"rendered":"<p>El Papa Francisco recibi\u00f3 a un grupo de j\u00f3venes procedentes de B\u00e9lgica a quienes como embajadores de la juventud belga [&hellip;]<\/p>\n","protected":false},"author":1,"featured_media":38756,"comment_status":"open","ping_status":"open","sticky":false,"template":"","format":"standard","meta":{"site-sidebar-layout":"default","site-content-layout":"","ast-site-content-layout":"default","site-content-style":"default","site-sidebar-style":"default","ast-global-header-display":"","ast-banner-title-visibility":"","ast-main-header-display":"","ast-hfb-above-header-display":"","ast-hfb-below-header-display":"","ast-hfb-mobile-header-display":"","site-post-title":"","ast-breadcrumbs-content":"","ast-featured-img":"","footer-sml-layout":"","theme-transparent-header-meta":"","adv-header-id-meta":"","stick-header-meta":"","header-above-stick-meta":"","header-main-stick-meta":"","header-below-stick-meta":"","astra-migrate-meta-layouts":"default","ast-page-background-enabled":"default","ast-page-background-meta":{"desktop":{"background-color":"var(--ast-global-color-4)","background-image":"","background-repeat":"repeat","background-position":"center center","background-size":"auto","background-attachment":"scroll","background-type":"","background-media":"","overlay-type":"","overlay-color":"","overlay-opacity":"","overlay-gradient":""},"tablet":{"background-color":"","background-image":"","background-repeat":"repeat","background-position":"center center","background-size":"auto","background-attachment":"scroll","background-type":"","background-media":"","overlay-type":"","overlay-color":"","overlay-opacity":"","overlay-gradient":""},"mobile":{"background-color":"","background-image":"","background-repeat":"repeat","background-position":"center center","background-size":"auto","background-attachment":"scroll","background-type":"","background-media":"","overlay-type":"","overlay-color":"","overlay-opacity":"","overlay-gradient":""}},"ast-content-background-meta":{"desktop":{"background-color":"var(--ast-global-color-5)","background-image":"","background-repeat":"repeat","background-position":"center center","background-size":"auto","background-attachment":"scroll","background-type":"","background-media":"","overlay-type":"","overlay-color":"","overlay-opacity":"","overlay-gradient":""},"tablet":{"background-color":"var(--ast-global-color-5)","background-image":"","background-repeat":"repeat","background-position":"center center","background-size":"auto","background-attachment":"scroll","background-type":"","background-media":"","overlay-type":"","overlay-color":"","overlay-opacity":"","overlay-gradient":""},"mobile":{"background-color":"var(--ast-global-color-5)","background-image":"","background-repeat":"repeat","background-position":"center center","background-size":"auto","background-attachment":"scroll","background-type":"","background-media":"","overlay-type":"","overlay-color":"","overlay-opacity":"","overlay-gradient":""}},"footnotes":""},"categories":[8],"tags":[13054,196,8284,13053],"class_list":["post-38755","post","type-post","status-publish","format-standard","has-post-thumbnail","hentry","category-noticias","tag-consejo-ancianos","tag-papa-francisco","tag-paz","tag-reconciliacion"],"_links":{"self":[{"href":"https:\/\/losperiodistas.com.mx\/portal\/wp-json\/wp\/v2\/posts\/38755","targetHints":{"allow":["GET"]}}],"collection":[{"href":"https:\/\/losperiodistas.com.mx\/portal\/wp-json\/wp\/v2\/posts"}],"about":[{"href":"https:\/\/losperiodistas.com.mx\/portal\/wp-json\/wp\/v2\/types\/post"}],"author":[{"embeddable":true,"href":"https:\/\/losperiodistas.com.mx\/portal\/wp-json\/wp\/v2\/users\/1"}],"replies":[{"embeddable":true,"href":"https:\/\/losperiodistas.com.mx\/portal\/wp-json\/wp\/v2\/comments?post=38755"}],"version-history":[{"count":1,"href":"https:\/\/losperiodistas.com.mx\/portal\/wp-json\/wp\/v2\/posts\/38755\/revisions"}],"predecessor-version":[{"id":38757,"href":"https:\/\/losperiodistas.com.mx\/portal\/wp-json\/wp\/v2\/posts\/38755\/revisions\/38757"}],"wp:featuredmedia":[{"embeddable":true,"href":"https:\/\/losperiodistas.com.mx\/portal\/wp-json\/wp\/v2\/media\/38756"}],"wp:attachment":[{"href":"https:\/\/losperiodistas.com.mx\/portal\/wp-json\/wp\/v2\/media?parent=38755"}],"wp:term":[{"taxonomy":"category","embeddable":true,"href":"https:\/\/losperiodistas.com.mx\/portal\/wp-json\/wp\/v2\/categories?post=38755"},{"taxonomy":"post_tag","embeddable":true,"href":"https:\/\/losperiodistas.com.mx\/portal\/wp-json\/wp\/v2\/tags?post=38755"}],"curies":[{"name":"wp","href":"https:\/\/api.w.org\/{rel}","templated":true}]}}