{"id":38748,"date":"2022-10-10T06:40:20","date_gmt":"2022-10-10T11:40:20","guid":{"rendered":"http:\/\/losperiodistas.com.mx\/portal\/?p=38748"},"modified":"2022-10-10T06:40:23","modified_gmt":"2022-10-10T11:40:23","slug":"detiene-inm-a-casi-5-mil-800-migrantes-en-dos-dias-la-jornada","status":"publish","type":"post","link":"https:\/\/losperiodistas.com.mx\/portal\/detiene-inm-a-casi-5-mil-800-migrantes-en-dos-dias-la-jornada\/","title":{"rendered":"Detiene INM a casi 5 mil 800 migrantes en dos d\u00edas | La Jornada"},"content":{"rendered":"\n<figure class=\"wp-block-image size-large is-style-default\"><img fetchpriority=\"high\" decoding=\"async\" width=\"1024\" height=\"556\" src=\"https:\/\/losperiodistas.com.mx\/portal\/wp-content\/uploads\/2022\/10\/image_large-1024x556.jpg\" alt=\"\" class=\"wp-image-38749\" srcset=\"https:\/\/losperiodistas.com.mx\/portal\/wp-content\/uploads\/2022\/10\/image_large-1024x556.jpg 1024w, https:\/\/losperiodistas.com.mx\/portal\/wp-content\/uploads\/2022\/10\/image_large-300x163.jpg 300w, https:\/\/losperiodistas.com.mx\/portal\/wp-content\/uploads\/2022\/10\/image_large-768x417.jpg 768w, https:\/\/losperiodistas.com.mx\/portal\/wp-content\/uploads\/2022\/10\/image_large.jpg 1117w\" sizes=\"(max-width: 1024px) 100vw, 1024px\" \/><figcaption>Personas rescatadas por el INM.\u00a0Foto\u00a0<strong>su cuenta de twitter de la dependencia<\/strong><\/figcaption><\/figure>\n\n\n\n<p class=\"has-vivid-cyan-blue-color has-text-color has-medium-font-size\">LA JORNADA<\/p>\n\n\n\n<p>En dos d\u00edas, el Instituto Nacional de Migraci\u00f3n (INM) detuvo a casi 5 mil 800 migrantes en distintas acciones principalmente en Chiapas y Veracruz.<\/p>\n\n\n\n<p>Por medio de un comunicado, la dependencia inform\u00f3 que \u201cen dos d\u00edas identific\u00f3 a 5 mil 796 personas extranjeras que no pudieron acreditar su estancia regular en el pa\u00eds\u201d, de los cuales 2 mil 734 se \u201cubicaron\u201d el jueves, y 3 mil 62 el s\u00e1bado.<\/p>\n\n\n\n<p>Afirm\u00f3 que en dichos operativos \u201cha quedado en evidencia la actuaci\u00f3n de las redes de traficantes que sin importarles la salud o la vida de las personas los trasladan en condiciones de alto riesgo\u201d.<\/p>\n\n\n\n<p>Como ejemplo, record\u00f3 que el jueves, en la carretera Acayucan- La Tinaja, en Veracruz, fallecieron cuatro personas y ocho m\u00e1s resultaron heridas en un accidente.<\/p>\n\n\n\n<p>En tanto, igualmente en Veracruz, a su paso por el punto de inspecci\u00f3n de la caseta de Acayucan, el chofer de un veh\u00edculo tipo torton intent\u00f3 evadir la verificaci\u00f3n, \u201cavent\u00f3 el cami\u00f3n a un agente migratorio\u201d y termin\u00f3 por salir de la carretera. El conductor abandon\u00f3 a las personas y la unidad en la que viajaban 44 personas extranjeras procedentes de Cuba, Guatemala, El Salvador, Nicaragua y Ecuador.<\/p>\n\n\n\n<p>Fuente: https:\/\/www.jornada.com.mx\/notas\/2022\/10\/09\/politica\/detiene-inm-a-casi-5-mil-800-migrantes-en-dos-dias\/<\/p>\n","protected":false},"excerpt":{"rendered":"<p>LA JORNADA En dos d\u00edas, el Instituto Nacional de Migraci\u00f3n (INM) detuvo a casi 5 mil 800 migrantes en distintas [&hellip;]<\/p>\n","protected":false},"author":1,"featured_media":38749,"comment_status":"open","ping_status":"open","sticky":false,"template":"","format":"standard","meta":{"site-sidebar-layout":"default","site-content-layout":"","ast-site-content-layout":"default","site-content-style":"default","site-sidebar-style":"default","ast-global-header-display":"","ast-banner-title-visibility":"","ast-main-header-display":"","ast-hfb-above-header-display":"","ast-hfb-below-header-display":"","ast-hfb-mobile-header-display":"","site-post-title":"","ast-breadcrumbs-content":"","ast-featured-img":"","footer-sml-layout":"","theme-transparent-header-meta":"","adv-header-id-meta":"","stick-header-meta":"","header-above-stick-meta":"","header-main-stick-meta":"","header-below-stick-meta":"","astra-migrate-meta-layouts":"default","ast-page-background-enabled":"default","ast-page-background-meta":{"desktop":{"background-color":"var(--ast-global-color-4)","background-image":"","background-repeat":"repeat","background-position":"center center","background-size":"auto","background-attachment":"scroll","background-type":"","background-media":"","overlay-type":"","overlay-color":"","overlay-opacity":"","overlay-gradient":""},"tablet":{"background-color":"","background-image":"","background-repeat":"repeat","background-position":"center center","background-size":"auto","background-attachment":"scroll","background-type":"","background-media":"","overlay-type":"","overlay-color":"","overlay-opacity":"","overlay-gradient":""},"mobile":{"background-color":"","background-image":"","background-repeat":"repeat","background-position":"center center","background-size":"auto","background-attachment":"scroll","background-type":"","background-media":"","overlay-type":"","overlay-color":"","overlay-opacity":"","overlay-gradient":""}},"ast-content-background-meta":{"desktop":{"background-color":"var(--ast-global-color-5)","background-image":"","background-repeat":"repeat","background-position":"center center","background-size":"auto","background-attachment":"scroll","background-type":"","background-media":"","overlay-type":"","overlay-color":"","overlay-opacity":"","overlay-gradient":""},"tablet":{"background-color":"var(--ast-global-color-5)","background-image":"","background-repeat":"repeat","background-position":"center center","background-size":"auto","background-attachment":"scroll","background-type":"","background-media":"","overlay-type":"","overlay-color":"","overlay-opacity":"","overlay-gradient":""},"mobile":{"background-color":"var(--ast-global-color-5)","background-image":"","background-repeat":"repeat","background-position":"center center","background-size":"auto","background-attachment":"scroll","background-type":"","background-media":"","overlay-type":"","overlay-color":"","overlay-opacity":"","overlay-gradient":""}},"footnotes":""},"categories":[8],"tags":[2671,3965,13050,4027],"class_list":["post-38748","post","type-post","status-publish","format-standard","has-post-thumbnail","hentry","category-noticias","tag-chiapas","tag-inm","tag-migrantes-detenidos","tag-veracruz"],"_links":{"self":[{"href":"https:\/\/losperiodistas.com.mx\/portal\/wp-json\/wp\/v2\/posts\/38748","targetHints":{"allow":["GET"]}}],"collection":[{"href":"https:\/\/losperiodistas.com.mx\/portal\/wp-json\/wp\/v2\/posts"}],"about":[{"href":"https:\/\/losperiodistas.com.mx\/portal\/wp-json\/wp\/v2\/types\/post"}],"author":[{"embeddable":true,"href":"https:\/\/losperiodistas.com.mx\/portal\/wp-json\/wp\/v2\/users\/1"}],"replies":[{"embeddable":true,"href":"https:\/\/losperiodistas.com.mx\/portal\/wp-json\/wp\/v2\/comments?post=38748"}],"version-history":[{"count":1,"href":"https:\/\/losperiodistas.com.mx\/portal\/wp-json\/wp\/v2\/posts\/38748\/revisions"}],"predecessor-version":[{"id":38750,"href":"https:\/\/losperiodistas.com.mx\/portal\/wp-json\/wp\/v2\/posts\/38748\/revisions\/38750"}],"wp:featuredmedia":[{"embeddable":true,"href":"https:\/\/losperiodistas.com.mx\/portal\/wp-json\/wp\/v2\/media\/38749"}],"wp:attachment":[{"href":"https:\/\/losperiodistas.com.mx\/portal\/wp-json\/wp\/v2\/media?parent=38748"}],"wp:term":[{"taxonomy":"category","embeddable":true,"href":"https:\/\/losperiodistas.com.mx\/portal\/wp-json\/wp\/v2\/categories?post=38748"},{"taxonomy":"post_tag","embeddable":true,"href":"https:\/\/losperiodistas.com.mx\/portal\/wp-json\/wp\/v2\/tags?post=38748"}],"curies":[{"name":"wp","href":"https:\/\/api.w.org\/{rel}","templated":true}]}}