{"id":38745,"date":"2022-10-10T06:36:47","date_gmt":"2022-10-10T11:36:47","guid":{"rendered":"http:\/\/losperiodistas.com.mx\/portal\/?p=38745"},"modified":"2022-10-10T06:36:48","modified_gmt":"2022-10-10T11:36:48","slug":"fuertes-rivales-contra-sheinbaum-ellas-serian-las-mujeres-presidenciables-con-las-que-competiria-el-pri-en-2024-infobae","status":"publish","type":"post","link":"https:\/\/losperiodistas.com.mx\/portal\/fuertes-rivales-contra-sheinbaum-ellas-serian-las-mujeres-presidenciables-con-las-que-competiria-el-pri-en-2024-infobae\/","title":{"rendered":"\u00bfFuertes rivales contra Sheinbaum? ellas ser\u00edan las mujeres presidenciables con las que competir\u00eda el PRI en 2024 | Infobae"},"content":{"rendered":"\n<p class=\"has-medium-font-size\">Dos senadoras de la bancada tricolor han levantado la mano para encabezar a su partido de cara a las elecciones del 2024<\/p>\n\n\n\n<p><\/p>\n\n\n\n<figure class=\"wp-block-image size-large is-style-default\"><img fetchpriority=\"high\" decoding=\"async\" width=\"1024\" height=\"576\" src=\"https:\/\/losperiodistas.com.mx\/portal\/wp-content\/uploads\/2022\/10\/T4W57H5VFBCTZKM7UO4HWAZ2ME-1024x576.jpeg\" alt=\"\" class=\"wp-image-38746\" srcset=\"https:\/\/losperiodistas.com.mx\/portal\/wp-content\/uploads\/2022\/10\/T4W57H5VFBCTZKM7UO4HWAZ2ME-1024x576.jpeg 1024w, https:\/\/losperiodistas.com.mx\/portal\/wp-content\/uploads\/2022\/10\/T4W57H5VFBCTZKM7UO4HWAZ2ME-300x169.jpeg 300w, https:\/\/losperiodistas.com.mx\/portal\/wp-content\/uploads\/2022\/10\/T4W57H5VFBCTZKM7UO4HWAZ2ME-768x432.jpeg 768w, https:\/\/losperiodistas.com.mx\/portal\/wp-content\/uploads\/2022\/10\/T4W57H5VFBCTZKM7UO4HWAZ2ME.jpeg 1440w\" sizes=\"(max-width: 1024px) 100vw, 1024px\" \/><figcaption>Beatriz Paredes y Claudia Ruiz Massieu, las opciones del PRI para ganar la presidencia de M\u00e9xico en 2024 (Foto: Twitter\/@ruizmassieu\/@BeatrizPRangel_)<\/figcaption><\/figure>\n\n\n\n<p><\/p>\n\n\n\n<p class=\"has-vivid-cyan-blue-color has-text-color has-medium-font-size\">INFOBAE<\/p>\n\n\n\n<p>Este fin de semana, la senadora del Revolucionario Institucional (PRI),&nbsp;<strong>Beatriz Paredes Rangel<\/strong>&nbsp;acudi\u00f3 a Monterrey,<strong>&nbsp;Nuevo Le\u00f3n<\/strong>, donde declar\u00f3 que su objetivo es convertirse en presidenta de M\u00e9xico en los&nbsp;<a href=\"https:\/\/www.infobae.com\/america\/mexico\/2022\/10\/07\/encuestas-2024-con-sheinbaum-y-ebrard-a-la-cabeza-ricardo-monreal-figura-en-encuesta-pero-por-mc\/\" target=\"_blank\" rel=\"noreferrer noopener\"><strong>comicios electorales del 2024.<\/strong><\/a><\/p>\n\n\n\n<p>En medio de coros de \u201cpresidenta, presidenta\u201d, quien fue la primera gobernadora de Tlaxcala se dijo lista para contender por la titularidad del ejecutivo federal; as\u00ed lo expres\u00f3 en el Sal\u00f3n Palacio Real, en Guadalupe, donde anunci\u00f3 que participar\u00e1 en la contienda interna de su partido para llevarse la candidatura.<\/p>\n\n\n\n<p>Sin embargo,&nbsp;no es la \u00fanica mujer dentro del tricolor que busca suceder a&nbsp;<strong>Andr\u00e9s Manuel L\u00f3pez Obrador (AMLO)<\/strong>&nbsp;en la silla presidencial, pues su compa\u00f1era de bancada en el Senado de la Rep\u00fablica<strong>, Claudia Ruiz Massieu<\/strong>&nbsp;Salinas tambi\u00e9n ya levant\u00f3 la mano.<\/p>\n\n\n\n<p>De esta forma, estas dos personalidades de la pol\u00edtica mexicana con largas trayectorias dentro del PRI, buscan ser quienes regresen a su partido a&nbsp;<strong>Palacio Nacional<\/strong>, de la mano de la coalici\u00f3n&nbsp;<strong>Va por M\u00e9xico<\/strong>, es decir, junto al PAN y al PRD; as\u00ed lo declararon ambas.<img decoding=\"async\" alt=\"Beatriz Paredes alz\u00f3 la mano para convertirse en la candidata del Partido Revolucionario Institucional y sus aliados rumbo a la presidencia en 2024 (FOTO: ROGELIO MORALES \/CUARTOSCURO.COM)\" height=\"1280\" width=\"1920\" class=\"\" src=\"https:\/\/cloudfront-us-east-1.images.arcpublishing.com\/infobae\/HHSRGVNY35CPTBWXJJWDELXH6A.jpeg\" srcset=\"https:\/\/www.infobae.com\/new-resizer\/EAi5U-JuU41PBz_9DlR4iOUfPKU=\/420x280\/filters:format(webp):quality(85)\/cloudfront-us-east-1.images.arcpublishing.com\/infobae\/HHSRGVNY35CPTBWXJJWDELXH6A.jpeg 420w,https:\/\/www.infobae.com\/new-resizer\/lgMqd0qFzUv08T2cx7HB73buM0Q=\/768x512\/filters:format(webp):quality(85)\/cloudfront-us-east-1.images.arcpublishing.com\/infobae\/HHSRGVNY35CPTBWXJJWDELXH6A.jpeg 768w,https:\/\/www.infobae.com\/new-resizer\/0NG1vTZk_vx4K_M-tJycWsjhS5U=\/992x661\/filters:format(webp):quality(85)\/cloudfront-us-east-1.images.arcpublishing.com\/infobae\/HHSRGVNY35CPTBWXJJWDELXH6A.jpeg 992w,https:\/\/www.infobae.com\/new-resizer\/BNv0Ps8ZQKoGv3io_3TVhW6Hd6I=\/1200x800\/filters:format(webp):quality(85)\/cloudfront-us-east-1.images.arcpublishing.com\/infobae\/HHSRGVNY35CPTBWXJJWDELXH6A.jpeg 1200w,https:\/\/www.infobae.com\/new-resizer\/MPeReCp2MI_SaVWS1NzIa3DgYCs=\/1440x960\/filters:format(webp):quality(85)\/cloudfront-us-east-1.images.arcpublishing.com\/infobae\/HHSRGVNY35CPTBWXJJWDELXH6A.jpeg 1440w\">Beatriz Paredes alz\u00f3 la mano para convertirse en la candidata del Partido Revolucionario Institucional y sus aliados rumbo a la presidencia en 2024 (FOTO: ROGELIO MORALES \/CUARTOSCURO.COM)<\/p>\n\n\n\n<p>Durante su visita al evento \u201cUna mirada de Mujer sobre la pol\u00edticas p\u00fablicas\u201d, la exembajadora de M\u00e9xico en Brasil asegur\u00f3 que su meta es llevar sus propuestas a todas las mujeres de M\u00e9xico si llegase a ser la candidata de la alianza.<\/p>\n\n\n\n<p>Por su parte, luego de la sesi\u00f3n del Senado en donde se aprob\u00f3 la reforma constitucional en materia de seguridad ciudadana,&nbsp;<strong>Ruiz Massieu&nbsp;<\/strong>revel\u00f3 en entrevista para Adela Micha que est\u00e1 dentro de sus ambiciones competir por la presidencia de M\u00e9xico.<\/p>\n\n\n\n<p>\u201cLa presidencia, desde luego, es algo que me interesa, por supuesto. Claro que es algo que me interesar\u00eda, me he dedicado toda la vida a la pol\u00edtica, soy una pol\u00edtica profesional, tengo vocaci\u00f3n de servicio, amo a mi pa\u00eds y claro que me encantar\u00eda\u201d, confes\u00f3 la sobrina de<strong>\u00a0Carlos Salinas de Gortari.<\/strong><\/p>\n\n\n\n<p>Asimismo, Claudia asever\u00f3 que ir\u00eda por la candidatura s\u00f3lo en el caso que se logre conformar una<strong>\u00a0alianza plural<\/strong>, ahora que\u00a0<a href=\"https:\/\/www.infobae.com\/tag\/va-por-mexico\/\" target=\"_blank\" rel=\"noreferrer noopener\"><strong>Va por M\u00e9xico<\/strong>\u00a0<\/a>se encuentra temporalmente suspendida luego de que el PRI en San L\u00e1zaro promovi\u00f3 una iniciativa de reforma ben\u00e9fica para los intereses del gobierno federal. Por su parte, Beatriz Peredes incluso considero que la coalici\u00f3n debe incluir al partido\u00a0<strong>Movimiento Ciudadano<\/strong>, aunque su fundador -Dante Delgado- ya se ha expresado en contra de unirse.<\/p>\n\n\n\n<figure class=\"wp-block-embed is-type-rich is-provider-twitter wp-block-embed-twitter\"><div class=\"wp-block-embed__wrapper\">\n<blockquote class=\"twitter-tweet\" data-width=\"500\" data-dnt=\"true\"><p lang=\"es\" dir=\"ltr\">Acompa\u00f1\u00e9 a mi querida <a href=\"https:\/\/twitter.com\/Adela_Micha?ref_src=twsrc%5Etfw\">@Adela_Micha<\/a> en <a href=\"https:\/\/twitter.com\/hashtag\/MeLoDijoAdela?src=hash&amp;ref_src=twsrc%5Etfw\">#MeLoDijoAdela<\/a> para platicar sobre <a href=\"https:\/\/twitter.com\/hashtag\/GuardiaNacional?src=hash&amp;ref_src=twsrc%5Etfw\">#GuardiaNacional<\/a> y lo que se viene esta semana en el <a href=\"https:\/\/twitter.com\/senadomexicano?ref_src=twsrc%5Etfw\">@senadomexicano<\/a>. Las implicaciones de decisiones apresuradas en materia de seguridad van m\u00e1s all\u00e1 de lo inmediato; reflexionemos, propongamos y debatamos. <a href=\"https:\/\/t.co\/tO2DeLnnf5\">pic.twitter.com\/tO2DeLnnf5<\/a><\/p>&mdash; Claudia Ruiz Massieu (@ruizmassieu) <a href=\"https:\/\/twitter.com\/ruizmassieu\/status\/1571912442963456000?ref_src=twsrc%5Etfw\">September 19, 2022<\/a><\/blockquote><script async src=\"https:\/\/platform.twitter.com\/widgets.js\" charset=\"utf-8\"><\/script>\n<\/div><\/figure>\n\n\n\n<p>Dichos destapes de dan en medio de una carrera presidencial adelantada, la cual comenz\u00f3 al t\u00e9rmino de los comicios electorales del 2021, cuando el presidente L\u00f3pez Obrador comenz\u00f3 a hablar de sus relevos.<\/p>\n\n\n\n<p>Ahora, por parte del partido en el poder (<strong>Morena<\/strong>) ya se han apuntado diversos perfiles para contender por la candidatura, entre quienes destacan la jefa de Gobierno de la Ciudad de M\u00e9xico,<strong>&nbsp;Claudia Sheinbaum<\/strong>&nbsp;Pardo y el secretario de Relaciones Exteriores (SRE),&nbsp;<strong>Marcelo Ebrard<\/strong>&nbsp;Casaub\u00f3n, como las \u201c<strong>corcholatas<\/strong>\u201d&nbsp; favoritas.<\/p>\n\n\n\n<p>Por su parte, dentro de la lista de aspirantes tambi\u00e9n se encuentra el secretario de Gobernaci\u00f3n (Segob),<strong>&nbsp;Ad\u00e1n Augusto L\u00f3pez<\/strong>, el l\u00edder de Morena en el Senado,&nbsp;<strong>Ricardo Monreal,&nbsp;<\/strong>y hasta el diputado federal del Partido del Trabajo (PT),&nbsp;<strong>Gerardo Fern\u00e1ndez Noro\u00f1a<\/strong>.<img decoding=\"async\" alt=\"Claudia Sheinbaum, Marcelo Ebrard y Ad\u00e1n Augusto L\u00f3pez: la terna de \u201ccorcholatas\u201d que buscan la candidatura de Morena a la presidencia en 2024. (Fotoarte: Infobae M\u00e9xico\/ Abraham Avil\u00e9s)\" height=\"1080\" width=\"1920\" class=\"\" src=\"https:\/\/cloudfront-us-east-1.images.arcpublishing.com\/infobae\/PBOEFXMHZJFJXFCU4MND4EA3X4.jpg\" srcset=\"https:\/\/www.infobae.com\/new-resizer\/MJsgIGikBwrVsv5iONtStf0ALgw=\/420x236\/filters:format(webp):quality(85)\/cloudfront-us-east-1.images.arcpublishing.com\/infobae\/PBOEFXMHZJFJXFCU4MND4EA3X4.jpg 420w,https:\/\/www.infobae.com\/new-resizer\/CFX9RJmpee2J6CHJ1_IqzbkSLik=\/768x432\/filters:format(webp):quality(85)\/cloudfront-us-east-1.images.arcpublishing.com\/infobae\/PBOEFXMHZJFJXFCU4MND4EA3X4.jpg 768w,https:\/\/www.infobae.com\/new-resizer\/jzvoqUzTgCnwIcI93fU0aujfrMc=\/992x558\/filters:format(webp):quality(85)\/cloudfront-us-east-1.images.arcpublishing.com\/infobae\/PBOEFXMHZJFJXFCU4MND4EA3X4.jpg 992w,https:\/\/www.infobae.com\/new-resizer\/qOJWESkh3d2TNq_wsn3I55YEcOw=\/1200x675\/filters:format(webp):quality(85)\/cloudfront-us-east-1.images.arcpublishing.com\/infobae\/PBOEFXMHZJFJXFCU4MND4EA3X4.jpg 1200w,https:\/\/www.infobae.com\/new-resizer\/U5YJj2Nw8d4NdXPXYRal1UGomiI=\/1440x810\/filters:format(webp):quality(85)\/cloudfront-us-east-1.images.arcpublishing.com\/infobae\/PBOEFXMHZJFJXFCU4MND4EA3X4.jpg 1440w\">Claudia Sheinbaum, Marcelo Ebrard y Ad\u00e1n Augusto L\u00f3pez: la terna de \u201ccorcholatas\u201d que buscan la candidatura de Morena a la presidencia en 2024. (Fotoarte: Infobae M\u00e9xico\/ Abraham Avil\u00e9s)<\/p>\n\n\n\n<p>Entre tanto, dentro de la alianza<strong>&nbsp;Va por M\u00e9xico<\/strong>&nbsp;hay muchas manos arriba que desean la silla presidencial. Por parte del&nbsp;<strong>PAN&nbsp;<\/strong>se encuentra la senadora<strong>&nbsp;Lilly T\u00e9llez,<\/strong>&nbsp;los diputados federales&nbsp;<strong>Santiago Creel<\/strong>&nbsp;y&nbsp;<strong>Gabriel Quadri,<\/strong>&nbsp;as\u00ed como los excandidatos presidenciales&nbsp;<strong>Ricardo Anaya&nbsp;<\/strong>y&nbsp;<strong>Margarita Zavala.<\/strong><\/p>\n\n\n\n<p>Por parte del\u00a0<strong>PRD\u00a0<\/strong>quien ha reafirmado sus intenciones para contender por la presidencia es el exgobernador de Michoac\u00e1n,<strong>\u00a0Silvano Aureoles<\/strong>\u00a0y el senador\u00a0<strong>Miguel \u00c1ngel Mancera,<\/strong>\u00a0entre otros.<\/p>\n\n\n\n<p>Fuente: https:\/\/www.infobae.com\/america\/mexico\/2022\/10\/10\/fuertes-rivales-contra-sheinbaum-ellas-serian-las-mujeres-presidenciables-con-las-que-competiria-el-pri-en-2024\/<\/p>\n","protected":false},"excerpt":{"rendered":"<p>Dos senadoras de la bancada tricolor han levantado la mano para encabezar a su partido de cara a las elecciones [&hellip;]<\/p>\n","protected":false},"author":1,"featured_media":38746,"comment_status":"open","ping_status":"open","sticky":false,"template":"","format":"standard","meta":{"site-sidebar-layout":"default","site-content-layout":"","ast-site-content-layout":"default","site-content-style":"default","site-sidebar-style":"default","ast-global-header-display":"","ast-banner-title-visibility":"","ast-main-header-display":"","ast-hfb-above-header-display":"","ast-hfb-below-header-display":"","ast-hfb-mobile-header-display":"","site-post-title":"","ast-breadcrumbs-content":"","ast-featured-img":"","footer-sml-layout":"","theme-transparent-header-meta":"","adv-header-id-meta":"","stick-header-meta":"","header-above-stick-meta":"","header-main-stick-meta":"","header-below-stick-meta":"","astra-migrate-meta-layouts":"default","ast-page-background-enabled":"default","ast-page-background-meta":{"desktop":{"background-color":"var(--ast-global-color-4)","background-image":"","background-repeat":"repeat","background-position":"center center","background-size":"auto","background-attachment":"scroll","background-type":"","background-media":"","overlay-type":"","overlay-color":"","overlay-opacity":"","overlay-gradient":""},"tablet":{"background-color":"","background-image":"","background-repeat":"repeat","background-position":"center center","background-size":"auto","background-attachment":"scroll","background-type":"","background-media":"","overlay-type":"","overlay-color":"","overlay-opacity":"","overlay-gradient":""},"mobile":{"background-color":"","background-image":"","background-repeat":"repeat","background-position":"center center","background-size":"auto","background-attachment":"scroll","background-type":"","background-media":"","overlay-type":"","overlay-color":"","overlay-opacity":"","overlay-gradient":""}},"ast-content-background-meta":{"desktop":{"background-color":"var(--ast-global-color-5)","background-image":"","background-repeat":"repeat","background-position":"center center","background-size":"auto","background-attachment":"scroll","background-type":"","background-media":"","overlay-type":"","overlay-color":"","overlay-opacity":"","overlay-gradient":""},"tablet":{"background-color":"var(--ast-global-color-5)","background-image":"","background-repeat":"repeat","background-position":"center center","background-size":"auto","background-attachment":"scroll","background-type":"","background-media":"","overlay-type":"","overlay-color":"","overlay-opacity":"","overlay-gradient":""},"mobile":{"background-color":"var(--ast-global-color-5)","background-image":"","background-repeat":"repeat","background-position":"center center","background-size":"auto","background-attachment":"scroll","background-type":"","background-media":"","overlay-type":"","overlay-color":"","overlay-opacity":"","overlay-gradient":""}},"footnotes":""},"categories":[8],"tags":[324,11757,5486],"class_list":["post-38745","post","type-post","status-publish","format-standard","has-post-thumbnail","hentry","category-noticias","tag-beatriz-paredes","tag-claudia-ruiz-massieu","tag-elecciones-2024"],"_links":{"self":[{"href":"https:\/\/losperiodistas.com.mx\/portal\/wp-json\/wp\/v2\/posts\/38745","targetHints":{"allow":["GET"]}}],"collection":[{"href":"https:\/\/losperiodistas.com.mx\/portal\/wp-json\/wp\/v2\/posts"}],"about":[{"href":"https:\/\/losperiodistas.com.mx\/portal\/wp-json\/wp\/v2\/types\/post"}],"author":[{"embeddable":true,"href":"https:\/\/losperiodistas.com.mx\/portal\/wp-json\/wp\/v2\/users\/1"}],"replies":[{"embeddable":true,"href":"https:\/\/losperiodistas.com.mx\/portal\/wp-json\/wp\/v2\/comments?post=38745"}],"version-history":[{"count":1,"href":"https:\/\/losperiodistas.com.mx\/portal\/wp-json\/wp\/v2\/posts\/38745\/revisions"}],"predecessor-version":[{"id":38747,"href":"https:\/\/losperiodistas.com.mx\/portal\/wp-json\/wp\/v2\/posts\/38745\/revisions\/38747"}],"wp:featuredmedia":[{"embeddable":true,"href":"https:\/\/losperiodistas.com.mx\/portal\/wp-json\/wp\/v2\/media\/38746"}],"wp:attachment":[{"href":"https:\/\/losperiodistas.com.mx\/portal\/wp-json\/wp\/v2\/media?parent=38745"}],"wp:term":[{"taxonomy":"category","embeddable":true,"href":"https:\/\/losperiodistas.com.mx\/portal\/wp-json\/wp\/v2\/categories?post=38745"},{"taxonomy":"post_tag","embeddable":true,"href":"https:\/\/losperiodistas.com.mx\/portal\/wp-json\/wp\/v2\/tags?post=38745"}],"curies":[{"name":"wp","href":"https:\/\/api.w.org\/{rel}","templated":true}]}}