{"id":38706,"date":"2022-10-09T12:16:31","date_gmt":"2022-10-09T17:16:31","guid":{"rendered":"http:\/\/losperiodistas.com.mx\/portal\/?p=38706"},"modified":"2022-10-09T12:16:33","modified_gmt":"2022-10-09T17:16:33","slug":"311-patrullas-para-puebla-eduardo-rivera","status":"publish","type":"post","link":"https:\/\/losperiodistas.com.mx\/portal\/311-patrullas-para-puebla-eduardo-rivera\/","title":{"rendered":"311 patrullas para Puebla: Eduardo Rivera"},"content":{"rendered":"\n<p><\/p>\n\n\n\n<div class=\"wp-block-image is-style-default\"><figure class=\"aligncenter size-large\"><img fetchpriority=\"high\" decoding=\"async\" width=\"1024\" height=\"682\" src=\"https:\/\/losperiodistas.com.mx\/portal\/wp-content\/uploads\/2022\/10\/WhatsApp-Image-2022-10-09-at-12.02.12-PM-1-1024x682.jpeg\" alt=\"\" class=\"wp-image-38707\" srcset=\"https:\/\/losperiodistas.com.mx\/portal\/wp-content\/uploads\/2022\/10\/WhatsApp-Image-2022-10-09-at-12.02.12-PM-1-1024x682.jpeg 1024w, https:\/\/losperiodistas.com.mx\/portal\/wp-content\/uploads\/2022\/10\/WhatsApp-Image-2022-10-09-at-12.02.12-PM-1-300x200.jpeg 300w, https:\/\/losperiodistas.com.mx\/portal\/wp-content\/uploads\/2022\/10\/WhatsApp-Image-2022-10-09-at-12.02.12-PM-1-768x512.jpeg 768w, https:\/\/losperiodistas.com.mx\/portal\/wp-content\/uploads\/2022\/10\/WhatsApp-Image-2022-10-09-at-12.02.12-PM-1.jpeg 1280w\" sizes=\"(max-width: 1024px) 100vw, 1024px\" \/><figcaption>Ayuntamiento Puebla<\/figcaption><\/figure><\/div>\n\n\n\n<p><\/p>\n\n\n\n<p class=\"has-vivid-cyan-blue-color has-text-color has-medium-font-size\">REDACCI\u00d3N<\/p>\n\n\n\n<p>Porque tu seguridad es compromiso de todos, Eduardo Rivera, Presidente Municipal de Puebla entreg\u00f3 156 patrullas a la Secretar\u00eda de Seguridad Ciudadana (SSC), para hacer un gran total de 311 unidades en este primer a\u00f1o de gesti\u00f3n, con una inversi\u00f3n de 180 mil 483 millones de pesos.<\/p>\n\n\n\n<p>Durante su mensaje el edil afirm\u00f3 que con m\u00e1s y mejores patrullas \u00abva a representar m\u00e1s rondines en tu colonia, mayor vigilancia en tu barrio, en tu unidad habitacional, en tu junta auxiliar y en tu negocio\u00bb.<\/p>\n\n\n\n<p>El alcalde entreg\u00f3 73 patrullas pick up, 32 tipo sed\u00e1n y 51 motocicletas, herramientas de vanguardia para la operaci\u00f3n policial, que permitir\u00e1n seguir corrigiendo el rumbo de la seguridad en Puebla capital.<\/p>\n\n\n\n<div class=\"wp-block-image is-style-default\"><figure class=\"alignleft size-large is-resized\"><img decoding=\"async\" src=\"https:\/\/losperiodistas.com.mx\/portal\/wp-content\/uploads\/2022\/10\/WhatsApp-Image-2022-10-09-at-12.02.12-PM-1024x682.jpeg\" alt=\"\" class=\"wp-image-38708\" width=\"644\" height=\"429\" srcset=\"https:\/\/losperiodistas.com.mx\/portal\/wp-content\/uploads\/2022\/10\/WhatsApp-Image-2022-10-09-at-12.02.12-PM-1024x682.jpeg 1024w, https:\/\/losperiodistas.com.mx\/portal\/wp-content\/uploads\/2022\/10\/WhatsApp-Image-2022-10-09-at-12.02.12-PM-300x200.jpeg 300w, https:\/\/losperiodistas.com.mx\/portal\/wp-content\/uploads\/2022\/10\/WhatsApp-Image-2022-10-09-at-12.02.12-PM-768x512.jpeg 768w, https:\/\/losperiodistas.com.mx\/portal\/wp-content\/uploads\/2022\/10\/WhatsApp-Image-2022-10-09-at-12.02.12-PM.jpeg 1280w\" sizes=\"(max-width: 644px) 100vw, 644px\" \/><figcaption>Ayuntamiento Puebla<\/figcaption><\/figure><\/div>\n\n\n\n<p>En esta entrega tambi\u00e9n se cont\u00f3 con la presencia del General Jos\u00e9 Mart\u00edn Luna de la Luz, Comandante de la 25 Zona Militar; los regidores Fernando Sarur, Presidente de la Comisi\u00f3n de Seguridad, Justicia y Protecci\u00f3n Civil; y Gabriela Ruiz, Presidenta de la Comisi\u00f3n de Salubridad, Asistencia P\u00fablica, Grupos Vulnerables y Personas con Discapacidad; con la y los Secretarios Consuelo Cruz de Seguridad Ciudadana, Bernardo Arrubarrena de Administraci\u00f3n y Tecnolog\u00edas de la Informaci\u00f3n, Jorge Cruz de Gobernaci\u00f3n; Ad\u00e1n Dom\u00ednguez S\u00e1nchez, Gerente Municipal; H\u00e9ctor S\u00e1nchez, Presidente de la C\u00e1mara Mexicana de la Industria de la Construcci\u00f3n; y Jos\u00e9 Francisco Cervantes, Director de Apoyo y Seguridad Universitaria.<\/p>\n","protected":false},"excerpt":{"rendered":"<p>REDACCI\u00d3N Porque tu seguridad es compromiso de todos, Eduardo Rivera, Presidente Municipal de Puebla entreg\u00f3 156 patrullas a la Secretar\u00eda [&hellip;]<\/p>\n","protected":false},"author":1,"featured_media":38708,"comment_status":"open","ping_status":"open","sticky":false,"template":"","format":"standard","meta":{"site-sidebar-layout":"default","site-content-layout":"","ast-site-content-layout":"default","site-content-style":"default","site-sidebar-style":"default","ast-global-header-display":"","ast-banner-title-visibility":"","ast-main-header-display":"","ast-hfb-above-header-display":"","ast-hfb-below-header-display":"","ast-hfb-mobile-header-display":"","site-post-title":"","ast-breadcrumbs-content":"","ast-featured-img":"","footer-sml-layout":"","theme-transparent-header-meta":"","adv-header-id-meta":"","stick-header-meta":"","header-above-stick-meta":"","header-main-stick-meta":"","header-below-stick-meta":"","astra-migrate-meta-layouts":"default","ast-page-background-enabled":"default","ast-page-background-meta":{"desktop":{"background-color":"var(--ast-global-color-4)","background-image":"","background-repeat":"repeat","background-position":"center center","background-size":"auto","background-attachment":"scroll","background-type":"","background-media":"","overlay-type":"","overlay-color":"","overlay-opacity":"","overlay-gradient":""},"tablet":{"background-color":"","background-image":"","background-repeat":"repeat","background-position":"center center","background-size":"auto","background-attachment":"scroll","background-type":"","background-media":"","overlay-type":"","overlay-color":"","overlay-opacity":"","overlay-gradient":""},"mobile":{"background-color":"","background-image":"","background-repeat":"repeat","background-position":"center center","background-size":"auto","background-attachment":"scroll","background-type":"","background-media":"","overlay-type":"","overlay-color":"","overlay-opacity":"","overlay-gradient":""}},"ast-content-background-meta":{"desktop":{"background-color":"var(--ast-global-color-5)","background-image":"","background-repeat":"repeat","background-position":"center center","background-size":"auto","background-attachment":"scroll","background-type":"","background-media":"","overlay-type":"","overlay-color":"","overlay-opacity":"","overlay-gradient":""},"tablet":{"background-color":"var(--ast-global-color-5)","background-image":"","background-repeat":"repeat","background-position":"center center","background-size":"auto","background-attachment":"scroll","background-type":"","background-media":"","overlay-type":"","overlay-color":"","overlay-opacity":"","overlay-gradient":""},"mobile":{"background-color":"var(--ast-global-color-5)","background-image":"","background-repeat":"repeat","background-position":"center center","background-size":"auto","background-attachment":"scroll","background-type":"","background-media":"","overlay-type":"","overlay-color":"","overlay-opacity":"","overlay-gradient":""}},"footnotes":""},"categories":[8],"tags":[7279,11020],"class_list":["post-38706","post","type-post","status-publish","format-standard","has-post-thumbnail","hentry","category-noticias","tag-contigoyconrumbo","tag-ssc"],"_links":{"self":[{"href":"https:\/\/losperiodistas.com.mx\/portal\/wp-json\/wp\/v2\/posts\/38706","targetHints":{"allow":["GET"]}}],"collection":[{"href":"https:\/\/losperiodistas.com.mx\/portal\/wp-json\/wp\/v2\/posts"}],"about":[{"href":"https:\/\/losperiodistas.com.mx\/portal\/wp-json\/wp\/v2\/types\/post"}],"author":[{"embeddable":true,"href":"https:\/\/losperiodistas.com.mx\/portal\/wp-json\/wp\/v2\/users\/1"}],"replies":[{"embeddable":true,"href":"https:\/\/losperiodistas.com.mx\/portal\/wp-json\/wp\/v2\/comments?post=38706"}],"version-history":[{"count":1,"href":"https:\/\/losperiodistas.com.mx\/portal\/wp-json\/wp\/v2\/posts\/38706\/revisions"}],"predecessor-version":[{"id":38709,"href":"https:\/\/losperiodistas.com.mx\/portal\/wp-json\/wp\/v2\/posts\/38706\/revisions\/38709"}],"wp:featuredmedia":[{"embeddable":true,"href":"https:\/\/losperiodistas.com.mx\/portal\/wp-json\/wp\/v2\/media\/38708"}],"wp:attachment":[{"href":"https:\/\/losperiodistas.com.mx\/portal\/wp-json\/wp\/v2\/media?parent=38706"}],"wp:term":[{"taxonomy":"category","embeddable":true,"href":"https:\/\/losperiodistas.com.mx\/portal\/wp-json\/wp\/v2\/categories?post=38706"},{"taxonomy":"post_tag","embeddable":true,"href":"https:\/\/losperiodistas.com.mx\/portal\/wp-json\/wp\/v2\/tags?post=38706"}],"curies":[{"name":"wp","href":"https:\/\/api.w.org\/{rel}","templated":true}]}}