{"id":3857,"date":"2021-01-27T07:16:38","date_gmt":"2021-01-27T13:16:38","guid":{"rendered":"http:\/\/losperiodistas.com.mx\/portal\/?p=3857"},"modified":"2021-01-27T07:16:38","modified_gmt":"2021-01-27T13:16:38","slug":"el-tigre-a-la-camara","status":"publish","type":"post","link":"https:\/\/losperiodistas.com.mx\/portal\/el-tigre-a-la-camara\/","title":{"rendered":"El Tigre a la C\u00e1mara"},"content":{"rendered":"\n<p class=\"has-vivid-cyan-blue-color has-text-color\" style=\"font-size:26px\"><em>Por Humberto Aguilar Coronado<\/em><\/p>\n\n\n\n<p>El lunes 25 de enero, present\u00e9 ante la Comisi\u00f3n Organizadora Electoral del Comit\u00e9 Ejecutivo Nacional del PAN, mi solicitud de registro como pre candidato a Diputado Federal por el Distrito 10 con cabecera en San Pedro Cholula. Es un distrito conurbado a la capital, que abarca los municipios de San Andr\u00e9s Cholula, Cuautlancingo, Coronango, Juan C. Bonilla, San Gregorio Atzompa y San Jer\u00f3nimo Tecuanipan.<\/p>\n\n\n\n<p>A mis 57 a\u00f1os, es un nuevo reto en mi vida pol\u00edtica que empez\u00f3 hace 39 a\u00f1os que solicit\u00e9 mi afiliaci\u00f3n al partido.<\/p>\n\n\n\n<p>Recuerdo muy bien que cuando pocos quer\u00edan ser candidatos, el partido me pidi\u00f3 jugar una candidatura de \u201csacrificio\u201d a Diputado Local en el lejano 1986 y en el lejano Distrito Electoral Local de Zacapoaxtla.<\/p>\n\n\n\n<p>A\u00f1os despu\u00e9s, el PAN me dio la gran oportunidad de ser Diputado Federal en 1991, en una hist\u00f3rica legislatura en donde conoc\u00ed, a mis 27 a\u00f1os, a grandes pol\u00edticos, hombres y mujeres que desde diferentes partidos trat\u00e1bamos de reinstalar la normalidad parlamentaria y democr\u00e1tica despu\u00e9s de las tan cuestionadas elecciones de 1988.<\/p>\n\n\n\n<p>En esa Legislatura, en la segunda mitad del sexenio del Presidente Carlos Salinas de Gortari, se promovieron grandes reformas constitucionales y legales que a\u00fan ahora, son un referente legislativo.<\/p>\n\n\n\n<p>Posteriormente fui Diputado Local en la 54 Legislatura del Congreso del Estado de Puebla y en 2006, ganamos las elecciones constitucionales, y tuve el alt\u00edsimo honor de ser Senador de la Rep\u00fablica hasta el 2012.<\/p>\n\n\n\n<p>Esa es la experiencia legislativa que pongo a disposici\u00f3n de mi partido para ser tomada en cuenta en el momento que se tome la decisi\u00f3n final por parte de la Comisi\u00f3n Permanente Nacional.<\/p>\n\n\n\n<p>Quiero ser Diputado Federal porque considero que el momento pol\u00edtico que estamos viviendo en el pa\u00eds, requiere de responsabilidad y experiencia en el desempe\u00f1o legislativo y parlamentario.<\/p>\n\n\n\n<p>Debemos construir una mayor\u00eda diferente en la C\u00e1mara de Diputados para generar un contrapeso institucional al poder que ha adquirido el Presidente de la Rep\u00fablica y que le ha permitido tomar decisiones que no parecen coincidir con la realidad que estamos viviendo. Un contrapeso institucional derivado del resultado electoral del pr\u00f3ximo 6 de junio.<\/p>\n\n\n\n<p>Creo firmemente que un Diputado Federal debe conciliar, al menos, estas caracter\u00edsticas: Que sea un buen parlamentario, es decir, que defienda con pasi\u00f3n y responsabilidad las posiciones que presente su grupo parlamentario en la m\u00e1s alta tribuna de la naci\u00f3n.<\/p>\n\n\n\n<p>Un buen legislador, es decir, un Diputado que sepa hacer leyes y proponer las reformas constitucionales adecuadas y necesarias para el pa\u00eds.<\/p>\n\n\n\n<p>Un buen fiscalizador, es decir, un Diputado que revise en que se gasta el gobierno federal los recursos que la propia C\u00e1mara le ha asignado.<\/p>\n\n\n\n<p>Un buen negociador, es decir, un Diputado que promueva la b\u00fasqueda de los consensos y los acuerdos pol\u00edticos necesarios en esta relaci\u00f3n de poderes y de diferentes grupos parlamentarios.<\/p>\n\n\n\n<p>Un buen gestor, es decir, un Diputado que promueva que sus municipios tengan recursos adicionales para poder llevar bienestar y desarrollo a sus habitantes.<\/p>\n\n\n\n<p>En resumen, un Diputado Federal comprometido con la democracia y con el fortalecimiento del poder legislativo. Estoy preparado y digo presente. Espero la decisi\u00f3n de mi partido y en su caso, la campa\u00f1a electoral.<\/p>\n\n\n\n<p>*Es Polit\u00f3logo y Maestro en Negociaci\u00f3n por la Universidad Carlos III de Madrid, Espa\u00f1a<\/p>\n\n\n\n<p>Facebook: <a href=\"https:\/\/www.facebook.com\/TigreAguilarC\">https:\/\/www.facebook.com\/TigreAguilarC<\/a><\/p>\n\n\n\n<p>Instagram: humbertoaguilareltigre<\/p>\n\n\n\n<p>Twitter: @Tigre_Aguilar_C<\/p>\n","protected":false},"excerpt":{"rendered":"<p>Por Humberto Aguilar Coronado El lunes 25 de enero, present\u00e9 ante la Comisi\u00f3n Organizadora Electoral del Comit\u00e9 Ejecutivo Nacional del [&hellip;]<\/p>\n","protected":false},"author":1,"featured_media":3858,"comment_status":"open","ping_status":"open","sticky":false,"template":"","format":"standard","meta":{"site-sidebar-layout":"default","site-content-layout":"","ast-site-content-layout":"default","site-content-style":"default","site-sidebar-style":"default","ast-global-header-display":"","ast-banner-title-visibility":"","ast-main-header-display":"","ast-hfb-above-header-display":"","ast-hfb-below-header-display":"","ast-hfb-mobile-header-display":"","site-post-title":"","ast-breadcrumbs-content":"","ast-featured-img":"","footer-sml-layout":"","theme-transparent-header-meta":"","adv-header-id-meta":"","stick-header-meta":"","header-above-stick-meta":"","header-main-stick-meta":"","header-below-stick-meta":"","astra-migrate-meta-layouts":"default","ast-page-background-enabled":"default","ast-page-background-meta":{"desktop":{"background-color":"var(--ast-global-color-4)","background-image":"","background-repeat":"repeat","background-position":"center center","background-size":"auto","background-attachment":"scroll","background-type":"","background-media":"","overlay-type":"","overlay-color":"","overlay-opacity":"","overlay-gradient":""},"tablet":{"background-color":"","background-image":"","background-repeat":"repeat","background-position":"center center","background-size":"auto","background-attachment":"scroll","background-type":"","background-media":"","overlay-type":"","overlay-color":"","overlay-opacity":"","overlay-gradient":""},"mobile":{"background-color":"","background-image":"","background-repeat":"repeat","background-position":"center center","background-size":"auto","background-attachment":"scroll","background-type":"","background-media":"","overlay-type":"","overlay-color":"","overlay-opacity":"","overlay-gradient":""}},"ast-content-background-meta":{"desktop":{"background-color":"var(--ast-global-color-5)","background-image":"","background-repeat":"repeat","background-position":"center center","background-size":"auto","background-attachment":"scroll","background-type":"","background-media":"","overlay-type":"","overlay-color":"","overlay-opacity":"","overlay-gradient":""},"tablet":{"background-color":"var(--ast-global-color-5)","background-image":"","background-repeat":"repeat","background-position":"center center","background-size":"auto","background-attachment":"scroll","background-type":"","background-media":"","overlay-type":"","overlay-color":"","overlay-opacity":"","overlay-gradient":""},"mobile":{"background-color":"var(--ast-global-color-5)","background-image":"","background-repeat":"repeat","background-position":"center center","background-size":"auto","background-attachment":"scroll","background-type":"","background-media":"","overlay-type":"","overlay-color":"","overlay-opacity":"","overlay-gradient":""}},"footnotes":""},"categories":[18],"tags":[],"class_list":["post-3857","post","type-post","status-publish","format-standard","has-post-thumbnail","hentry","category-palabra-de-tigre"],"_links":{"self":[{"href":"https:\/\/losperiodistas.com.mx\/portal\/wp-json\/wp\/v2\/posts\/3857","targetHints":{"allow":["GET"]}}],"collection":[{"href":"https:\/\/losperiodistas.com.mx\/portal\/wp-json\/wp\/v2\/posts"}],"about":[{"href":"https:\/\/losperiodistas.com.mx\/portal\/wp-json\/wp\/v2\/types\/post"}],"author":[{"embeddable":true,"href":"https:\/\/losperiodistas.com.mx\/portal\/wp-json\/wp\/v2\/users\/1"}],"replies":[{"embeddable":true,"href":"https:\/\/losperiodistas.com.mx\/portal\/wp-json\/wp\/v2\/comments?post=3857"}],"version-history":[{"count":1,"href":"https:\/\/losperiodistas.com.mx\/portal\/wp-json\/wp\/v2\/posts\/3857\/revisions"}],"predecessor-version":[{"id":3859,"href":"https:\/\/losperiodistas.com.mx\/portal\/wp-json\/wp\/v2\/posts\/3857\/revisions\/3859"}],"wp:featuredmedia":[{"embeddable":true,"href":"https:\/\/losperiodistas.com.mx\/portal\/wp-json\/wp\/v2\/media\/3858"}],"wp:attachment":[{"href":"https:\/\/losperiodistas.com.mx\/portal\/wp-json\/wp\/v2\/media?parent=3857"}],"wp:term":[{"taxonomy":"category","embeddable":true,"href":"https:\/\/losperiodistas.com.mx\/portal\/wp-json\/wp\/v2\/categories?post=3857"},{"taxonomy":"post_tag","embeddable":true,"href":"https:\/\/losperiodistas.com.mx\/portal\/wp-json\/wp\/v2\/tags?post=3857"}],"curies":[{"name":"wp","href":"https:\/\/api.w.org\/{rel}","templated":true}]}}