{"id":3851,"date":"2021-01-27T07:01:57","date_gmt":"2021-01-27T13:01:57","guid":{"rendered":"http:\/\/losperiodistas.com.mx\/portal\/?p=3851"},"modified":"2021-01-27T07:01:57","modified_gmt":"2021-01-27T13:01:57","slug":"papa-francisco-invita-a-recordar-el-holocausto-porque-puede-volver-a-ocurrir-dw","status":"publish","type":"post","link":"https:\/\/losperiodistas.com.mx\/portal\/papa-francisco-invita-a-recordar-el-holocausto-porque-puede-volver-a-ocurrir-dw\/","title":{"rendered":"Papa Francisco invita a recordar el Holocausto porque \u00abpuede volver a ocurrir\u00bb | DW"},"content":{"rendered":"\n<p style=\"font-size:18px\"><em>Hoy se conmemora el 76 aniversario de la liberaci\u00f3n del campo de concentraci\u00f3n de Auschwitz-Birkenau, el mayor centro nazi de tortura y muerte durante la Segunda Guerra Mundial.<\/em><\/p>\n\n\n\n<p class=\"has-vivid-cyan-blue-color has-text-color has-medium-font-size\">DW<\/p>\n\n\n\n<p>El pont\u00edfice argentino record\u00f3 que este mi\u00e9rcoles se lleva a cabo la Jornada de la Memoria de las V\u00edctimas del Holocausto, en el D\u00eda Internacional de Conmemoraci\u00f3n en Memoria de las V\u00edctimas del Holocausto, que marca el aniversario de la liberaci\u00f3n del campo Auschwitz-Birkenau, el mayor campo de la muerte nazi, el 27 de enero de 1945.<\/p>\n\n\n\n<p>\u00abConmemoramos a las v\u00edctimas de la Shoah (Holocausto) y a todos los perseguidos y deportados por el r\u00e9gimen nazi\u00bb, se\u00f1al\u00f3.<\/p>\n\n\n\n<p>En este sentido, el sumo pont\u00edfice destac\u00f3 que \u00abrecordar es una expresi\u00f3n de humanidad, recordar es un signo de civilizaci\u00f3n, recordar es una condici\u00f3n para un futuro mejor de paz y fraternidad\u00bb.<a href=\"https:\/\/www.dw.com\/es\/papa-francisco-invita-a-recordar-el-holocausto-porque-puede-volver-a-ocurrir\/a-56359848#\"><\/a><\/p>\n\n\n\n<p>Esta foto muestra la llegada y procesamiento de un gran grupo de jud\u00edos a Auschwitz-Birkenau, Polonia, en mayo de 1944<\/p>\n\n\n\n<h2 class=\"wp-block-heading\"><strong>\u00abEstas cosas pueden volver a ocurrir\u00bb<\/strong><\/h2>\n\n\n\n<p>\u00abRecordar tambi\u00e9n significa tener cuidado porque estas cosas pueden volver a ocurrir, empezando por propuestas ideol\u00f3gicas que quieren salvar a un pueblo y acaban destruyendo a un pueblo y a la humanidad\u00bb, advirti\u00f3 el papa.<\/p>\n\n\n\n<p>\u00abCuidado con el inicio de este camino de muerte, exterminio y brutalidad\u00bb, snetenci\u00f3.<\/p>\n\n\n\n<p>Por otra parte, Francisco dedic\u00f3 su catequesis de este mi\u00e9rcoles a la biblia y pidi\u00f3 que su lectura \u00abvaya acompa\u00f1ada de oraci\u00f3n\u00bb porque \u00abno se puede leer como una novela\u00bb.<\/p>\n\n\n\n<p>rrr (efe\/vatican news\/reuters)<\/p>\n\n\n\n<p>Fuente:https:\/\/www.dw.com\/es\/papa-francisco-invita-a-recordar-el-holocausto-porque-puede-volver-a-ocurrir\/a-56359848<\/p>\n","protected":false},"excerpt":{"rendered":"<p>Hoy se conmemora el 76 aniversario de la liberaci\u00f3n del campo de concentraci\u00f3n de Auschwitz-Birkenau, el mayor centro nazi de [&hellip;]<\/p>\n","protected":false},"author":1,"featured_media":3852,"comment_status":"open","ping_status":"open","sticky":false,"template":"","format":"standard","meta":{"site-sidebar-layout":"default","site-content-layout":"","ast-site-content-layout":"default","site-content-style":"default","site-sidebar-style":"default","ast-global-header-display":"","ast-banner-title-visibility":"","ast-main-header-display":"","ast-hfb-above-header-display":"","ast-hfb-below-header-display":"","ast-hfb-mobile-header-display":"","site-post-title":"","ast-breadcrumbs-content":"","ast-featured-img":"","footer-sml-layout":"","theme-transparent-header-meta":"","adv-header-id-meta":"","stick-header-meta":"","header-above-stick-meta":"","header-main-stick-meta":"","header-below-stick-meta":"","astra-migrate-meta-layouts":"default","ast-page-background-enabled":"default","ast-page-background-meta":{"desktop":{"background-color":"var(--ast-global-color-4)","background-image":"","background-repeat":"repeat","background-position":"center center","background-size":"auto","background-attachment":"scroll","background-type":"","background-media":"","overlay-type":"","overlay-color":"","overlay-opacity":"","overlay-gradient":""},"tablet":{"background-color":"","background-image":"","background-repeat":"repeat","background-position":"center center","background-size":"auto","background-attachment":"scroll","background-type":"","background-media":"","overlay-type":"","overlay-color":"","overlay-opacity":"","overlay-gradient":""},"mobile":{"background-color":"","background-image":"","background-repeat":"repeat","background-position":"center center","background-size":"auto","background-attachment":"scroll","background-type":"","background-media":"","overlay-type":"","overlay-color":"","overlay-opacity":"","overlay-gradient":""}},"ast-content-background-meta":{"desktop":{"background-color":"var(--ast-global-color-5)","background-image":"","background-repeat":"repeat","background-position":"center center","background-size":"auto","background-attachment":"scroll","background-type":"","background-media":"","overlay-type":"","overlay-color":"","overlay-opacity":"","overlay-gradient":""},"tablet":{"background-color":"var(--ast-global-color-5)","background-image":"","background-repeat":"repeat","background-position":"center center","background-size":"auto","background-attachment":"scroll","background-type":"","background-media":"","overlay-type":"","overlay-color":"","overlay-opacity":"","overlay-gradient":""},"mobile":{"background-color":"var(--ast-global-color-5)","background-image":"","background-repeat":"repeat","background-position":"center center","background-size":"auto","background-attachment":"scroll","background-type":"","background-media":"","overlay-type":"","overlay-color":"","overlay-opacity":"","overlay-gradient":""}},"footnotes":""},"categories":[8],"tags":[],"class_list":["post-3851","post","type-post","status-publish","format-standard","has-post-thumbnail","hentry","category-noticias"],"_links":{"self":[{"href":"https:\/\/losperiodistas.com.mx\/portal\/wp-json\/wp\/v2\/posts\/3851","targetHints":{"allow":["GET"]}}],"collection":[{"href":"https:\/\/losperiodistas.com.mx\/portal\/wp-json\/wp\/v2\/posts"}],"about":[{"href":"https:\/\/losperiodistas.com.mx\/portal\/wp-json\/wp\/v2\/types\/post"}],"author":[{"embeddable":true,"href":"https:\/\/losperiodistas.com.mx\/portal\/wp-json\/wp\/v2\/users\/1"}],"replies":[{"embeddable":true,"href":"https:\/\/losperiodistas.com.mx\/portal\/wp-json\/wp\/v2\/comments?post=3851"}],"version-history":[{"count":1,"href":"https:\/\/losperiodistas.com.mx\/portal\/wp-json\/wp\/v2\/posts\/3851\/revisions"}],"predecessor-version":[{"id":3853,"href":"https:\/\/losperiodistas.com.mx\/portal\/wp-json\/wp\/v2\/posts\/3851\/revisions\/3853"}],"wp:featuredmedia":[{"embeddable":true,"href":"https:\/\/losperiodistas.com.mx\/portal\/wp-json\/wp\/v2\/media\/3852"}],"wp:attachment":[{"href":"https:\/\/losperiodistas.com.mx\/portal\/wp-json\/wp\/v2\/media?parent=3851"}],"wp:term":[{"taxonomy":"category","embeddable":true,"href":"https:\/\/losperiodistas.com.mx\/portal\/wp-json\/wp\/v2\/categories?post=3851"},{"taxonomy":"post_tag","embeddable":true,"href":"https:\/\/losperiodistas.com.mx\/portal\/wp-json\/wp\/v2\/tags?post=3851"}],"curies":[{"name":"wp","href":"https:\/\/api.w.org\/{rel}","templated":true}]}}