{"id":3848,"date":"2021-01-27T06:57:32","date_gmt":"2021-01-27T12:57:32","guid":{"rendered":"http:\/\/losperiodistas.com.mx\/portal\/?p=3848"},"modified":"2021-01-27T06:57:32","modified_gmt":"2021-01-27T12:57:32","slug":"a-subasta-un-retrato-pintado-por-botticelli-valorado-en-mas-de-65-millones-de-euros-el-independiente","status":"publish","type":"post","link":"https:\/\/losperiodistas.com.mx\/portal\/a-subasta-un-retrato-pintado-por-botticelli-valorado-en-mas-de-65-millones-de-euros-el-independiente\/","title":{"rendered":"A subasta un retrato pintado por Botticelli valorado en m\u00e1s de 65 millones de euros | El Independiente"},"content":{"rendered":"\n<p style=\"font-size:18px\"><em>Saldr\u00e1 a la venta este pr\u00f3ximo 28 de enero junto con otros dos cuadros, en una subasta dedicada a los grandes maestros<\/em><\/p>\n\n\n\n<p class=\"has-vivid-cyan-blue-color has-text-color has-medium-font-size\">EL INDEPENDIENTE<\/p>\n\n\n\n<p>La casa de subastas Sotheby\u2019s se prepara estos d\u00edas para vender la pr\u00f3xima semana una obra de Sandro Botticelli que los expertos han valorado en unos 80 millones de d\u00f3lares (m\u00e1s de 65 millones de euros), en excepcionales condiciones y s\u00f3lo uno de los tres retratos de este artista del Renacimiento que quedan en manos privadas.<\/p>\n\n\n\n<p>\u00abEn mis treinta a\u00f1os de carrera profesional nunca he tenido un Botticelli que se acerque a la calidad, la condici\u00f3n, la belleza y la importancia de este\u00bb, asegura el director neoyorquino del departamento de Grandes Maestros de Sotheby\u2019s, Christopher Apostle.<\/p>\n\n\n\n<p>Pintada hace unos 540 a\u00f1os, la pieza en cuesti\u00f3n, \u00abYoung Man Holding a Roundel\u00bb (Hombre joven sujetando un medall\u00f3n), espera solitaria a un posible nuevo propietario en una de las elegantes y sobrias salas de la sede neoyorquina de Sotheby\u2019s, donde estos d\u00edas puede ser admirado por todo aquel que se acerque a las instalaciones, aunque con cita previ, dadas las reglas establecidas por la pandemia de coronavirus.<\/p>\n\n\n\n<figure class=\"wp-block-embed-youtube wp-block-embed is-type-video is-provider-dailymotion wp-embed-aspect-16-9 wp-has-aspect-ratio\"><div class=\"wp-block-embed__wrapper\">\n<iframe title=\"Sotheby&#039;s se prepara para vender un Botticelli de m\u00e1s de 65 millones de euros\" frameborder=\"0\" width=\"500\" height=\"281\" src=\"https:\/\/geo.dailymotion.com\/player.html?video=x7yxxzu&#038;\" allowfullscreen allow=\"autoplay; fullscreen; picture-in-picture; web-share\"><\/iframe>\n<\/div><\/figure>\n\n\n\n<p><\/p>\n\n\n\n<h2 class=\"wp-block-heading\" id=\"h-antes-estuvo-en-una-colecci-n-privada\">Antes estuvo en una colecci\u00f3n privada<\/h2>\n\n\n\n<p>\u00abSandro Botticelli es realmente el artista por excelencia del Renacimiento Florentino. Antes de Miguel \u00c1ngel y antes de Leonardo da Vinci estaba Botticelli. Y por supuesto, sus famosas pinturas como \u2018Primavera\u2019 o \u2018El nacimiento de Venus\u2019 son aut\u00e9nticos iconos\u00bb, subraya el experto. Apostle asegura que se ha dado al retrato un valor de unos 80 millones de d\u00f3lares \u00abcompar\u00e1ndolo con otras obras maestras que han salido al mercado, ya sean de Francis Bacon, Picasso u otros grandes nombres de la historia de arte de Occidente\u00bb.<\/p>\n\n\n\n<blockquote class=\"wp-block-quote is-style-large is-layout-flow wp-block-quote-is-layout-flow\"><p>Antes de eso estuvo en una colecci\u00f3n privada desde principios del siglo XX y antes en otra desde finales del siglo XVIII, creemos. As\u00ed que no se ve muy a menudo<\/p><cite>CHRISTOPHER APOSTLE, DIRECTOR DE GRANDES MAESTROS DE SOTHEBY\u2019S<\/cite><\/blockquote>\n\n\n\n<p>\u00abDe esos niveles estamos hablando\u00bb, afirma el representante de una de las casas de subastas m\u00e1s importantes del mundo, que apunta adem\u00e1s que la \u00faltima vez que la obra sali\u00f3 a la venta fue hace casi cuatro d\u00e9cadas, en 1982. \u00abAntes de eso estuvo en una colecci\u00f3n privada desde principios del siglo XX y antes en otra desde finales del siglo XVIII, creemos. As\u00ed que no se ve muy a menudo\u00bb, cuenta Apostle.<\/p>\n\n\n\n<p>Muy pocos de los retratos de Botticelli, quien pint\u00f3 a varios miembros de la familia Medici, los grandes mecenas del Renacimiento florentino, sobrevivieron el paso del tiempo y la mayor\u00eda de ellos est\u00e1n expuestos en museos. El Botticelli se subastar\u00e1 en un evento retransmitido por internet el pr\u00f3ximo jueves 28 de enero como parte de una semana que Sotheby\u2019s dedica a los grandes maestros de la historia del arte, entre ellos Rembrandt y su \u00abAbraham y los \u00e1ngeles\u00bb, una pintura de tan s\u00f3lo 16 cent\u00edmetros de alto y 21 de largo pintado en 1646.<\/p>\n\n\n\n<h2 class=\"wp-block-heading\" id=\"h-junto-con-otros-dos-cuatros\">Junto con otros dos cuatros<\/h2>\n\n\n\n<p>Pese al tama\u00f1o de la pieza, que tambi\u00e9n saldr\u00e1 a la venta el 28 de enero, se considera una de las mejores obras del artista neerland\u00e9s en ser subastada y se vendi\u00f3 al mejor postor por \u00faltima vez en Londres en 1848, cuando se pag\u00f3 por ella 64 libras esterlinas (unos 72 euros al cambio actual). Los expertos le han dado un valor de entre 20 y 30 millones de d\u00f3lares (16,5-24,5 millones de euros), ya que se trata de una de las cinco pinturas b\u00edblicas de Rembrandt que aun est\u00e1n en manos privadas, pese a que pint\u00f3 136 de ellas.<\/p>\n\n\n\n<p>La crisis econ\u00f3mica mundial provocada por la pandemia no afectar\u00e1 el valor de estas grandes obras, opina el experto de Sotheby\u2019s, puesto que el mercado de las grandes obras de arte ha seguido movi\u00e9ndose pr\u00e1cticamente al mismo ritmo, solo que ahora de manera virtual.<\/p>\n\n\n\n<p>\u00abCreo que ambas pinturas son tan excepcionales y tan especiales que es una oportunidad, aunque estemos lidiando con una pandemia. La reacci\u00f3n (de los clientes) de momento ha ido muy buena\u00bb, dijo Apostle, quien consider\u00f3 que la pieza de Botticelli podr\u00eda romper un r\u00e9cord.<\/p>\n\n\n\n<p>Tambi\u00e9n saldr\u00e1 a la venta \u00abOto\u00f1o\u00bb, una escultura de m\u00e1rmol de 1,2 metros de altura que Gian Lorenzo Bernini, considerado uno de los mejores escultores desde Miguel \u00c1ngel, tall\u00f3 con su padre, Pietro, entre 1815 y 1618. Con un valor de entre 8 y 12 millones de d\u00f3lares (entre 6,5 y unos 10 millones de euros), la pieza es una de las pocas de Bernini y su padre que permanecen en manos privadas.<\/p>\n\n\n\n<p>Fuente: https:\/\/www.elindependiente.com\/tendencias\/arte\/2021\/01\/27\/a-subasta-un-retrato-pintado-por-botticelli-valorado-en-mas-de-65-millones-de-euros\/<\/p>\n\n\n\n<p><\/p>\n","protected":false},"excerpt":{"rendered":"<p>Saldr\u00e1 a la venta este pr\u00f3ximo 28 de enero junto con otros dos cuadros, en una subasta dedicada a los [&hellip;]<\/p>\n","protected":false},"author":1,"featured_media":3849,"comment_status":"open","ping_status":"open","sticky":false,"template":"","format":"standard","meta":{"site-sidebar-layout":"default","site-content-layout":"","ast-site-content-layout":"default","site-content-style":"default","site-sidebar-style":"default","ast-global-header-display":"","ast-banner-title-visibility":"","ast-main-header-display":"","ast-hfb-above-header-display":"","ast-hfb-below-header-display":"","ast-hfb-mobile-header-display":"","site-post-title":"","ast-breadcrumbs-content":"","ast-featured-img":"","footer-sml-layout":"","theme-transparent-header-meta":"","adv-header-id-meta":"","stick-header-meta":"","header-above-stick-meta":"","header-main-stick-meta":"","header-below-stick-meta":"","astra-migrate-meta-layouts":"default","ast-page-background-enabled":"default","ast-page-background-meta":{"desktop":{"background-color":"var(--ast-global-color-4)","background-image":"","background-repeat":"repeat","background-position":"center center","background-size":"auto","background-attachment":"scroll","background-type":"","background-media":"","overlay-type":"","overlay-color":"","overlay-opacity":"","overlay-gradient":""},"tablet":{"background-color":"","background-image":"","background-repeat":"repeat","background-position":"center center","background-size":"auto","background-attachment":"scroll","background-type":"","background-media":"","overlay-type":"","overlay-color":"","overlay-opacity":"","overlay-gradient":""},"mobile":{"background-color":"","background-image":"","background-repeat":"repeat","background-position":"center center","background-size":"auto","background-attachment":"scroll","background-type":"","background-media":"","overlay-type":"","overlay-color":"","overlay-opacity":"","overlay-gradient":""}},"ast-content-background-meta":{"desktop":{"background-color":"var(--ast-global-color-5)","background-image":"","background-repeat":"repeat","background-position":"center center","background-size":"auto","background-attachment":"scroll","background-type":"","background-media":"","overlay-type":"","overlay-color":"","overlay-opacity":"","overlay-gradient":""},"tablet":{"background-color":"var(--ast-global-color-5)","background-image":"","background-repeat":"repeat","background-position":"center center","background-size":"auto","background-attachment":"scroll","background-type":"","background-media":"","overlay-type":"","overlay-color":"","overlay-opacity":"","overlay-gradient":""},"mobile":{"background-color":"var(--ast-global-color-5)","background-image":"","background-repeat":"repeat","background-position":"center center","background-size":"auto","background-attachment":"scroll","background-type":"","background-media":"","overlay-type":"","overlay-color":"","overlay-opacity":"","overlay-gradient":""}},"footnotes":""},"categories":[8],"tags":[],"class_list":["post-3848","post","type-post","status-publish","format-standard","has-post-thumbnail","hentry","category-noticias"],"_links":{"self":[{"href":"https:\/\/losperiodistas.com.mx\/portal\/wp-json\/wp\/v2\/posts\/3848","targetHints":{"allow":["GET"]}}],"collection":[{"href":"https:\/\/losperiodistas.com.mx\/portal\/wp-json\/wp\/v2\/posts"}],"about":[{"href":"https:\/\/losperiodistas.com.mx\/portal\/wp-json\/wp\/v2\/types\/post"}],"author":[{"embeddable":true,"href":"https:\/\/losperiodistas.com.mx\/portal\/wp-json\/wp\/v2\/users\/1"}],"replies":[{"embeddable":true,"href":"https:\/\/losperiodistas.com.mx\/portal\/wp-json\/wp\/v2\/comments?post=3848"}],"version-history":[{"count":1,"href":"https:\/\/losperiodistas.com.mx\/portal\/wp-json\/wp\/v2\/posts\/3848\/revisions"}],"predecessor-version":[{"id":3850,"href":"https:\/\/losperiodistas.com.mx\/portal\/wp-json\/wp\/v2\/posts\/3848\/revisions\/3850"}],"wp:featuredmedia":[{"embeddable":true,"href":"https:\/\/losperiodistas.com.mx\/portal\/wp-json\/wp\/v2\/media\/3849"}],"wp:attachment":[{"href":"https:\/\/losperiodistas.com.mx\/portal\/wp-json\/wp\/v2\/media?parent=3848"}],"wp:term":[{"taxonomy":"category","embeddable":true,"href":"https:\/\/losperiodistas.com.mx\/portal\/wp-json\/wp\/v2\/categories?post=3848"},{"taxonomy":"post_tag","embeddable":true,"href":"https:\/\/losperiodistas.com.mx\/portal\/wp-json\/wp\/v2\/tags?post=3848"}],"curies":[{"name":"wp","href":"https:\/\/api.w.org\/{rel}","templated":true}]}}