{"id":3845,"date":"2021-01-27T06:43:18","date_gmt":"2021-01-27T12:43:18","guid":{"rendered":"http:\/\/losperiodistas.com.mx\/portal\/?p=3845"},"modified":"2021-01-27T06:43:18","modified_gmt":"2021-01-27T12:43:18","slug":"los-casos-globales-de-covid-19-superan-los-100-millones-mientras-las-naciones-abordan-la-escasez-de-vacunas-reuters","status":"publish","type":"post","link":"https:\/\/losperiodistas.com.mx\/portal\/los-casos-globales-de-covid-19-superan-los-100-millones-mientras-las-naciones-abordan-la-escasez-de-vacunas-reuters\/","title":{"rendered":"Los casos globales de COVID-19 superan los 100 millones mientras las naciones abordan la escasez de vacunas | Reuters"},"content":{"rendered":"\n<p class=\"has-vivid-cyan-blue-color has-text-color has-medium-font-size\">SHAINA AHLUWALIA \/ ROSHAN ABRAHAM \/ REUTERS <\/p>\n\n\n\n<p>(Reuters) &#8211; Los casos mundiales de coronavirus superaron los 100 millones el mi\u00e9rcoles, seg\u00fan un recuento de Reuters, mientras pa\u00edses de todo el mundo luchan con nuevas variantes de virus y escasez de vacunas.<\/p>\n\n\n\n<p>Casi el 1,3% de la poblaci\u00f3n mundial ha sido infectada con COVID-19, la enfermedad causada por el nuevo coronavirus, y m\u00e1s de 2,1 millones de personas han muerto.<\/p>\n\n\n\n<p>Una persona se ha infectado cada 7,7 segundos, en promedio, desde principios de a\u00f1o.&nbsp;Se han reportado alrededor de 668,250 casos cada d\u00eda durante el mismo per\u00edodo, y la tasa global de mortalidad es del 2,15%.<\/p>\n\n\n\n<p>Los pa\u00edses m\u00e1s afectados (Estados Unidos, India, Brasil, Rusia y Reino Unido) representan m\u00e1s de la mitad de todos los casos de COVID-19 notificados, pero representan el 28% de la poblaci\u00f3n mundial, seg\u00fan un an\u00e1lisis de Reuters.<\/p>\n\n\n\n<p>El mundo tard\u00f3 11 meses en registrar los primeros 50 millones de casos de la pandemia, en comparaci\u00f3n con solo tres meses para que los casos se duplicaran a 100 millones.&nbsp;(Gr\u00e1fico:&nbsp;<a href=\"https:\/\/tmsnrt.rs\/34pvUyi\">tmsnrt.rs\/34pvUyi<\/a>&nbsp;)<\/p>\n\n\n\n<p>Alrededor de 56 pa\u00edses han comenzado a vacunar a las personas contra el coronavirus, administrando al menos 64 millones de dosis.\u00a0Israel lidera el mundo en vacunaciones per c\u00e1pita, inoculando al 29% de su poblaci\u00f3n con al menos una dosis.<\/p>\n\n\n\n<h2 class=\"wp-block-heading\">ESTADOS UNIDOS<\/h2>\n\n\n\n<p>Con m\u00e1s de 25 millones de casos, Estados Unidos tiene el 25% de todos los casos de COVID notificados, aunque solo representa el 4% de la poblaci\u00f3n mundial.&nbsp;Estados Unidos lidera el mundo en el n\u00famero promedio diario de nuevas muertes reportadas, lo que representa una de cada cinco muertes reportadas en todo el mundo cada d\u00eda.&nbsp;Con poco menos de 425.000 muertes, Estados Unidos ha reportado casi el doble de muertes que Brasil, que tiene la segunda cifra m\u00e1s alta de muertes en el mundo.<\/p>\n\n\n\n<p>Como la regi\u00f3n m\u00e1s afectada del mundo, Europa est\u00e1 notificando actualmente un mill\u00f3n de nuevas infecciones cada cuatro d\u00edas y ha informado de casi 30 millones desde que comenz\u00f3 la pandemia.&nbsp;Gran Breta\u00f1a alcanz\u00f3 el martes las 100.000 muertes.<\/p>\n\n\n\n<p>La regi\u00f3n de Europa del Este, incluidos pa\u00edses como Rusia, Polonia y Ucrania, contribuye con casi el 10% de todos los casos mundiales de COVID-19.<\/p>\n\n\n\n<p>A pesar de asegurar acuerdos para el suministro de vacunas desde el principio, muchos pa\u00edses europeos se enfrentan a retrasos en los env\u00edos tanto de Pfizer Inc como de AstraZeneca Plc.<\/p>\n\n\n\n<h2 class=\"wp-block-heading\">ASIA Y AFRICA<\/h2>\n\n\n\n<p>En India, el pa\u00eds con el segundo mayor n\u00famero de casos, las infecciones est\u00e1n disminuyendo, con casi 13,700 nuevas infecciones reportadas en promedio cada d\u00eda, alrededor del 15% de su pico.\u00a0El primer ministro Narendra Modi dijo el viernes que India era completamente autosuficiente en el suministro de vacunas contra el coronavirus, ya que el segundo pa\u00eds m\u00e1s poblado del mundo inocul\u00f3 a m\u00e1s de 1 mill\u00f3n de personas una semana despu\u00e9s de comenzar su campa\u00f1a.<\/p>\n\n\n\n<p>China, que recientemente marc\u00f3 el primer aniversario del primer bloqueo por coronavirus del mundo en la ciudad central de Wuhan, enfrenta su peor ola de casos locales desde marzo del a\u00f1o pasado.<\/p>\n\n\n\n<p>Mientras las naciones m\u00e1s ricas avanzan con campa\u00f1as de vacunaci\u00f3n masiva, \u00c1frica todav\u00eda est\u00e1 luchando por asegurar suministros mientras lidia con las preocupaciones sobre variantes m\u00e1s infecciosas del virus identificadas por primera vez en Sud\u00e1frica y Gran Breta\u00f1a.<\/p>\n\n\n\n<p>Seg\u00fan el recuento de Reuters, los pa\u00edses africanos tienen casi 3,5 millones de casos y m\u00e1s de 85.000 muertes.<\/p>\n\n\n\n<p>La variante sudafricana, tambi\u00e9n conocida como 501Y.V2, es un 50% m\u00e1s infecciosa y se ha detectado en al menos 20 pa\u00edses.<\/p>\n\n\n\n<p>El presidente de los Estados Unidos, Joe Biden, impondr\u00e1 una prohibici\u00f3n a la mayor\u00eda de los ciudadanos no estadounidenses que ingresen al pa\u00eds y que hayan estado recientemente en Sud\u00e1frica a partir del s\u00e1bado en un intento por contener la propagaci\u00f3n de una nueva variante de COVID-19.<\/p>\n\n\n\n<p>A Australia y Nueva Zelanda les ha ido mejor que a la mayor\u00eda de las otras econom\u00edas desarrolladas durante la pandemia a trav\u00e9s de cierres fronterizos r\u00e1pidos, cierres, cuarentena estricta para los viajeros y pruebas generalizadas y distanciamiento social.<\/p>\n\n\n\n<p>\u00abTenemos el virus bajo control aqu\u00ed en Australia, pero queremos lanzar la vacuna\u00bb, dijo el tesorero australiano Josh Frydenberg en una conferencia de prensa el domingo.<\/p>\n\n\n\n<p>Reporte de Shaina Ahluwalia y Roshan Abraham en Bengaluru;\u00a0Edici\u00f3n de Lisa Shumaker y Jane Wardell<\/p>\n\n\n\n<p>Fuente: https:\/\/www.reuters.com\/article\/us-health-coronavirus-global-cases\/global-covid-19-cases-surpass-100-million-as-nations-tackle-vaccine-shortages-idUSKBN29W0B5<\/p>\n","protected":false},"excerpt":{"rendered":"<p>SHAINA AHLUWALIA \/ ROSHAN ABRAHAM \/ REUTERS (Reuters) &#8211; Los casos mundiales de coronavirus superaron los 100 millones el mi\u00e9rcoles, [&hellip;]<\/p>\n","protected":false},"author":1,"featured_media":3846,"comment_status":"open","ping_status":"open","sticky":false,"template":"","format":"standard","meta":{"site-sidebar-layout":"default","site-content-layout":"","ast-site-content-layout":"default","site-content-style":"default","site-sidebar-style":"default","ast-global-header-display":"","ast-banner-title-visibility":"","ast-main-header-display":"","ast-hfb-above-header-display":"","ast-hfb-below-header-display":"","ast-hfb-mobile-header-display":"","site-post-title":"","ast-breadcrumbs-content":"","ast-featured-img":"","footer-sml-layout":"","theme-transparent-header-meta":"","adv-header-id-meta":"","stick-header-meta":"","header-above-stick-meta":"","header-main-stick-meta":"","header-below-stick-meta":"","astra-migrate-meta-layouts":"default","ast-page-background-enabled":"default","ast-page-background-meta":{"desktop":{"background-color":"var(--ast-global-color-4)","background-image":"","background-repeat":"repeat","background-position":"center center","background-size":"auto","background-attachment":"scroll","background-type":"","background-media":"","overlay-type":"","overlay-color":"","overlay-opacity":"","overlay-gradient":""},"tablet":{"background-color":"","background-image":"","background-repeat":"repeat","background-position":"center center","background-size":"auto","background-attachment":"scroll","background-type":"","background-media":"","overlay-type":"","overlay-color":"","overlay-opacity":"","overlay-gradient":""},"mobile":{"background-color":"","background-image":"","background-repeat":"repeat","background-position":"center center","background-size":"auto","background-attachment":"scroll","background-type":"","background-media":"","overlay-type":"","overlay-color":"","overlay-opacity":"","overlay-gradient":""}},"ast-content-background-meta":{"desktop":{"background-color":"var(--ast-global-color-5)","background-image":"","background-repeat":"repeat","background-position":"center center","background-size":"auto","background-attachment":"scroll","background-type":"","background-media":"","overlay-type":"","overlay-color":"","overlay-opacity":"","overlay-gradient":""},"tablet":{"background-color":"var(--ast-global-color-5)","background-image":"","background-repeat":"repeat","background-position":"center center","background-size":"auto","background-attachment":"scroll","background-type":"","background-media":"","overlay-type":"","overlay-color":"","overlay-opacity":"","overlay-gradient":""},"mobile":{"background-color":"var(--ast-global-color-5)","background-image":"","background-repeat":"repeat","background-position":"center center","background-size":"auto","background-attachment":"scroll","background-type":"","background-media":"","overlay-type":"","overlay-color":"","overlay-opacity":"","overlay-gradient":""}},"footnotes":""},"categories":[8],"tags":[],"class_list":["post-3845","post","type-post","status-publish","format-standard","has-post-thumbnail","hentry","category-noticias"],"_links":{"self":[{"href":"https:\/\/losperiodistas.com.mx\/portal\/wp-json\/wp\/v2\/posts\/3845","targetHints":{"allow":["GET"]}}],"collection":[{"href":"https:\/\/losperiodistas.com.mx\/portal\/wp-json\/wp\/v2\/posts"}],"about":[{"href":"https:\/\/losperiodistas.com.mx\/portal\/wp-json\/wp\/v2\/types\/post"}],"author":[{"embeddable":true,"href":"https:\/\/losperiodistas.com.mx\/portal\/wp-json\/wp\/v2\/users\/1"}],"replies":[{"embeddable":true,"href":"https:\/\/losperiodistas.com.mx\/portal\/wp-json\/wp\/v2\/comments?post=3845"}],"version-history":[{"count":1,"href":"https:\/\/losperiodistas.com.mx\/portal\/wp-json\/wp\/v2\/posts\/3845\/revisions"}],"predecessor-version":[{"id":3847,"href":"https:\/\/losperiodistas.com.mx\/portal\/wp-json\/wp\/v2\/posts\/3845\/revisions\/3847"}],"wp:featuredmedia":[{"embeddable":true,"href":"https:\/\/losperiodistas.com.mx\/portal\/wp-json\/wp\/v2\/media\/3846"}],"wp:attachment":[{"href":"https:\/\/losperiodistas.com.mx\/portal\/wp-json\/wp\/v2\/media?parent=3845"}],"wp:term":[{"taxonomy":"category","embeddable":true,"href":"https:\/\/losperiodistas.com.mx\/portal\/wp-json\/wp\/v2\/categories?post=3845"},{"taxonomy":"post_tag","embeddable":true,"href":"https:\/\/losperiodistas.com.mx\/portal\/wp-json\/wp\/v2\/tags?post=3845"}],"curies":[{"name":"wp","href":"https:\/\/api.w.org\/{rel}","templated":true}]}}