{"id":3842,"date":"2021-01-27T06:36:08","date_gmt":"2021-01-27T12:36:08","guid":{"rendered":"http:\/\/losperiodistas.com.mx\/portal\/?p=3842"},"modified":"2021-01-27T06:36:08","modified_gmt":"2021-01-27T12:36:08","slug":"en-la-4t-respetamos-la-vida-cuenta-del-tren-maya-respondio-a-criticas-de-felipe-calderon-infobae","status":"publish","type":"post","link":"https:\/\/losperiodistas.com.mx\/portal\/en-la-4t-respetamos-la-vida-cuenta-del-tren-maya-respondio-a-criticas-de-felipe-calderon-infobae\/","title":{"rendered":"\u201cEn la 4T respetamos la vida\u201d: cuenta del Tren Maya respondi\u00f3 a cr\u00edticas de Felipe Calder\u00f3n | Infobae"},"content":{"rendered":"\n<p style=\"font-size:18px\"><em>El fundador de M\u00e9xico Libre urgi\u00f3 al gobierno federal terminar con este megaproyecto porque acaba con el h\u00e1bitat de las especies<\/em><\/p>\n\n\n\n<p class=\"has-vivid-cyan-blue-color has-text-color has-medium-font-size\">INFOBAE<\/p>\n\n\n\n<p>La tarde de este 26 de enero, el ex presidente del&nbsp;<strong>Partido Acci\u00f3n Nacional<\/strong>&nbsp;(PAN),&nbsp;<strong>Felipe Calder\u00f3n Hinojosa<\/strong>&nbsp;(2006-2012) urgi\u00f3 al gobierno federal actual detener uno de los mega proyectos pilares del sexenio: el&nbsp;<strong>Tren Maya<\/strong>.<\/p>\n\n\n\n<p>Desde su cuenta de Twitter, el ex mandatario cit\u00f3 un tuit de la cuenta oficial del&nbsp;<strong>Tren Maya Palenque<\/strong>, en el que anunciaban el rescate de una boca constrictor y una tortuga cerca del sitio de obras, en conjunto con la&nbsp;<strong>Comisi\u00f3n Nacional de \u00c1reas Naturales Protegidas<\/strong>&nbsp;(CONANP) y con la&nbsp;<strong>Procuradur\u00eda Federal de Protecci\u00f3n al Ambiente<\/strong>&nbsp;(PROFEPA), el pasado 23 de enero.<\/p>\n\n\n\n<p>\u201c<strong>Tren Maya Palenque<\/strong>&nbsp;en coordinaci\u00f3n con la<a href=\"https:\/\/twitter.com\/CONANP_mx\">&nbsp;@CONANP_mx<\/a>,&nbsp;<a href=\"https:\/\/twitter.com\/PROFEPA_Mx\">@PROFEPA_Mx<\/a>&nbsp;y el Ayuntamiento Municipal de Palenque, logr\u00f3 el&nbsp;<strong>rescate de una Tortuga y una Boa Constrictor<\/strong>. Ambas especies fueron halladas cerca de las \u00e1reas de trabajo del<a href=\"https:\/\/twitter.com\/hashtag\/TrenMaya?src=hashtag_click\">&nbsp;#TrenMaya<\/a>.\u201d, escribieron.<img fetchpriority=\"high\" decoding=\"async\" alt=\"el Twitter oficial del Tren Maya critic\u00f3 el mensaje del fundador de M\u00e9xico Libre y remarc\u00f3 que esas v\u00edas f\u00e9rreas existen en ese lugar desde hace d\u00e9cadas (Foto: Twitter@\/FelipeCalderon)\" height=\"1280\" src=\"https:\/\/www.infobae.com\/new-resizer\/v_SsWgnR_xIb0K5GZpyyV12Kj78=\/420x747\/filters:format(jpg):quality(85)\/\/cloudfront-us-east-1.images.arcpublishing.com\/infobae\/HYYYGXMD3NDLRKOVWIOB3JB744.jpeg\" width=\"763\">el Twitter oficial del Tren Maya critic\u00f3 el mensaje del fundador de M\u00e9xico Libre y remarc\u00f3 que esas v\u00edas f\u00e9rreas existen en ese lugar desde hace d\u00e9cadas (Foto: Twitter@\/FelipeCalderon)<\/p>\n\n\n\n<p>Por lo que&nbsp;<strong>Calder\u00f3n Hinojosa destac\u00f3 que el proyecto se encarga de destruir el h\u00e1bitat de las especies de las \u00e1reas<\/strong>&nbsp;por las cuales atraviesan las v\u00edas y la maquinaria utilizada para construir cada tramo.<\/p>\n\n\n\n<p>\u201c\u00a1Lo que deber\u00edan hacer es no destruir su h\u00e1bitat! No \u201cfueron halladas cerca de las \u00e1reas del #TrenMaya\u201d. Al rev\u00e9s,&nbsp;<strong>el tren maya est\u00e1 pasando justo por el medio de las \u00e1reas naturales que les corresponden y las est\u00e1 destruyendo.<\/strong>&nbsp;\u00a1Paren eso!\u201d, detall\u00f3.<\/p>\n\n\n\n<p>Sin embargo, el&nbsp;<strong>Twitter oficial del Tren Maya<\/strong>&nbsp;critic\u00f3 el mensaje del fundador de&nbsp;<strong>M\u00e9xico Libre<\/strong>&nbsp;y remarc\u00f3 que esas v\u00edas f\u00e9rreas existen en ese lugar desde hace d\u00e9cadas, y que a diferencia de su administraci\u00f3n, en la&nbsp;<strong>Cuarta Transformaci\u00f3n (4T)&nbsp;<\/strong>s\u00ed se respeta la vida.<\/p>\n\n\n\n<p>\u201cEsos animales fueron encontrados en el \u00e1rea urbana de&nbsp;<strong>Palenque<\/strong>. La v\u00eda f\u00e9rrea lleva ah\u00ed d\u00e9cadas y usted deber\u00eda saberlo.&nbsp;<strong>A diferencia de su administraci\u00f3n, en la 4T respetamos la vida.<\/strong>\u201d, finaliz\u00f3 la discusi\u00f3n.<img decoding=\"async\" alt=\"La cuenta del Tren Maya respondi\u00f3 a las cr\u00edticas del ex panista (Foto: Twitter@\/FelipeCalderon)\" height=\"828\" src=\"https:\/\/www.infobae.com\/new-resizer\/lhdzbkBZKNP4AISgTC00QBZ17Xg=\/420x420\/filters:format(jpg):quality(85)\/\/cloudfront-us-east-1.images.arcpublishing.com\/infobae\/QNIEVTJKWFC6ZBYHDXOAGL7LBI.jpeg\" width=\"796\">La cuenta del Tren Maya respondi\u00f3 a las cr\u00edticas del ex panista (Foto: Twitter@\/FelipeCalderon)<\/p>\n\n\n\n<p>El ex jefe del Ejecutivo ha sido un arduo cr\u00edtico del&nbsp;<strong>Tren Maya<\/strong>. Desde argumentar que durante la construcci\u00f3n de este proyecto&nbsp;<strong>implica talar m\u00e1s 800 \u00e1rboles<\/strong>, hasta compartir informaci\u00f3n de otras personas.<\/p>\n\n\n\n<p>A pesar de su intenci\u00f3n, tambi\u00e9n&nbsp;<strong>ha sido v\u00edctima de la desinformaci\u00f3n<\/strong>. S\u00f3lo cabe recordar cuando comparti\u00f3 un video publicado por el ex candidato a la presidencia en 2006,&nbsp;<strong>Gabriel Quadri<\/strong>, quien coloc\u00f3 un video de algunos jaguares<strong>&nbsp;caminando por un tramo carretero supuestamente perteneciente al Tren Maya<\/strong>.<\/p>\n\n\n\n<p>Usuarios de redes sociales aprovecharon el momento para se\u00f1alarle a los pol\u00edticos que dicho metraje&nbsp;<strong>no estaba situado en Quintana Roo<\/strong>, como se mencionaba, sino en el pa\u00eds de&nbsp;<strong>Sud\u00e1frica<\/strong>, pues las placas del auto que aparece en el mismo son pertenecientes a ese territorio.<\/p>\n\n\n\n<p>A pesar de los ataques hacia este megaproyecto,&nbsp;<strong>instituciones como Fonatur han destacado las posibles acciones ambientales<\/strong>&nbsp;que realizar\u00e1 a la par que funciona como transporte.<img decoding=\"async\" alt=\"El ferrocarril, que se prev\u00e9 entre en operaci\u00f3n en 2024, tendr\u00e1 una inversi\u00f3n total estimada de 139,000 millones de pesos (Foto: Cuauht\u00e9moc Moreno\/EFE) \" height=\"4906\" src=\"https:\/\/www.infobae.com\/new-resizer\/DJKbxkSxp-Pv_zhWk2wnD0Ifa2Q=\/420x280\/filters:format(jpg):quality(85)\/\/cloudfront-us-east-1.images.arcpublishing.com\/infobae\/6A2LY63EYFFM5KU7SHDOMGHZBE.jpg\" width=\"7359\">El ferrocarril, que se prev\u00e9 entre en operaci\u00f3n en 2024, tendr\u00e1 una inversi\u00f3n total estimada de 139,000 millones de pesos (Foto: Cuauht\u00e9moc Moreno\/EFE)<\/p>\n\n\n\n<p>Por ejemplo, se habla de que<strong>&nbsp;las obras tienen uno de los planes de reforestaci\u00f3n \u201cm\u00e1s ambiciosos de la historia\u201d<\/strong>, pues se plantar\u00e1n&nbsp;<strong>alrededor de 16 veces m\u00e1s \u00e1rboles<\/strong>&nbsp;de los que queden afectados por la construcci\u00f3n.<\/p>\n\n\n\n<p>Adem\u00e1s, de acuerdo con autoridades federales,&nbsp;<strong>el Tren Maya contempla siete unidades GATO a lo largo de los m\u00e1s de 1,500 kil\u00f3metros de recorrido<\/strong>. Cada unidad ser\u00e1 un centro de rehabilitaci\u00f3n, protecci\u00f3n y rescate de especies end\u00e9micas de la regi\u00f3n.<\/p>\n\n\n\n<p>Es un proyecto que ser\u00e1 realizado en conjunto con la&nbsp;<strong>Fundaci\u00f3n Jaguares en la Selva<\/strong>, organizaci\u00f3n privada que se enfoca al&nbsp;<strong>rescate, reintroducci\u00f3n y liberaci\u00f3n de jaguares al medio silvestre<\/strong>.<\/p>\n\n\n\n<p>El ferrocarril, que se prev\u00e9\u00a0<strong>entre en operaci\u00f3n en 2024<\/strong>, tendr\u00e1 una<strong>\u00a0inversi\u00f3n total estimada de 139,000 millones de pesos<\/strong>, que servir\u00e1n para colocar\u00a0<strong>1,554 kil\u00f3metros de extensi\u00f3n entre cinco estados<\/strong>: Tabasco, Campeche, Yucat\u00e1n, Chiapas y Quintana Roo.<\/p>\n\n\n\n<p>Fuente: https:\/\/www.infobae.com\/america\/mexico\/2021\/01\/27\/en-la-4t-respetamos-la-vida-cuenta-del-tren-maya-respondio-a-criticas-de-felipe-calderon\/<\/p>\n\n\n\n<p><\/p>\n","protected":false},"excerpt":{"rendered":"<p>El fundador de M\u00e9xico Libre urgi\u00f3 al gobierno federal terminar con este megaproyecto porque acaba con el h\u00e1bitat de las [&hellip;]<\/p>\n","protected":false},"author":1,"featured_media":3843,"comment_status":"open","ping_status":"open","sticky":false,"template":"","format":"standard","meta":{"site-sidebar-layout":"default","site-content-layout":"","ast-site-content-layout":"default","site-content-style":"default","site-sidebar-style":"default","ast-global-header-display":"","ast-banner-title-visibility":"","ast-main-header-display":"","ast-hfb-above-header-display":"","ast-hfb-below-header-display":"","ast-hfb-mobile-header-display":"","site-post-title":"","ast-breadcrumbs-content":"","ast-featured-img":"","footer-sml-layout":"","theme-transparent-header-meta":"","adv-header-id-meta":"","stick-header-meta":"","header-above-stick-meta":"","header-main-stick-meta":"","header-below-stick-meta":"","astra-migrate-meta-layouts":"default","ast-page-background-enabled":"default","ast-page-background-meta":{"desktop":{"background-color":"var(--ast-global-color-4)","background-image":"","background-repeat":"repeat","background-position":"center center","background-size":"auto","background-attachment":"scroll","background-type":"","background-media":"","overlay-type":"","overlay-color":"","overlay-opacity":"","overlay-gradient":""},"tablet":{"background-color":"","background-image":"","background-repeat":"repeat","background-position":"center center","background-size":"auto","background-attachment":"scroll","background-type":"","background-media":"","overlay-type":"","overlay-color":"","overlay-opacity":"","overlay-gradient":""},"mobile":{"background-color":"","background-image":"","background-repeat":"repeat","background-position":"center center","background-size":"auto","background-attachment":"scroll","background-type":"","background-media":"","overlay-type":"","overlay-color":"","overlay-opacity":"","overlay-gradient":""}},"ast-content-background-meta":{"desktop":{"background-color":"var(--ast-global-color-5)","background-image":"","background-repeat":"repeat","background-position":"center center","background-size":"auto","background-attachment":"scroll","background-type":"","background-media":"","overlay-type":"","overlay-color":"","overlay-opacity":"","overlay-gradient":""},"tablet":{"background-color":"var(--ast-global-color-5)","background-image":"","background-repeat":"repeat","background-position":"center center","background-size":"auto","background-attachment":"scroll","background-type":"","background-media":"","overlay-type":"","overlay-color":"","overlay-opacity":"","overlay-gradient":""},"mobile":{"background-color":"var(--ast-global-color-5)","background-image":"","background-repeat":"repeat","background-position":"center center","background-size":"auto","background-attachment":"scroll","background-type":"","background-media":"","overlay-type":"","overlay-color":"","overlay-opacity":"","overlay-gradient":""}},"footnotes":""},"categories":[8],"tags":[],"class_list":["post-3842","post","type-post","status-publish","format-standard","has-post-thumbnail","hentry","category-noticias"],"_links":{"self":[{"href":"https:\/\/losperiodistas.com.mx\/portal\/wp-json\/wp\/v2\/posts\/3842","targetHints":{"allow":["GET"]}}],"collection":[{"href":"https:\/\/losperiodistas.com.mx\/portal\/wp-json\/wp\/v2\/posts"}],"about":[{"href":"https:\/\/losperiodistas.com.mx\/portal\/wp-json\/wp\/v2\/types\/post"}],"author":[{"embeddable":true,"href":"https:\/\/losperiodistas.com.mx\/portal\/wp-json\/wp\/v2\/users\/1"}],"replies":[{"embeddable":true,"href":"https:\/\/losperiodistas.com.mx\/portal\/wp-json\/wp\/v2\/comments?post=3842"}],"version-history":[{"count":1,"href":"https:\/\/losperiodistas.com.mx\/portal\/wp-json\/wp\/v2\/posts\/3842\/revisions"}],"predecessor-version":[{"id":3844,"href":"https:\/\/losperiodistas.com.mx\/portal\/wp-json\/wp\/v2\/posts\/3842\/revisions\/3844"}],"wp:featuredmedia":[{"embeddable":true,"href":"https:\/\/losperiodistas.com.mx\/portal\/wp-json\/wp\/v2\/media\/3843"}],"wp:attachment":[{"href":"https:\/\/losperiodistas.com.mx\/portal\/wp-json\/wp\/v2\/media?parent=3842"}],"wp:term":[{"taxonomy":"category","embeddable":true,"href":"https:\/\/losperiodistas.com.mx\/portal\/wp-json\/wp\/v2\/categories?post=3842"},{"taxonomy":"post_tag","embeddable":true,"href":"https:\/\/losperiodistas.com.mx\/portal\/wp-json\/wp\/v2\/tags?post=3842"}],"curies":[{"name":"wp","href":"https:\/\/api.w.org\/{rel}","templated":true}]}}