{"id":3839,"date":"2021-01-27T06:24:51","date_gmt":"2021-01-27T12:24:51","guid":{"rendered":"http:\/\/losperiodistas.com.mx\/portal\/?p=3839"},"modified":"2021-01-27T06:24:51","modified_gmt":"2021-01-27T12:24:51","slug":"lopez-obrador-ya-tenia-sintomas-de-covid-antes-de-coger-un-vuelo-comercial-la-razon","status":"publish","type":"post","link":"https:\/\/losperiodistas.com.mx\/portal\/lopez-obrador-ya-tenia-sintomas-de-covid-antes-de-coger-un-vuelo-comercial-la-razon\/","title":{"rendered":"L\u00f3pez Obrador ya ten\u00eda s\u00edntomas de Covid antes de coger un vuelo comercial | La Raz\u00f3n"},"content":{"rendered":"\n<p style=\"font-size:18px\"><em>Se est\u00e1 contactando a los pasajeros del vuelo y se ha recomendado aislar a los periodistas que viajaban con el presidente<\/em><\/p>\n\n\n\n<p class=\"has-vivid-cyan-blue-color has-text-color has-medium-font-size\">JACK FRANCK DANIEL \/ LA RAZ\u00d3N<\/p>\n\n\n\n<p>El presidente mexicano<a rel=\"noreferrer noopener\" href=\"https:\/\/www.larazon.es\/tags\/andres-manuel-lopez-obrador\/\" target=\"_blank\">\u00a0Andr\u00e9s Manuel L\u00f3pez Obrador\u00a0<\/a>sinti\u00f3 por primera vez s\u00edmtomas de COVID-19 el domingo y se someti\u00f3 a un test tras regresar a la capital en un vuelo comercial despu\u00e9s de asistir a un evento en el centro de M\u00e9xico, ecplic\u00f3 su portavoz. El presidente de 67 a\u00f1os dijo el domingo por la noche qu<a rel=\"noreferrer noopener\" href=\"https:\/\/www.larazon.es\/internacional\/20210125\/4s7nax536zebhegmcpzbx62ckq.html\" target=\"_blank\">e ten\u00eda coronavirus<\/a>,<strong>\u00a0pocas horas despu\u00e9s de tomar el vuelo de Aerom\u00e9xico<\/strong>, lo que gener\u00f3 preocupaci\u00f3n por el alcance de las posibles exposiciones. El portavoz Jes\u00fas Ram\u00edrez dijo que se estaba contactando a los pasajeros del vuelo y que se recomend\u00f3 aislar a los periodistas que viajaban con el presidente.<\/p>\n\n\n\n<p>L\u00f3pez Obrador ten\u00eda fiebre el domingo y a\u00fan experimentaba<strong>&nbsp;algunos s\u00edntomas leves el martes, incluido un dolor de cabeza leve,<\/strong>&nbsp;dijo el viceministro de Salud, Hugo L\u00f3pez-Gatell, en una conferencia de prensa nocturna. \u201cEl presidente est\u00e1 bien &#8230; no tiene otros s\u00edntomas\u201d, dijo L\u00f3pez-Gatell, y agreg\u00f3 que&nbsp;<strong>L\u00f3pez Obrador estaba de buen humor.<\/strong><\/p>\n\n\n\n<p><a href=\"https:\/\/www.larazon.es\/internacional\/20201202\/q7bu5cpxhvhd7dmil6hwmpdjwe.html\" target=\"_blank\" rel=\"noreferrer noopener\">La pandemia se agrava en M\u00e9xico<\/a>. Los hospitales de la capital est\u00e1n cerca de la saturaci\u00f3n y los residentes luchan por encontrar suministros de ox\u00edgeno m\u00e9dico. Con m\u00e1s de 152.000 muertes registradas oficialmente, tiene la cuarta cifra m\u00e1s alta del mundo y se espera que las muertes superen a India en unos d\u00edas.<\/p>\n\n\n\n<p>Las personas que se reunieron con el s\u00e9quito de L\u00f3pez Obrador durante una gira de tres d\u00edas el fin de semana incluyen&nbsp;<strong>empresarios y su exjefe de personal<\/strong>, Alfonso Romo.<\/p>\n\n\n\n<p><a rel=\"noreferrer noopener\" href=\"https:\/\/www.larazon.es\/internacional\/20210125\/4kri4agf2vhutc4uay7lyfyzie.html\" target=\"_blank\">L\u00f3pez Obrador<\/a>\u00a0hab\u00eda sentido escalofr\u00edos al final del evento en la ciudad central de San Luis Potos\u00ed, pero cre\u00eda que no era m\u00e1s que un resfriado, dijo Ram\u00edrez a Reuters. Los s\u00edntomas se intensificaron una vez que regres\u00f3 a la Ciudad de M\u00e9xico.<\/p>\n\n\n\n<p>Ram\u00edrez le dijo a una radio nacional a principios de semana que L\u00f3pez Obrador se sinti\u00f3 congestionado el s\u00e1bado mientras estaba en la ciudad industrial de Monterrey y se hizo una prueba all\u00ed. Sin embargo, le dijo a Reuters el martes que la informaci\u00f3n era incorrecta.<\/p>\n\n\n\n<p>M\u00e9xico tiene un sistema escalonado que evita los cierres obligatorios. Las autoridades en la Ciudad de M\u00e9xico, que est\u00e1 en el nivel rojo m\u00e1s estricto, dicen que las personas no deben viajar o salir de casa a menos que sea necesario, pero no proh\u00edben tales actividades.<\/p>\n\n\n\n<p>Funcionarios de salud mexicanos dijeron que hab\u00edan identificado hasta el martes a<strong>&nbsp;11 personas que podr\u00edan haber estado en contacto cercano con el presidente<\/strong>&nbsp;y que funcionarios locales de las \u00e1reas visitadas por L\u00f3pez Obrador el fin de semana tambi\u00e9n estaban trabajando para identificar otros contactos.<\/p>\n\n\n\n<p>Varios altos funcionarios, incluido el viceministro de Salud Hugo L\u00f3pez-Gatell, la cara p\u00fablica de la estrategia de coronavirus de M\u00e9xico, dijeron que se aislaron y dieron negativo en las pruebas. Otros, incluido el canciller Marcelo Ebrard, tambi\u00e9n anunciaron que hab\u00edan dado negativo en las pruebas del virus, pero se espera que realicen nuevas pruebas esta semana.<\/p>\n\n\n\n<p>L\u00f3pez Obrador sigue trabajando, dijo el martes la ministra del Interior, Olga S\u00e1nchez. \u201cPuedo decirles que es fuerte e incluso est\u00e1 interviniendo en algunas de las decisiones m\u00e1s importantes\u201d, dijo mientras sustitu\u00eda a L\u00f3pez Obrador en una conferencia de prensa regular del gobierno. Su cuenta de Twitter, muy activa normalmente, se mantiene tranquila y solo comparti\u00f3 un enlace a la conferencia de prensa de la ma\u00f1ana por la tarde. L\u00f3pez Obrador ha mantenido reuniones virtuales, incluida una llamada el lunes con el presidente ruso Vladimir Putin.<\/p>\n\n\n\n<p>En el caso de que L\u00f3pez Obrador, quien tiene antecedentes de hipertensi\u00f3n arterial y problemas card\u00edacos, no pueda cumplir con sus funciones mientras est\u00e9 en el cargo, la constituci\u00f3n mexicana establece que&nbsp;<strong>S\u00e1nchez asumir\u00e1 la presidencia en su ausencia.<\/strong><\/p>\n\n\n\n<p>El Congreso entonces votar\u00eda sobre un sucesor interino dentro de sesenta d\u00edas que permanecer\u00eda en el cargo hasta el final del mandato de L\u00f3pez Obrador en 2024.<\/p>\n\n\n\n<p>Fuente: https:\/\/www.larazon.es\/internacional\/20210127\/4dbkt2oe25cjhf6cms3ri5x6rq.html<\/p>\n","protected":false},"excerpt":{"rendered":"<p>Se est\u00e1 contactando a los pasajeros del vuelo y se ha recomendado aislar a los periodistas que viajaban con el [&hellip;]<\/p>\n","protected":false},"author":1,"featured_media":3840,"comment_status":"open","ping_status":"open","sticky":false,"template":"","format":"standard","meta":{"site-sidebar-layout":"default","site-content-layout":"","ast-site-content-layout":"default","site-content-style":"default","site-sidebar-style":"default","ast-global-header-display":"","ast-banner-title-visibility":"","ast-main-header-display":"","ast-hfb-above-header-display":"","ast-hfb-below-header-display":"","ast-hfb-mobile-header-display":"","site-post-title":"","ast-breadcrumbs-content":"","ast-featured-img":"","footer-sml-layout":"","theme-transparent-header-meta":"","adv-header-id-meta":"","stick-header-meta":"","header-above-stick-meta":"","header-main-stick-meta":"","header-below-stick-meta":"","astra-migrate-meta-layouts":"default","ast-page-background-enabled":"default","ast-page-background-meta":{"desktop":{"background-color":"var(--ast-global-color-4)","background-image":"","background-repeat":"repeat","background-position":"center center","background-size":"auto","background-attachment":"scroll","background-type":"","background-media":"","overlay-type":"","overlay-color":"","overlay-opacity":"","overlay-gradient":""},"tablet":{"background-color":"","background-image":"","background-repeat":"repeat","background-position":"center center","background-size":"auto","background-attachment":"scroll","background-type":"","background-media":"","overlay-type":"","overlay-color":"","overlay-opacity":"","overlay-gradient":""},"mobile":{"background-color":"","background-image":"","background-repeat":"repeat","background-position":"center center","background-size":"auto","background-attachment":"scroll","background-type":"","background-media":"","overlay-type":"","overlay-color":"","overlay-opacity":"","overlay-gradient":""}},"ast-content-background-meta":{"desktop":{"background-color":"var(--ast-global-color-5)","background-image":"","background-repeat":"repeat","background-position":"center center","background-size":"auto","background-attachment":"scroll","background-type":"","background-media":"","overlay-type":"","overlay-color":"","overlay-opacity":"","overlay-gradient":""},"tablet":{"background-color":"var(--ast-global-color-5)","background-image":"","background-repeat":"repeat","background-position":"center center","background-size":"auto","background-attachment":"scroll","background-type":"","background-media":"","overlay-type":"","overlay-color":"","overlay-opacity":"","overlay-gradient":""},"mobile":{"background-color":"var(--ast-global-color-5)","background-image":"","background-repeat":"repeat","background-position":"center center","background-size":"auto","background-attachment":"scroll","background-type":"","background-media":"","overlay-type":"","overlay-color":"","overlay-opacity":"","overlay-gradient":""}},"footnotes":""},"categories":[8],"tags":[],"class_list":["post-3839","post","type-post","status-publish","format-standard","has-post-thumbnail","hentry","category-noticias"],"_links":{"self":[{"href":"https:\/\/losperiodistas.com.mx\/portal\/wp-json\/wp\/v2\/posts\/3839","targetHints":{"allow":["GET"]}}],"collection":[{"href":"https:\/\/losperiodistas.com.mx\/portal\/wp-json\/wp\/v2\/posts"}],"about":[{"href":"https:\/\/losperiodistas.com.mx\/portal\/wp-json\/wp\/v2\/types\/post"}],"author":[{"embeddable":true,"href":"https:\/\/losperiodistas.com.mx\/portal\/wp-json\/wp\/v2\/users\/1"}],"replies":[{"embeddable":true,"href":"https:\/\/losperiodistas.com.mx\/portal\/wp-json\/wp\/v2\/comments?post=3839"}],"version-history":[{"count":1,"href":"https:\/\/losperiodistas.com.mx\/portal\/wp-json\/wp\/v2\/posts\/3839\/revisions"}],"predecessor-version":[{"id":3841,"href":"https:\/\/losperiodistas.com.mx\/portal\/wp-json\/wp\/v2\/posts\/3839\/revisions\/3841"}],"wp:featuredmedia":[{"embeddable":true,"href":"https:\/\/losperiodistas.com.mx\/portal\/wp-json\/wp\/v2\/media\/3840"}],"wp:attachment":[{"href":"https:\/\/losperiodistas.com.mx\/portal\/wp-json\/wp\/v2\/media?parent=3839"}],"wp:term":[{"taxonomy":"category","embeddable":true,"href":"https:\/\/losperiodistas.com.mx\/portal\/wp-json\/wp\/v2\/categories?post=3839"},{"taxonomy":"post_tag","embeddable":true,"href":"https:\/\/losperiodistas.com.mx\/portal\/wp-json\/wp\/v2\/tags?post=3839"}],"curies":[{"name":"wp","href":"https:\/\/api.w.org\/{rel}","templated":true}]}}