{"id":3831,"date":"2021-01-26T10:40:43","date_gmt":"2021-01-26T16:40:43","guid":{"rendered":"http:\/\/losperiodistas.com.mx\/portal\/?p=3831"},"modified":"2021-01-26T10:40:43","modified_gmt":"2021-01-26T16:40:43","slug":"bloquean-dumbo-peter-pan-y-los-aristogatos-por-racistas-la-razon","status":"publish","type":"post","link":"https:\/\/losperiodistas.com.mx\/portal\/bloquean-dumbo-peter-pan-y-los-aristogatos-por-racistas-la-razon\/","title":{"rendered":"Bloquean \u201cDumbo\u201d, \u201cPeter Pan\u201d y \u201cLos Aristogatos\u201d por \u201cracistas\u201d | La Raz\u00f3n"},"content":{"rendered":"\n<p style=\"font-size:18px\"><em>Disney+ ha decidido \u201cocultar\u201d estas cintas a menores de 7 a\u00f1os por retratar \u201cestereotipos raciales\u201d<\/em><\/p>\n\n\n\n<p class=\"has-vivid-cyan-blue-color has-text-color has-medium-font-size\">CONCHA GARC\u00cdA | LA RAZ\u00d3N<\/p>\n\n\n\n<p>Con \u201cDumbo\u201d hemos aprendido, desde peque\u00f1os, a querernos tal y como somos. Nos hemos dado cuenta de que el interior vale m\u00e1s que el aspecto y que no hay mayor refuerzo que la amistad. \u201cPeter Pan\u201d nos ense\u00f1\u00f3 que la diversi\u00f3n no tiene edad, que los sue\u00f1os pueden hacerse realidad a base de esfuerzo y que la madurez no es sin\u00f3nimo de vejez. Cada cl\u00e1sico de Disney nos ha inculcado una serie de valores que siempre han sido fundamentales en el crecimiento de los m\u00e1s peque\u00f1os.\u00a0<strong>Hasta ahora, pues parece ser que, para algunos, estas pel\u00edculas, junto a \u201cLos Aristogatos\u201d, son \u201cracistas\u201d.<\/strong><\/p>\n\n\n\n<p>Seg\u00fan ha revelado \u201cThe mail on sunday\u201d, Disney+&nbsp;<strong>ha bloqueado estas tres cintas a menores de 7 a\u00f1os, para que no se alarmen con el \u201cracismo\u201d de sus historias.<\/strong>&nbsp;Independientemente de las ense\u00f1anzas o el entretenimiento que pueda provocar cada cinta, la plataforma y, por tanto, la compa\u00f1\u00eda Disney, considera que algunos perfiles de personajes no adecuados para los m\u00e1s peque\u00f1os.<\/p>\n\n\n\n<p>En una \u00e9poca plagada de modernidad, cada vez somos menos capaces de entender de d\u00f3nde venimos. Ponemos por encima el qui\u00e9nes seremos y no entendemos que hemos llegado hasta aqu\u00ed gracias al pasado. Por ello, cada vez&nbsp;<strong>son m\u00e1s las cintas antiguas que son \u201ctachadas\u201d de racistas o machistas<\/strong>. \u00bfAcaso es tan complicado entender que el contexto en que se estrenaron era diferente al que hoy vivimos?<\/p>\n\n\n\n<figure class=\"wp-block-image\"><img decoding=\"async\" src=\"https:\/\/www.larazon.es\/resizer\/nU2sT0uxSXgwsmE1Bs8I0iVREBQ=\/840x0\/smart\/filters:format(jpg)\/cloudfront-eu-central-1.images.arcpublishing.com\/larazon\/FA4BA4TZ6BCJ7FY4AGNFRRGIN4.png\" alt=\"Shu Gon, &quot;Los Aristogatos&quot;\"\/><figcaption>Shu Gon, \u00abLos Aristogatos\u00bbIMDB<\/figcaption><\/figure>\n\n\n\n<p><strong>\u201cPeter Pan\u201d, \u201cDumbo\u201d y \u201cLos Aristogatos\u201d han sido eliminadas de las cuentas de ni\u00f1os \u201cpor violar las advertencias de contenido<\/strong>&nbsp;que se implementaron recientemente\u201d. Es decir, porque, m\u00e1s all\u00e1 de las bellas moralejas que cada cinta refleja, retratan \u201cestereotipos raciales\u201d.<\/p>\n\n\n\n<p>Explica \u201cDaily Mail\u201d que los \u201cpadres se quedaron estupefactos tras intentar ver las pel\u00edculas de Disney\u201d. Uno aseguraba que \u201cquer\u00eda ver \u2018Peter Pan\u2019 con mi hija, pero no pude encontrarlo en ning\u00fan lado\u201d. \u201cEntonces, me di cuenta de que la pel\u00edcula se hab\u00eda ido, la hab\u00edan eliminado de las cuentas de los ni\u00f1os.\u00a0<strong>Fue impactante<\/strong>\u201d.<\/p>\n\n\n\n<p>Se entiende que, la raz\u00f3n principal por la que \u201c<strong>Peter Pan\u201d se ha eliminado es por la tribu de indios, la familia de Tigrilla, a quienes se le llaman \u201cpieles rojas\u201d<\/strong>. Por su parte, \u201c<strong>Los Aristogatos\u201d tienen un personaje, un gato siam\u00e9s, llamado Shun Gon<\/strong>, cuyos ojos rasgados y dientes prominentes han sido descritos como \u201cuna caricatura\u201d de la gente asi\u00e1tica. En cuanto a \u201cDumbo\u201d,&nbsp;<strong>\u201cridiculiza a los afroamericanos esclavizados en las plantaciones del sur\u201d.<\/strong><\/p>\n\n\n\n<figure class=\"wp-block-image\"><img decoding=\"async\" src=\"https:\/\/www.larazon.es\/resizer\/zYZhGQjlHnGJCyRRCVxlw50CJRg=\/840x0\/smart\/filters:format(jpg)\/cloudfront-eu-central-1.images.arcpublishing.com\/larazon\/WWC3B2HRB5HE7CKKUKB3CRSQCE.png\" alt=\"&quot;Dumbo&quot;\"\/><figcaption>\u00abDumbo\u00bbIMDB<\/figcaption><\/figure>\n\n\n\n<p>\u201cEstas pel\u00edculas incluyen representaciones negativas y\/o maltrato de personas o culturas. Estos estereotipos estaban equivocados entonces y est\u00e1n equivocados ahora\u201d, explican desde Disney+ a la publicaci\u00f3n citada. \u201cEn lugar de eliminar este contenido, queremos reconocer su impacto da\u00f1ino, aprender de \u00e9l y generar conversaciones para crear juntos un futuro m\u00e1s inclusivo\u201d.<\/p>\n\n\n\n<p>Si bien\u00a0<strong>es cierto que el racismo o cualquier tipo de discriminaci\u00f3n es intolerable, no se debe olvidar que son cl\u00e1sicos animados<\/strong>, pel\u00edculas de ni\u00f1os que llevan siendo un \u00e9xito desde sus estrenos, a partir de los a\u00f1os 40. No podemos cambiar el pasado, pero s\u00ed aprender de \u00e9l y, por tanto, no debemos olvidarlo. \u00bfSe dar\u00e1n cuenta los m\u00e1s peque\u00f1os de estos rasgos que se denuncian o disfrutar\u00e1n con las canciones y moralejas de las cintas? \u00bfAcaso ocultar lo que somos nos ayuda a mejorar o nos hace m\u00e1s ignorantes?<\/p>\n\n\n\n<p>Fuente: https:\/\/www.larazon.es\/cultura\/20210126\/ujsfzi3kbzhxzgvh2gm257ru7e.html<\/p>\n","protected":false},"excerpt":{"rendered":"<p>Disney+ ha decidido \u201cocultar\u201d estas cintas a menores de 7 a\u00f1os por retratar \u201cestereotipos raciales\u201d CONCHA GARC\u00cdA | LA RAZ\u00d3N [&hellip;]<\/p>\n","protected":false},"author":1,"featured_media":3832,"comment_status":"open","ping_status":"open","sticky":false,"template":"","format":"standard","meta":{"site-sidebar-layout":"default","site-content-layout":"","ast-site-content-layout":"default","site-content-style":"default","site-sidebar-style":"default","ast-global-header-display":"","ast-banner-title-visibility":"","ast-main-header-display":"","ast-hfb-above-header-display":"","ast-hfb-below-header-display":"","ast-hfb-mobile-header-display":"","site-post-title":"","ast-breadcrumbs-content":"","ast-featured-img":"","footer-sml-layout":"","theme-transparent-header-meta":"","adv-header-id-meta":"","stick-header-meta":"","header-above-stick-meta":"","header-main-stick-meta":"","header-below-stick-meta":"","astra-migrate-meta-layouts":"default","ast-page-background-enabled":"default","ast-page-background-meta":{"desktop":{"background-color":"var(--ast-global-color-4)","background-image":"","background-repeat":"repeat","background-position":"center center","background-size":"auto","background-attachment":"scroll","background-type":"","background-media":"","overlay-type":"","overlay-color":"","overlay-opacity":"","overlay-gradient":""},"tablet":{"background-color":"","background-image":"","background-repeat":"repeat","background-position":"center center","background-size":"auto","background-attachment":"scroll","background-type":"","background-media":"","overlay-type":"","overlay-color":"","overlay-opacity":"","overlay-gradient":""},"mobile":{"background-color":"","background-image":"","background-repeat":"repeat","background-position":"center center","background-size":"auto","background-attachment":"scroll","background-type":"","background-media":"","overlay-type":"","overlay-color":"","overlay-opacity":"","overlay-gradient":""}},"ast-content-background-meta":{"desktop":{"background-color":"var(--ast-global-color-5)","background-image":"","background-repeat":"repeat","background-position":"center center","background-size":"auto","background-attachment":"scroll","background-type":"","background-media":"","overlay-type":"","overlay-color":"","overlay-opacity":"","overlay-gradient":""},"tablet":{"background-color":"var(--ast-global-color-5)","background-image":"","background-repeat":"repeat","background-position":"center center","background-size":"auto","background-attachment":"scroll","background-type":"","background-media":"","overlay-type":"","overlay-color":"","overlay-opacity":"","overlay-gradient":""},"mobile":{"background-color":"var(--ast-global-color-5)","background-image":"","background-repeat":"repeat","background-position":"center center","background-size":"auto","background-attachment":"scroll","background-type":"","background-media":"","overlay-type":"","overlay-color":"","overlay-opacity":"","overlay-gradient":""}},"footnotes":""},"categories":[8],"tags":[],"class_list":["post-3831","post","type-post","status-publish","format-standard","has-post-thumbnail","hentry","category-noticias"],"_links":{"self":[{"href":"https:\/\/losperiodistas.com.mx\/portal\/wp-json\/wp\/v2\/posts\/3831","targetHints":{"allow":["GET"]}}],"collection":[{"href":"https:\/\/losperiodistas.com.mx\/portal\/wp-json\/wp\/v2\/posts"}],"about":[{"href":"https:\/\/losperiodistas.com.mx\/portal\/wp-json\/wp\/v2\/types\/post"}],"author":[{"embeddable":true,"href":"https:\/\/losperiodistas.com.mx\/portal\/wp-json\/wp\/v2\/users\/1"}],"replies":[{"embeddable":true,"href":"https:\/\/losperiodistas.com.mx\/portal\/wp-json\/wp\/v2\/comments?post=3831"}],"version-history":[{"count":1,"href":"https:\/\/losperiodistas.com.mx\/portal\/wp-json\/wp\/v2\/posts\/3831\/revisions"}],"predecessor-version":[{"id":3833,"href":"https:\/\/losperiodistas.com.mx\/portal\/wp-json\/wp\/v2\/posts\/3831\/revisions\/3833"}],"wp:featuredmedia":[{"embeddable":true,"href":"https:\/\/losperiodistas.com.mx\/portal\/wp-json\/wp\/v2\/media\/3832"}],"wp:attachment":[{"href":"https:\/\/losperiodistas.com.mx\/portal\/wp-json\/wp\/v2\/media?parent=3831"}],"wp:term":[{"taxonomy":"category","embeddable":true,"href":"https:\/\/losperiodistas.com.mx\/portal\/wp-json\/wp\/v2\/categories?post=3831"},{"taxonomy":"post_tag","embeddable":true,"href":"https:\/\/losperiodistas.com.mx\/portal\/wp-json\/wp\/v2\/tags?post=3831"}],"curies":[{"name":"wp","href":"https:\/\/api.w.org\/{rel}","templated":true}]}}