{"id":3828,"date":"2021-01-26T09:01:49","date_gmt":"2021-01-26T15:01:49","guid":{"rendered":"http:\/\/losperiodistas.com.mx\/portal\/?p=3828"},"modified":"2021-01-26T09:01:49","modified_gmt":"2021-01-26T15:01:49","slug":"el-arte-inmersivo-gana-espacio-ahora-con-dali-y-gaudi-en-paris-la-vanguardia","status":"publish","type":"post","link":"https:\/\/losperiodistas.com.mx\/portal\/el-arte-inmersivo-gana-espacio-ahora-con-dali-y-gaudi-en-paris-la-vanguardia\/","title":{"rendered":"El arte inmersivo gana espacio, ahora con Dal\u00ed y Gaud\u00ed en Par\u00eds | La Vanguardia"},"content":{"rendered":"\n<p style=\"font-size:18px\"><em>El auge de las exposiciones digitales lleva a Museos Nacionales de Francia a destinar el Grand Palais parisino a estas muestras<\/em><\/p>\n\n\n\n<p class=\"has-vivid-cyan-blue-color has-text-color has-medium-font-size\">\u00d3SCAR CABALLERO \/ Par\u00eds \/ SERVICIO ESPECIAL \/ LA VANGUARDIA<\/p>\n\n\n\n<p>Era inevitable. En el a\u00f1o que arranca con museos cerrados, la Reuni\u00f3n de los Museos Nacionales de Francia anunci\u00f3 un muy oficial Grand Palais Inmersif (Grand Palais por inmersi\u00f3n). O sea, \u201cespecializado en la producci\u00f3n, explotaci\u00f3n y difusi\u00f3n de exposiciones digitales\u201d. Y nace con cuchara de plata: lo financia una filial de Vinci, el tercer constructor mundial, que mueve m\u00e1s de 40.000 millones de euros.<\/p>\n\n\n\n<p>El anuncio, justo cuando el Grand Palais emprende costosas y pol\u00e9micas obras de reconstrucci\u00f3n, es significativo y viene motivado por e<a href=\"https:\/\/www.lavanguardia.com\/cultura\/20200526\/481402322996\/atelier-des-lumieres-monet-renoir-chagall-mediterrraneo-arte-inmersivo.html\">l auge que en poco menos de diez a\u00f1os han logrado las exposiciones digitales<\/a>. Tal vez porque, como el Centro Pompidou en su \u00e9poca, convocan multitudes poco habituadas a visitar exposiciones. Tambi\u00e9n reflejan un efecto de la crisis coyuntural de la covid, que ha dopado la identidad virtual de los museos.<ins><\/ins><\/p>\n\n\n\n<figure class=\"wp-block-image\"><img decoding=\"async\" src=\"https:\/\/www.lavanguardia.com\/files\/content_image_mobile_filter\/uploads\/2019\/06\/21\/5fa585a7c355a.jpeg\" alt=\"Escenario del Grand Palais\"\/><figcaption>Escenario del Grand Palais&nbsp;Otras Fuentes<\/figcaption><\/figure>\n\n\n\n<p>En cualquier caso, se trata de una especie de joint venture del dinero y el fondo muse\u00edstico m\u00e1s importante de Francia, que engloba los museos nacionales con una media de dos millones y medio de entradas por sus 14 exposiciones en el pa\u00eds, adem\u00e1s de 90 acontecimientos p\u00fablicos y privados en el Grand Palais. Sin olvidar los 12,5 millones de visitas a sus 14 direcciones de internet. Y sobre todo, m\u00e1s de un mill\u00f3n de im\u00e1genes propias digitalizadas.Lee tambi\u00e9n<\/p>\n\n\n\n<h2 class=\"wp-block-heading\"><a href=\"https:\/\/www.lavanguardia.com\/cultura\/20200526\/481402322996\/atelier-des-lumieres-monet-renoir-chagall-mediterrraneo-arte-inmersivo.html\">El Mediterr\u00e1neo de Monet, Renoir&#8230; Chagall como nunca lo hab\u00edas visto<\/a><\/h2>\n\n\n\n<p>\u00d3SCAR CABALLEROPAR\u00cdS<\/p>\n\n\n\n<figure class=\"wp-block-image\"><img decoding=\"async\" src=\"https:\/\/www.lavanguardia.com\/files\/image_104_108\/uploads\/2020\/05\/25\/5fa94ef9b5b2a.jpeg\" alt=\"Monet, Renoir... Chagall. Voyages en M\u00e9diterran\u00e9e\"\/><\/figure>\n\n\n\n<p>La culpa indirecta de esta santa alianza la tiene el primer operador cultural privado de Francia, Culturespaces, dirigido por Bruno Monnier, que anticipa un futuro virtual para las muestras de arte. Hasta la irrupci\u00f3n de Grand Palais Inmersif ten\u00eda el monopolio de las exposiciones en inmersi\u00f3n. Pero jugaba a dos bazas, con la gestor\u00eda cultural de exposiciones en espacios prestigiosos como el Jacquemart Andr\u00e9 y el Maillol, de Par\u00eds y el H\u00f4tel de Caumont, en Aix-en-Provence.<\/p>\n\n\n\n<figure class=\"wp-block-image\"><img decoding=\"async\" src=\"https:\/\/www.lavanguardia.com\/files\/content_image_mobile_filter\/uploads\/2018\/04\/11\/5fa43cef9e8fb.jpeg\" alt=\"GRAF1441. PAR\u00cdS, 12\/02\/2018.- Fotograf\u00eda cedida por Culturespaces de las obras de Gustav Klimt \"\/><figcaption>Exposici\u00f3n de Klimt en el Atelier des Lumi\u00e8res&nbsp;EFE<\/figcaption><\/figure>\n\n\n\n<p>Lo de privado hay que matizarlo: en Francia la frontera entre privado y p\u00fablico suele ser ambigua y el cord\u00f3n de la bolsa de Culturespaces lo desata Engie, tercer proveedor mundial de energ\u00eda, pero cuyo primer accionista es el Estado franc\u00e9s.<\/p>\n\n\n\n<p>Creada en 1990, Culturespaces se forj\u00f3 un abanico de centros de arte y patrimoniales, de la plaza de toros de N\u00eemes a la Ville Ephrussi de Rothschild en Saint-Jean Cap Ferrat. Pero descubri\u00f3 su regreso al futuro en el 2012 cuando, no sin pol\u00e9mica, se apoder\u00f3 de la catedral de las im\u00e1genes de las canteras de Baux-en-Provence, rebautizada Carri\u00e8res des Lumi\u00e8res.<\/p>\n\n\n\n<p>GALER\u00cdA DE IM\u00c1GENES: <\/p>\n\n\n\n<p><a href=\"https:\/\/www.lavanguardia.com\/cultura\/20210126\/6197795\/arte-inmersivo-auge-dali-gaudi-atelier-des-lumieres-paris-grand-palais.html#foto-1\">https:\/\/www.lavanguardia.com\/cultura\/20210126\/6197795\/arte-inmersivo-auge-dali-gaudi-atelier-des-lumieres-paris-grand-palais.html#foto-1<\/a><\/p>\n\n\n\n<h2 class=\"wp-block-heading\">Inversi\u00f3n m\u00e1s razonable<\/h2>\n\n\n\n<h3 class=\"wp-block-heading\">Una exposici\u00f3n inmersiva cuesta medio mill\u00f3n de euros, dura un a\u00f1o y hace gira por todo el mundo<\/h3>\n\n\n\n<p>El \u00e9xito progresivo de reunir un elemento consensual (la proyecci\u00f3n de im\u00e1genes) a un concepto elitista (la exposici\u00f3n de prestigio) fue trasladado a Par\u00eds, en el 2018, en una antigua fundici\u00f3n del distrito once, sin museos a la vista. Abierto al p\u00fablico el 13 de abril de aquel a\u00f1o, el Atelier des Lumi\u00e8res se convirti\u00f3 en un fen\u00f3meno. Al a\u00f1o siguiente, su 1,3 millones de entradas solamente fue superado por el 1,4 millones de Tutankam\u00f3n, en La Villette.<br>Lee tambi\u00e9n<\/p>\n\n\n\n<h2 class=\"wp-block-heading\"><a href=\"https:\/\/www.lavanguardia.com\/magazine\/20200322\/474185005950\/submarino-burdeos-arte-digital-klimt-experiencias.html\">Una base de submarinos para realizar una inmersi\u00f3n total en la obra de Gustav Klimt<\/a><\/h2>\n\n\n\n<p>AINTZANE GASTESI<\/p>\n\n\n\n<figure class=\"wp-block-image\"><img decoding=\"async\" src=\"https:\/\/www.lavanguardia.com\/files\/image_104_108\/uploads\/2020\/03\/16\/5f15f02de0ec9.jpeg\" alt=\"klimt bassins\"\/><\/figure>\n\n\n\n<p>Impresionado, el Ayuntamiento de Burdeos le confi\u00f3 la explotaci\u00f3n digital de una parte de la antigua base submarina de la ciudad y en el 2020, entre dos confinamientos, Les Bassins des Lumi\u00e8res convoc\u00f3 casi medio mill\u00f3n de curiosos. Sin apreturas, lo que adem\u00e1s conviene a estos tiempos covid. Con sus 12.000\u2009m2de superficie (mayor centro digital del mundo) el nuevo espacio (14 millones de euros invertidos) puede recibir c\u00f3modamente a 400.000 espectadores.<\/p>\n\n\n\n<figure class=\"wp-block-image\"><img decoding=\"async\" src=\"https:\/\/www.lavanguardia.com\/files\/content_image_mobile_filter\/uploads\/2021\/01\/25\/600f171e227f5.jpeg\" alt=\"Exposici\u00f3n sobre Gaud\u00ed en Atelier des Lumi\u00e8res\"\/><figcaption>Exposici\u00f3n sobre Gaud\u00ed en Atelier des Lumi\u00e8res&nbsp;REDACCI\u00d3N \/ Terceros<\/figcaption><\/figure>\n\n\n\n<p>Este 2021, las medidas gubernamentales mantienen el suspenso de la inauguraci\u00f3n, el pr\u00f3ximo 29, de una exposici\u00f3n de Dal\u00ed con apoyo de la Fundaci\u00f3 Gala Dal\u00ed, y de una monogr\u00e1fica de Gaud\u00ed en el Atelier parisino. Atraer\u00edan conjuntamente m\u00e1s de dos millones de visitantes.<\/p>\n\n\n\n<p>Bruno Monnier niega que la digitalizaci\u00f3n se oponga a las muestras cl\u00e1sicas. Adem\u00e1s, la tercera parte del p\u00fablico digital tiene menos de 25 a\u00f1os. Y ese dato, m\u00e1s las cifras, le han valido ya un contrato para inaugurar en el 2022 un Lumi\u00e8re en Tribeca, Nueva York. Y aguardan convenios con Amsterdam, Bruselas y Hamburgo. La franquicia que arranc\u00f3 en Corea en el 2018 \u201cmarcha tan bien que se prev\u00e9 una segunda\u201d. Y otra en Dub\u00e1i. \u201cCada gran ciudad del mundo tendr\u00e1, tarde o temprano, su espacio art\u00edstico digital\u201d, asegura Monnier.<\/p>\n\n\n\n<figure class=\"wp-block-image\"><img decoding=\"async\" src=\"https:\/\/www.lavanguardia.com\/files\/content_image_mobile_filter\/uploads\/2021\/01\/25\/600f1727dc5e2.jpeg\" alt=\"Exposici\u00f3n sobre Gaud\u00ed en el Atelier des Lumi\u00e8res\"\/><figcaption>Exposici\u00f3n sobre Gaud\u00ed en el Atelier des Lumi\u00e8res&nbsp;Dominique Chauvet Roldan \/ Terceros<\/figcaption><\/figure>\n\n\n\n<p>Pero las mejores candidatas son las ciudades medianas. Una exposici\u00f3n convencional requiere, en Francia, una inversi\u00f3n de por lo menos 800.000 euros, m\u00e1s 200.000 de comunicaci\u00f3n y marketing. Con dos muestras por a\u00f1o, el riesgo es de un par de millones. En cambio, una digital cuesta medio mill\u00f3n, dura un a\u00f1o y \u201ccomo somos propietarios de nuestro cat\u00e1logo, podemos pasearla por el mundo\u201d.<\/p>\n\n\n\n<p>Adem\u00e1s, seg\u00fan Monnier \u201cla mundializaci\u00f3n hace que en todas partes pretendan las mismas obras, lo que refuerza el poder de las colecciones que las poseen, que adem\u00e1s han hallado el apoyo de grandes fundaciones -alusi\u00f3n a la Louis Vuitton- capaces de poner millones sobre la mesa para obtenerlas\u201d.<\/p>\n\n\n\n<h2 class=\"wp-block-heading\">Nuevo p\u00fablico<\/h2>\n\n\n\n<h3 class=\"wp-block-heading\">Las muestras digitales atraen a visitantes poco habituales, un tercio de los cuales tiene menos de 25 a\u00f1os<\/h3>\n\n\n\n<p>En fin, ese Grand Palais Immersif de la Reuni\u00f3n de los Museos Nacionales confirma que por lo menos en lo inmediato, las im\u00e1genes en suelo, techo y paredes configuran la exposici\u00f3n gran p\u00fablico del siglo XXI.<\/p>\n\n\n\n<p>Fuente: https:\/\/www.lavanguardia.com\/cultura\/20210126\/6197795\/arte-inmersivo-auge-dali-gaudi-atelier-des-lumieres-paris-grand-palais.html<\/p>\n","protected":false},"excerpt":{"rendered":"<p>El auge de las exposiciones digitales lleva a Museos Nacionales de Francia a destinar el Grand Palais parisino a estas [&hellip;]<\/p>\n","protected":false},"author":1,"featured_media":3829,"comment_status":"open","ping_status":"open","sticky":false,"template":"","format":"standard","meta":{"site-sidebar-layout":"default","site-content-layout":"","ast-site-content-layout":"default","site-content-style":"default","site-sidebar-style":"default","ast-global-header-display":"","ast-banner-title-visibility":"","ast-main-header-display":"","ast-hfb-above-header-display":"","ast-hfb-below-header-display":"","ast-hfb-mobile-header-display":"","site-post-title":"","ast-breadcrumbs-content":"","ast-featured-img":"","footer-sml-layout":"","theme-transparent-header-meta":"","adv-header-id-meta":"","stick-header-meta":"","header-above-stick-meta":"","header-main-stick-meta":"","header-below-stick-meta":"","astra-migrate-meta-layouts":"default","ast-page-background-enabled":"default","ast-page-background-meta":{"desktop":{"background-color":"var(--ast-global-color-4)","background-image":"","background-repeat":"repeat","background-position":"center center","background-size":"auto","background-attachment":"scroll","background-type":"","background-media":"","overlay-type":"","overlay-color":"","overlay-opacity":"","overlay-gradient":""},"tablet":{"background-color":"","background-image":"","background-repeat":"repeat","background-position":"center center","background-size":"auto","background-attachment":"scroll","background-type":"","background-media":"","overlay-type":"","overlay-color":"","overlay-opacity":"","overlay-gradient":""},"mobile":{"background-color":"","background-image":"","background-repeat":"repeat","background-position":"center center","background-size":"auto","background-attachment":"scroll","background-type":"","background-media":"","overlay-type":"","overlay-color":"","overlay-opacity":"","overlay-gradient":""}},"ast-content-background-meta":{"desktop":{"background-color":"var(--ast-global-color-5)","background-image":"","background-repeat":"repeat","background-position":"center center","background-size":"auto","background-attachment":"scroll","background-type":"","background-media":"","overlay-type":"","overlay-color":"","overlay-opacity":"","overlay-gradient":""},"tablet":{"background-color":"var(--ast-global-color-5)","background-image":"","background-repeat":"repeat","background-position":"center center","background-size":"auto","background-attachment":"scroll","background-type":"","background-media":"","overlay-type":"","overlay-color":"","overlay-opacity":"","overlay-gradient":""},"mobile":{"background-color":"var(--ast-global-color-5)","background-image":"","background-repeat":"repeat","background-position":"center center","background-size":"auto","background-attachment":"scroll","background-type":"","background-media":"","overlay-type":"","overlay-color":"","overlay-opacity":"","overlay-gradient":""}},"footnotes":""},"categories":[8],"tags":[],"class_list":["post-3828","post","type-post","status-publish","format-standard","has-post-thumbnail","hentry","category-noticias"],"_links":{"self":[{"href":"https:\/\/losperiodistas.com.mx\/portal\/wp-json\/wp\/v2\/posts\/3828","targetHints":{"allow":["GET"]}}],"collection":[{"href":"https:\/\/losperiodistas.com.mx\/portal\/wp-json\/wp\/v2\/posts"}],"about":[{"href":"https:\/\/losperiodistas.com.mx\/portal\/wp-json\/wp\/v2\/types\/post"}],"author":[{"embeddable":true,"href":"https:\/\/losperiodistas.com.mx\/portal\/wp-json\/wp\/v2\/users\/1"}],"replies":[{"embeddable":true,"href":"https:\/\/losperiodistas.com.mx\/portal\/wp-json\/wp\/v2\/comments?post=3828"}],"version-history":[{"count":1,"href":"https:\/\/losperiodistas.com.mx\/portal\/wp-json\/wp\/v2\/posts\/3828\/revisions"}],"predecessor-version":[{"id":3830,"href":"https:\/\/losperiodistas.com.mx\/portal\/wp-json\/wp\/v2\/posts\/3828\/revisions\/3830"}],"wp:featuredmedia":[{"embeddable":true,"href":"https:\/\/losperiodistas.com.mx\/portal\/wp-json\/wp\/v2\/media\/3829"}],"wp:attachment":[{"href":"https:\/\/losperiodistas.com.mx\/portal\/wp-json\/wp\/v2\/media?parent=3828"}],"wp:term":[{"taxonomy":"category","embeddable":true,"href":"https:\/\/losperiodistas.com.mx\/portal\/wp-json\/wp\/v2\/categories?post=3828"},{"taxonomy":"post_tag","embeddable":true,"href":"https:\/\/losperiodistas.com.mx\/portal\/wp-json\/wp\/v2\/tags?post=3828"}],"curies":[{"name":"wp","href":"https:\/\/api.w.org\/{rel}","templated":true}]}}