{"id":38237,"date":"2022-10-02T13:19:25","date_gmt":"2022-10-02T18:19:25","guid":{"rendered":"http:\/\/losperiodistas.com.mx\/portal\/?p=38237"},"modified":"2022-10-02T13:19:27","modified_gmt":"2022-10-02T18:19:27","slug":"mesas-poblanas","status":"publish","type":"post","link":"https:\/\/losperiodistas.com.mx\/portal\/mesas-poblanas\/","title":{"rendered":"Mesas Poblanas"},"content":{"rendered":"\n<p class=\"has-medium-font-size\">Las mesas poblanas fueron parte de una estrategia para \u00abapoblanar\u00bb a los candidatos del PRI llegados de fuera, quienes eran \u00abplaceados\u00bb y \u00abbalconeados\u00bb por los pol\u00edticos locales&#8230; La historia se repite.<\/p>\n\n\n\n<p><\/p>\n\n\n\n<figure class=\"wp-block-embed is-type-video is-provider-youtube wp-block-embed-youtube wp-embed-aspect-16-9 wp-has-aspect-ratio\"><div class=\"wp-block-embed__wrapper\">\n<iframe title=\"Mesas Poblanas | Oct 2 2022\" width=\"500\" height=\"281\" src=\"https:\/\/www.youtube.com\/embed\/puuX0cFg_20?feature=oembed\" frameborder=\"0\" allow=\"accelerometer; autoplay; clipboard-write; encrypted-media; gyroscope; picture-in-picture; web-share\" referrerpolicy=\"strict-origin-when-cross-origin\" allowfullscreen><\/iframe>\n<\/div><\/figure>\n\n\n\n<p><\/p>\n\n\n\n<p><\/p>\n\n\n\n<p class=\"has-vivid-cyan-blue-color has-text-color\" style=\"font-size:26px\"><strong><em>Por Jes\u00fas Manuel Hern\u00e1ndez<\/em><\/strong><\/p>\n\n\n\n<p>En el pasado, muy pasado, de Puebla, los hackeos no exist\u00edan, solo hab\u00eda investigaciones, informaci\u00f3n confidencial, quiz\u00e1 la pesquisa era seguida de algo de presi\u00f3n externa y polic\u00edaca, <strong>a lo m\u00e1s hab\u00eda alg\u00fan director de medios de comunicaci\u00f3n, casi siempre radiof\u00f3nico, donde se \u201cfiltraban\u201d los rumores y comentarios<\/strong>.<\/p>\n\n\n\n<p>En aquella \u00e9poca se dec\u00eda que tal o cual conductor o redactor de columna era el favorito del gobernador en turno, por tanto, los pol\u00edticos, el ahora llamado c\u00edrculo rojo, se dedicaban a seguir al comunicador en sus anuncios. As\u00ed se constru\u00edan las candidaturas y se hac\u00eda la pol\u00edtica.<\/p>\n\n\n\n<p>Al paso de los a\u00f1os los escenarios se han modificado, <strong>quienes antes eran los comunicadores de confianza hoy se confunden con los voceros cooptados, de ah\u00ed se desprende que las actitudes, desprecios, menosprecios y algunas seudo alabanzas se encuadren en un espacio de incredulidad<\/strong>. Aun as\u00ed, en muchos casos funcionan, se hace sentir y se deja la percepci\u00f3n del mensaje que el poder quiere emanar.<\/p>\n\n\n\n<p>La reflexi\u00f3n viene a cuenta por los sucesos de hackeos a la Sedena, te\u00f3ricamente la estructura de seguridad nacional m\u00e1s bien acabada en la modernidad de la 4T. La presencia del llamado grupo <strong>\u201cGuacamaya\u201d<\/strong>, ampliamente divulgado pareciera ir m\u00e1s de la mano de quienes quieren justificar las <strong>\u201cfiltraciones\u201d<\/strong> en aras de <strong>\u201ctransparentar\u201d<\/strong> <strong>lo que hasta ahora ha permanecido escondido de la mayor\u00eda.<\/strong><\/p>\n\n\n\n<p><strong>Nos acercamos a un escenario de agotamiento de la credibilidad<\/strong>, donde el af\u00e1n por el apego al poder es capaz de justificar cualquier maniobra. Pero, c\u00f3mo no hacerlo, si lo que importa es mantener el poder a como d\u00e9 lugar.<\/p>\n\n\n\n<p>Y si en el \u00e1mbito nacional las cosas funcionan por ah\u00ed, \u00bfcu\u00e1l podr\u00eda ser la raz\u00f3n por la que en la aldea no se mantenga la misma actitud?<\/p>\n\n\n\n<p>La premisa toma fuerza si se antepone otra: <strong>\u201cel que manda, manda, y si se equivoca, vuelve a mandar\u2026\u201d<\/strong><\/p>\n\n\n\n<p>Lo sucedido a media semana respecto de la designaci\u00f3n de los nuevos magistrados del <strong>Tribunal de Justicia<\/strong>, est\u00e1 en esa l\u00ednea. <strong>Se trata de un mensaje muy claro de qui\u00e9n lleva la delantera y qui\u00e9n ha empezado a quedar fuera de la competencia<\/strong>.<\/p>\n\n\n\n<p>Dicen quienes comparten el pan y la sal con el c\u00edrculo \u00edntimo que el gobernador dio un manotazo sobre la mesa al grito de <strong>\u201cva, porque va, porque lo digo yo\u201d<\/strong>. Y as\u00ed sucedi\u00f3 en medio de sonrisas y agradecimiento en una de las oficinas del gabinete desde donde se impuls\u00f3 la llegada al menos de uno de los nuevos magistrados.<\/p>\n\n\n\n<p>El mensaje tiene destinatarios, quiz\u00e1 no lo sepan o no se hayan enterado de la direcci\u00f3n del anuncio, pero <strong>desplazar a uno de los antes favoritos, podr\u00eda ser un paso sin retorno o, como dir\u00eda un experto consultado, \u201cun acto de distracci\u00f3n\u201d.<\/strong><\/p>\n\n\n\n<p>En el pasado, cuando las decisiones eran derivadas de los acuerdos nacionales, las cosas funcionaban diferente.<\/p>\n\n\n\n<p>Los precandidatos eran sembrados en los grupos de poder desde donde se empezaban a hacer los amarres. Se decantaban las tendencias y se iba haciendo el caldo gordo al personaje elegido.<\/p>\n\n\n\n<p><strong>Quiz\u00e1 la \u00faltima decisi\u00f3n a la antigua haya sido la de Manuel Bartlett<\/strong>, sembrado en una visita presidencial para crear un nombramiento hasta ese momento totalmente desconocido, pero <strong>de ah\u00ed sali\u00f3 la propuesta para \u201c<em>apoblanar<\/em>\u201d al elegido al lanzarlo al estrellato.<\/strong><\/p>\n\n\n\n<p>De esas escenas se debe acordar alguien que luego fue Secretario de Gobernaci\u00f3n del sexenio de Bartlett y quien se dec\u00eda muy cercano al personaje, eran otros tiempos.<\/p>\n\n\n\n<p>Un tamiz del elegido era presentarlo en sociedad, ah\u00ed actuaban los pri\u00edstas tradicionales y algunos agentes ciudadanos usualmente ligados a las estructuras del poder tradicional, iniciativa privada, iglesia, sindicatos.<\/p>\n\n\n\n<p><strong>Se iniciaba as\u00ed la visita a las \u201ccasas\u201d de los hombres del poder<\/strong>: Chumacero, Huesca, don Abelardo, el Jefe de la Zona Militar, los jefes de grupos pol\u00edticos, algunos sindicatos y hasta dirigentes de organizaciones empresariales. <strong>La UAP por supuesto era clave en el proceso de \u201caclimataci\u00f3n\u201d del elegido<\/strong>.<\/p>\n\n\n\n<p><strong>Despu\u00e9s ven\u00eda el \u201cbalconeo\u201d<\/strong>. Tal o cual personaje era el elegido para <strong>\u201cplacear\u201d<\/strong> <strong>al aspirante en las casas, en las mesas poblanas<\/strong>, donde se empezaba el acercamiento a los c\u00edrculos del poder a fin de conseguir el consenso.<\/p>\n\n\n\n<p><strong>Hab\u00eda un momento clave, cuando el precandidato era citado en el Lastra o El Mes\u00f3n del \u00c1ngel para despu\u00e9s de un desayuno un grupo de poblanos y poblanas le invitaban a tomar \u201cun cafecito\u201d en el Royalty, por donde pasa \u201ctodo Puebla\u201d<\/strong> y as\u00ed la gente conocer\u00eda, ver\u00eda, oler\u00eda al elegido.<\/p>\n\n\n\n<p><strong>La estrategia se conoc\u00eda as\u00ed \u201clas mesas poblanas\u201d<\/strong>. Del Royalty se pasaba a las casas de las familias bien posicionadas donde los sectores sociales \u201cconoc\u00edan\u201d al elegido. Lo dem\u00e1s seguramente se habr\u00e1 adivinado ya, empezaba el cotilleo, el rumor, el chisme, de las mesas poblanas en favor del personaje elegido.<\/p>\n\n\n\n<p>Quiz\u00e1 el \u00faltimo en haber sido \u201cdestapado\u201d con esos m\u00e9todos fue Mariano Pi\u00f1a Olaya quien llegaba al z\u00f3calo en una monumental furgoneta ranchera, se sentaba en el Royalty y su auxiliar le acercaba una caja de puros cubanos, Mariano encend\u00eda uno y se dedicaba a ver pasar a la gente y dejarse ver sentado junto a tal o cual personaje, as\u00ed se lograba la <strong>\u201cintroducci\u00f3n\u201d del aspirante a la sociedad poblana<\/strong>.<\/p>\n\n\n\n<p>Lo dem\u00e1s suced\u00eda en las casas, en las residencias familiares, donde operaban perfectamente las llamadas \u201cmesas poblanas\u201d, esos espacios de convivencia donde se acercaban los intereses y se intercambiaban opiniones, referencias, informaciones.<\/p>\n\n\n\n<p><strong>El precandidato siempre recib\u00eda, previo a la reuni\u00f3n, unas tarjetas informativas con los datos de quienes asistir\u00edan a las reuniones<\/strong>.<\/p>\n\n\n\n<p>La informaci\u00f3n de esas tarjetas era producto del cruce de investigaciones y reportes de los \u00f3rganos de seguridad local, la Zona Militar y la gente de confianza del entonces precandidato.<\/p>\n\n\n\n<p>Todo ha cambiado. <strong>Hoy las \u201cmesas poblanas\u201d siguen funcionando, pero operan de otra forma, quiz\u00e1 el gran reformador de esta estrategia haya sido Melqu\u00edades Morales Flores<\/strong>, <strong>quien en una \u201cmesa poblana\u201d fuera destapado por Gonzalo Bautista O\u2019Farrill ante un grupo de empresarios, cambiando la jugada de la sucesi\u00f3n.<\/strong><\/p>\n\n\n\n<p>Por tanto, los dem\u00e1s ya no se sujetaron a las condiciones antiguas, Mar\u00edn, Moreno Valle, Gali, Martha \u00c9rika, aparecieron en circunstancias diferentes.<\/p>\n\n\n\n<p>El escenario de hoy d\u00eda, pudiera recibir ciertas modificaciones a juzgar por quienes se anotan, <strong>algunos ya empiezan a operar con base en el viejo esquema, \u201clas mesas poblanas\u201d<\/strong>, y sus chalecos son multicolores, porque lo de hoy, es estar con quien pueda ganar, no por convicci\u00f3n.<\/p>\n\n\n\n<p>Por cierto, <strong>en las \u201cmesas poblanas\u201d de antes, hab\u00eda golpes debajo de la mesa, patadas, zancadillas, pisotones, pellizcos<\/strong>\u2026 hoy tambi\u00e9n sucede, y a veces desde el centro del poder o desde los poderes f\u00e1cticos, tradicionales o emergentes, donde surgen intereses animados por seis a\u00f1os de cobijo.<\/p>\n\n\n\n<p>O por lo menos, as\u00ed me lo parece.<\/p>\n\n\n\n<p><a href=\"mailto:losperiodistas.com.mx@gmail.com\">losperiodistas.com.mx@gmail.com<\/a><\/p>\n","protected":false},"excerpt":{"rendered":"<p>Las mesas poblanas fueron parte de una estrategia para \u00abapoblanar\u00bb a los candidatos del PRI llegados de fuera, quienes eran [&hellip;]<\/p>\n","protected":false},"author":1,"featured_media":38238,"comment_status":"open","ping_status":"open","sticky":false,"template":"","format":"standard","meta":{"site-sidebar-layout":"default","site-content-layout":"","ast-site-content-layout":"default","site-content-style":"default","site-sidebar-style":"default","ast-global-header-display":"","ast-banner-title-visibility":"","ast-main-header-display":"","ast-hfb-above-header-display":"","ast-hfb-below-header-display":"","ast-hfb-mobile-header-display":"","site-post-title":"","ast-breadcrumbs-content":"","ast-featured-img":"","footer-sml-layout":"","theme-transparent-header-meta":"","adv-header-id-meta":"","stick-header-meta":"","header-above-stick-meta":"","header-main-stick-meta":"","header-below-stick-meta":"","astra-migrate-meta-layouts":"default","ast-page-background-enabled":"default","ast-page-background-meta":{"desktop":{"background-color":"var(--ast-global-color-4)","background-image":"","background-repeat":"repeat","background-position":"center center","background-size":"auto","background-attachment":"scroll","background-type":"","background-media":"","overlay-type":"","overlay-color":"","overlay-opacity":"","overlay-gradient":""},"tablet":{"background-color":"","background-image":"","background-repeat":"repeat","background-position":"center center","background-size":"auto","background-attachment":"scroll","background-type":"","background-media":"","overlay-type":"","overlay-color":"","overlay-opacity":"","overlay-gradient":""},"mobile":{"background-color":"","background-image":"","background-repeat":"repeat","background-position":"center center","background-size":"auto","background-attachment":"scroll","background-type":"","background-media":"","overlay-type":"","overlay-color":"","overlay-opacity":"","overlay-gradient":""}},"ast-content-background-meta":{"desktop":{"background-color":"var(--ast-global-color-5)","background-image":"","background-repeat":"repeat","background-position":"center center","background-size":"auto","background-attachment":"scroll","background-type":"","background-media":"","overlay-type":"","overlay-color":"","overlay-opacity":"","overlay-gradient":""},"tablet":{"background-color":"var(--ast-global-color-5)","background-image":"","background-repeat":"repeat","background-position":"center center","background-size":"auto","background-attachment":"scroll","background-type":"","background-media":"","overlay-type":"","overlay-color":"","overlay-opacity":"","overlay-gradient":""},"mobile":{"background-color":"var(--ast-global-color-5)","background-image":"","background-repeat":"repeat","background-position":"center center","background-size":"auto","background-attachment":"scroll","background-type":"","background-media":"","overlay-type":"","overlay-color":"","overlay-opacity":"","overlay-gradient":""}},"footnotes":""},"categories":[8,5],"tags":[8711,725,12895],"class_list":["post-38237","post","type-post","status-publish","format-standard","has-post-thumbnail","hentry","category-noticias","category-por-soleares","tag-elecciones-puebla-2024","tag-morena-puebla","tag-politica-puebla"],"_links":{"self":[{"href":"https:\/\/losperiodistas.com.mx\/portal\/wp-json\/wp\/v2\/posts\/38237","targetHints":{"allow":["GET"]}}],"collection":[{"href":"https:\/\/losperiodistas.com.mx\/portal\/wp-json\/wp\/v2\/posts"}],"about":[{"href":"https:\/\/losperiodistas.com.mx\/portal\/wp-json\/wp\/v2\/types\/post"}],"author":[{"embeddable":true,"href":"https:\/\/losperiodistas.com.mx\/portal\/wp-json\/wp\/v2\/users\/1"}],"replies":[{"embeddable":true,"href":"https:\/\/losperiodistas.com.mx\/portal\/wp-json\/wp\/v2\/comments?post=38237"}],"version-history":[{"count":1,"href":"https:\/\/losperiodistas.com.mx\/portal\/wp-json\/wp\/v2\/posts\/38237\/revisions"}],"predecessor-version":[{"id":38239,"href":"https:\/\/losperiodistas.com.mx\/portal\/wp-json\/wp\/v2\/posts\/38237\/revisions\/38239"}],"wp:featuredmedia":[{"embeddable":true,"href":"https:\/\/losperiodistas.com.mx\/portal\/wp-json\/wp\/v2\/media\/38238"}],"wp:attachment":[{"href":"https:\/\/losperiodistas.com.mx\/portal\/wp-json\/wp\/v2\/media?parent=38237"}],"wp:term":[{"taxonomy":"category","embeddable":true,"href":"https:\/\/losperiodistas.com.mx\/portal\/wp-json\/wp\/v2\/categories?post=38237"},{"taxonomy":"post_tag","embeddable":true,"href":"https:\/\/losperiodistas.com.mx\/portal\/wp-json\/wp\/v2\/tags?post=38237"}],"curies":[{"name":"wp","href":"https:\/\/api.w.org\/{rel}","templated":true}]}}