{"id":38144,"date":"2022-10-01T05:00:08","date_gmt":"2022-10-01T10:00:08","guid":{"rendered":"http:\/\/losperiodistas.com.mx\/portal\/?p=38144"},"modified":"2022-10-01T05:53:37","modified_gmt":"2022-10-01T10:53:37","slug":"los-millennials-son-los-nuevos-viejos-de-internet-eps","status":"publish","type":"post","link":"https:\/\/losperiodistas.com.mx\/portal\/los-millennials-son-los-nuevos-viejos-de-internet-eps\/","title":{"rendered":"Los \u2018millennials\u2019 son los nuevos viejos de internet | EPS"},"content":{"rendered":"\n<p class=\"has-medium-font-size\">Los nacidos entre 1980 y 1996 ya son los ancianos de las redes. Ahora manda la generaci\u00f3n Z, que ser\u00e1 arrasada en unos a\u00f1os por la alfa. Todos somos viejos o lo seremos en el pr\u00f3ximo minuto<\/p>\n\n\n\n<p><\/p>\n\n\n\n<figure class=\"wp-block-image size-large is-style-default\"><img fetchpriority=\"high\" decoding=\"async\" width=\"1024\" height=\"1024\" src=\"https:\/\/losperiodistas.com.mx\/portal\/wp-content\/uploads\/2022\/10\/7JQJV5CJTFDJXNTUXZ3ZCNRSH4-1024x1024.jpeg\" alt=\"\" class=\"wp-image-38145\" srcset=\"https:\/\/losperiodistas.com.mx\/portal\/wp-content\/uploads\/2022\/10\/7JQJV5CJTFDJXNTUXZ3ZCNRSH4-1024x1024.jpeg 1024w, https:\/\/losperiodistas.com.mx\/portal\/wp-content\/uploads\/2022\/10\/7JQJV5CJTFDJXNTUXZ3ZCNRSH4-300x300.jpeg 300w, https:\/\/losperiodistas.com.mx\/portal\/wp-content\/uploads\/2022\/10\/7JQJV5CJTFDJXNTUXZ3ZCNRSH4-150x150.jpeg 150w, https:\/\/losperiodistas.com.mx\/portal\/wp-content\/uploads\/2022\/10\/7JQJV5CJTFDJXNTUXZ3ZCNRSH4-768x768.jpeg 768w, https:\/\/losperiodistas.com.mx\/portal\/wp-content\/uploads\/2022\/10\/7JQJV5CJTFDJXNTUXZ3ZCNRSH4-1536x1536.jpeg 1536w, https:\/\/losperiodistas.com.mx\/portal\/wp-content\/uploads\/2022\/10\/7JQJV5CJTFDJXNTUXZ3ZCNRSH4.jpeg 1960w\" sizes=\"(max-width: 1024px) 100vw, 1024px\" \/><figcaption>Nadie de la generaci\u00f3n Z se har\u00eda un selfi colocando la c\u00e1mara por encima de los ojos. BRIAN FINKE (GALLERY STOCK)<\/figcaption><\/figure>\n\n\n\n<p class=\"has-vivid-cyan-blue-color has-text-color has-medium-font-size\">KARELIA V\u00c1ZQUEZ \/ EPS<\/p>\n\n\n\n<p><a href=\"https:\/\/elpais.com\/economia\/negocios\/2022-08-13\/una-nueva-generacion-coge-los-mandos-asi-redefinen-los-mileniales-la-economia.html\" target=\"_blank\" rel=\"noreferrer noopener\"><em>Millennials<\/em><\/a><em>.<\/em>&nbsp;Hasta escribir esa palabra traslada a 2012. La generaci\u00f3n nacida entre 1980 y 1996, mimada por soci\u00f3logos y gur\u00fas del marketing, es ahora objeto de burlas en&nbsp;<a href=\"https:\/\/elpais.com\/tecnologia\/2022-09-14\/rapido-adictivo-y-entra-por-los-ojos-tiktok-ya-es-el-buscador-de-la-generacion-z.html\" target=\"_blank\" rel=\"noreferrer noopener\">TikTok<\/a>, el sitio donde se escenifica la \u00faltima batalla generacional. La pausa&nbsp;<em>millennial<\/em>&nbsp;(#MillennialPause) es el pen\u00faltimo escarnio. Los que ahora tienen 20 a\u00f1os hacen v\u00eddeos imitando el desconcierto de un&nbsp;<em>millennial<\/em>&nbsp;de 30 o 40 ante la c\u00e1mara. Le dan al&nbsp;<em>play&nbsp;<\/em>y simulan una pausa antes de empezar a hablar. Esos dos segundos, dicen, delatan a los impostores. Un&nbsp;<em>zeta&nbsp;<\/em>genuino, nacido grab\u00e1ndose a s\u00ed mismo, sabe que la c\u00e1mara de \u00adTikTok siempre funciona. La perplejidad de los&nbsp;<em>zetas&nbsp;<\/em>viene de constatar que hasta Taylor Swift hace la pausa de la verg\u00fcenza. Re\u00edrse de los&nbsp;<em>millennials&nbsp;<\/em>y de sus esfuerzos por no parecerlo es toda una categor\u00eda de contenidos en TikTok.<\/p>\n\n\n\n<p><a href=\"https:\/\/elpais.com\/eps\/2021-10-16\/todos-hablan-de-la-generacion-z-pero-nadie-les-escucha.html\" target=\"_blank\" rel=\"noreferrer noopener\">La generaci\u00f3n Z<\/a>&nbsp;tiene bien documentados los comportamientos que delatan la edad en sus dominios. A saber: publicar&nbsp;<em>stories<\/em>&nbsp;en Instagram y que salga la letra de las canciones, \u00bfes que no la sab\u00e9is ocultar? Usar GIF para hacer chistes \u00a1en 2022! Empezar los v\u00eddeos con im\u00e1genes de paisajes id\u00edlicos. Hacer un selfi colocando la c\u00e1mara por encima de los ojos. Ordenar la biograf\u00eda en las redes sociales en forma de lista. Hacer juegos de palabras en los pies de foto de Instagram. Poner caras y hacer ojitos a la c\u00e1mara. Hablar constantemente de s\u00ed mismos, sobreactuar y dramatizar cada acto de la vida (la generaci\u00f3n Z se considera mucho m\u00e1s sobria). Las parodias de TikTok, que incluyen tutoriales para evitar ser cazado en un gesto&nbsp;<em>millennial<\/em>, marcan el fin de una era. Entre los damnificados circula un meme de&nbsp;<em>Las chicas de oro<\/em>&nbsp;que avisa: \u201cEsta soy yo en TikTok\u201d.<\/p>\n\n\n\n<p>\u201cLos reconozco en WhatsApp cuando en la pantalla aparece \u2018escribiendo\u2019, pasan dos minutos y siguen escribiendo. \u00bfQu\u00e9 me van a mandar? \u00bfUna carta? Cuando al fin llega el mensaje, no falta una coma ni una may\u00fascula, no hay una abreviatura. Escriben un&nbsp;<em>whatsapp<\/em>&nbsp;como si fuera un&nbsp;<em>e-mail<\/em>\u201d, opina Jaime Villarroel, nacido en 2002. Para la generaci\u00f3n Z, el punto final es un signo inequ\u00edvoco de haber nacido en el siglo XX.<\/p>\n\n\n\n<p>\u00bfInternet nos est\u00e1 haciendo caducar m\u00e1s r\u00e1pido? \u00bfLa sucesi\u00f3n de etiquetas generacionales: X,&nbsp;<em>millennials<\/em>, Z, alfa\u2026, est\u00e1 acortando nuestro minuto de gloria y el tiempo en que somos sociol\u00f3gicamente deseables? Oriol Bartomeus, profesor de Ciencia Pol\u00edtica de la Universidad Aut\u00f3noma de Barcelona, se\u00f1ala que no hay un \u00fanico modo v\u00e1lido de contar los grupos sociales. \u201cDependiendo de los investigadores, se puede considerar el modelo del Pew Research Center, que concluye que cada 15 o 20 a\u00f1os nace una generaci\u00f3n, o la teor\u00eda m\u00e1s cl\u00e1sica de Ortega y Gasset, que cuenta un salto generacional cada 30 a\u00f1os. O incluso un modelo menos estricto que sostiene que las generaciones surgen tras cambios hist\u00f3ricos profundos, lo que implicar\u00eda que no ser\u00edan las mismas entre pa\u00edses\u201d. Por esto,&nbsp;<a href=\"https:\/\/elpais.com\/elpais\/2020\/05\/21\/eps\/1590073692_686464.html\" target=\"_blank\" rel=\"noreferrer noopener\">los&nbsp;<em>boomers<\/em>&nbsp;patrios&nbsp;<\/a>no deber\u00edan sentirse aludidos por el sarc\u00e1stico \u201cOK&nbsp;<em>boomer<\/em>\u201d, creado por los&nbsp;<em>millennials<\/em>&nbsp;y la generaci\u00f3n Z para los hijos del<em>&nbsp;baby boom<\/em>&nbsp;de Estados Unidos que se produjo tras la II Guerra Mundial, pues en Espa\u00f1a el pico de natalidad se produjo varias d\u00e9cadas despu\u00e9s, entre 1960 y 1975. Nuestros&nbsp;<em>boomers<\/em>&nbsp;son m\u00e1s j\u00f3venes.<\/p>\n\n\n\n<p>\u201cEn cualquier caso, el proceso suele ser m\u00e1s lento. No hay una generaci\u00f3n por d\u00e9cada, el exceso de segmentaci\u00f3n tiene m\u00e1s que ver con patrones de consumo y con la necesidad del marketing, y no de la academia, de crear nuevos perfiles de consumidores. Esta clasificaci\u00f3n ha impregnado el discurso social, pero no sigue criterios demogr\u00e1ficos\u201d, se\u00f1ala Bartomeu.<\/p>\n\n\n\n<p>La propia definici\u00f3n original de&nbsp;<em>millennials<\/em>, formulada en 1987 por William Strauss y Neil Howe, no tuvo en su momento mucha resonancia. Probablemente hasta que un departamento de marketing se la apropi\u00f3. Seg\u00fan Google Trends, las b\u00fasquedas del t\u00e9rmino empezaron discretamente en 2005 y en 2013 alcanzaron su pico m\u00e1ximo. Entonces, todo el mundo googleaba para averiguar si lo era o no.<\/p>\n\n\n\n<p>\u201cLa percepci\u00f3n de nuestra edad se ha distorsionado por ciertos puntos de referencia del \u00e9xito que se supone que uno debe haber conseguido a determinadas edades, como tener hijos o comprarse una casa. Siempre ha sido as\u00ed, pero antes te comparabas con tu grupo social; ahora puedes hacerlo con todos y cada uno de los usuarios de una red social\u201d, se\u00f1ala v\u00eda correo electr\u00f3nico Devon Price, psic\u00f3logo y profesor de la Universidad Loyola en Chicago.<\/p>\n\n\n\n<p>Price acepta que la fragmentaci\u00f3n generacional pueda ser \u00fatil para los profesionales del marketing, pero argumenta: \u201cEsta excesiva segmentaci\u00f3n se desmorona cuando tenemos m\u00e1s similitudes que diferencias. Como&nbsp;<em>millennial<\/em>, comparto muchas frustraciones con mis hermanos de la generaci\u00f3n Z. Ambos hemos llegado a un mundo roto donde los patrones tradicionales del \u00e9xito son imposibles de alcanzar. No estoy seguro de que esas pseudodivisiones generacionales tengan alg\u00fan significado\u201d.<\/p>\n\n\n\n<p>Una multitud se escandaliza cuando un&nbsp;<em>zeta<\/em>&nbsp;clasifica&nbsp;<em>Pretty Woman<\/em>&nbsp;como cine&nbsp;<em>vintage<\/em>, o cuando en TikTok se alaba el buen envejecer de Selena Gomez.&nbsp;<em>Queen of Aging<\/em>, la llaman a los 28 a\u00f1os. Son dos s\u00edntomas de la aceleraci\u00f3n del ritmo social. \u201cTodo es r\u00e1pido y vol\u00e1til, nada parece destinado a durar mucho tiempo: ni la moda, ni las noticias, ni siquiera los resultados empresariales. Hay otro tempo. El resultado es un ser humano alterado, en constante tensi\u00f3n, que se aburre cuando no pasan cosas\u201d, dice Bartomeus.<\/p>\n\n\n\n<p>Sea usted de la generaci\u00f3n X,\u00a0<em>millennial\u00a0<\/em>o afortunado\u00a0<em>zeta<\/em>. Da igual. Nunca ser\u00e1 nada por mucho tiempo. Viejo, siempre a punto de caducar como un yogur. Ese y no otro es el esp\u00edritu de nuestra \u00e9poca.<\/p>\n\n\n\n<p>Fuente: https:\/\/elpais.com\/eps\/2022-09-30\/los-millennials-son-los-nuevos-viejos-de-internet.html<\/p>\n","protected":false},"excerpt":{"rendered":"<p>Los nacidos entre 1980 y 1996 ya son los ancianos de las redes. Ahora manda la generaci\u00f3n Z, que ser\u00e1 [&hellip;]<\/p>\n","protected":false},"author":1,"featured_media":38145,"comment_status":"open","ping_status":"open","sticky":false,"template":"","format":"standard","meta":{"site-sidebar-layout":"default","site-content-layout":"","ast-site-content-layout":"default","site-content-style":"default","site-sidebar-style":"default","ast-global-header-display":"","ast-banner-title-visibility":"","ast-main-header-display":"","ast-hfb-above-header-display":"","ast-hfb-below-header-display":"","ast-hfb-mobile-header-display":"","site-post-title":"","ast-breadcrumbs-content":"","ast-featured-img":"","footer-sml-layout":"","theme-transparent-header-meta":"","adv-header-id-meta":"","stick-header-meta":"","header-above-stick-meta":"","header-main-stick-meta":"","header-below-stick-meta":"","astra-migrate-meta-layouts":"default","ast-page-background-enabled":"default","ast-page-background-meta":{"desktop":{"background-color":"var(--ast-global-color-4)","background-image":"","background-repeat":"repeat","background-position":"center center","background-size":"auto","background-attachment":"scroll","background-type":"","background-media":"","overlay-type":"","overlay-color":"","overlay-opacity":"","overlay-gradient":""},"tablet":{"background-color":"","background-image":"","background-repeat":"repeat","background-position":"center center","background-size":"auto","background-attachment":"scroll","background-type":"","background-media":"","overlay-type":"","overlay-color":"","overlay-opacity":"","overlay-gradient":""},"mobile":{"background-color":"","background-image":"","background-repeat":"repeat","background-position":"center center","background-size":"auto","background-attachment":"scroll","background-type":"","background-media":"","overlay-type":"","overlay-color":"","overlay-opacity":"","overlay-gradient":""}},"ast-content-background-meta":{"desktop":{"background-color":"var(--ast-global-color-5)","background-image":"","background-repeat":"repeat","background-position":"center center","background-size":"auto","background-attachment":"scroll","background-type":"","background-media":"","overlay-type":"","overlay-color":"","overlay-opacity":"","overlay-gradient":""},"tablet":{"background-color":"var(--ast-global-color-5)","background-image":"","background-repeat":"repeat","background-position":"center center","background-size":"auto","background-attachment":"scroll","background-type":"","background-media":"","overlay-type":"","overlay-color":"","overlay-opacity":"","overlay-gradient":""},"mobile":{"background-color":"var(--ast-global-color-5)","background-image":"","background-repeat":"repeat","background-position":"center center","background-size":"auto","background-attachment":"scroll","background-type":"","background-media":"","overlay-type":"","overlay-color":"","overlay-opacity":"","overlay-gradient":""}},"footnotes":""},"categories":[8],"tags":[12862,1509,11159,7389],"class_list":["post-38144","post","type-post","status-publish","format-standard","has-post-thumbnail","hentry","category-noticias","tag-millennialpause","tag-generacion-z","tag-millennials","tag-tiktok"],"_links":{"self":[{"href":"https:\/\/losperiodistas.com.mx\/portal\/wp-json\/wp\/v2\/posts\/38144","targetHints":{"allow":["GET"]}}],"collection":[{"href":"https:\/\/losperiodistas.com.mx\/portal\/wp-json\/wp\/v2\/posts"}],"about":[{"href":"https:\/\/losperiodistas.com.mx\/portal\/wp-json\/wp\/v2\/types\/post"}],"author":[{"embeddable":true,"href":"https:\/\/losperiodistas.com.mx\/portal\/wp-json\/wp\/v2\/users\/1"}],"replies":[{"embeddable":true,"href":"https:\/\/losperiodistas.com.mx\/portal\/wp-json\/wp\/v2\/comments?post=38144"}],"version-history":[{"count":1,"href":"https:\/\/losperiodistas.com.mx\/portal\/wp-json\/wp\/v2\/posts\/38144\/revisions"}],"predecessor-version":[{"id":38146,"href":"https:\/\/losperiodistas.com.mx\/portal\/wp-json\/wp\/v2\/posts\/38144\/revisions\/38146"}],"wp:featuredmedia":[{"embeddable":true,"href":"https:\/\/losperiodistas.com.mx\/portal\/wp-json\/wp\/v2\/media\/38145"}],"wp:attachment":[{"href":"https:\/\/losperiodistas.com.mx\/portal\/wp-json\/wp\/v2\/media?parent=38144"}],"wp:term":[{"taxonomy":"category","embeddable":true,"href":"https:\/\/losperiodistas.com.mx\/portal\/wp-json\/wp\/v2\/categories?post=38144"},{"taxonomy":"post_tag","embeddable":true,"href":"https:\/\/losperiodistas.com.mx\/portal\/wp-json\/wp\/v2\/tags?post=38144"}],"curies":[{"name":"wp","href":"https:\/\/api.w.org\/{rel}","templated":true}]}}