{"id":38134,"date":"2022-10-01T04:25:53","date_gmt":"2022-10-01T09:25:53","guid":{"rendered":"http:\/\/losperiodistas.com.mx\/portal\/?p=38134"},"modified":"2022-10-01T04:25:57","modified_gmt":"2022-10-01T09:25:57","slug":"mexico-apelara-fallo-del-juez-que-desestimo-demanda-contra-fabricantes-de-armas-la-lista","status":"publish","type":"post","link":"https:\/\/losperiodistas.com.mx\/portal\/mexico-apelara-fallo-del-juez-que-desestimo-demanda-contra-fabricantes-de-armas-la-lista\/","title":{"rendered":"M\u00e9xico apelar\u00e1 fallo del juez que desestim\u00f3 demanda contra fabricantes de armas | La-Lista"},"content":{"rendered":"\n<p class=\"has-medium-font-size\">El juez consider\u00f3 que las empresas estaban protegiadas por la PLCAA, por lo que no pod\u00edan ser llevadas a juicio.<\/p>\n\n\n\n<p><\/p>\n\n\n\n<figure class=\"wp-block-image size-large\"><img fetchpriority=\"high\" decoding=\"async\" width=\"1024\" height=\"683\" src=\"https:\/\/losperiodistas.com.mx\/portal\/wp-content\/uploads\/2022\/10\/armas-mexico-juicio-eu-1024x683.jpg\" alt=\"\" class=\"wp-image-38135\" srcset=\"https:\/\/losperiodistas.com.mx\/portal\/wp-content\/uploads\/2022\/10\/armas-mexico-juicio-eu-1024x683.jpg 1024w, https:\/\/losperiodistas.com.mx\/portal\/wp-content\/uploads\/2022\/10\/armas-mexico-juicio-eu-300x200.jpg 300w, https:\/\/losperiodistas.com.mx\/portal\/wp-content\/uploads\/2022\/10\/armas-mexico-juicio-eu-768x512.jpg 768w, https:\/\/losperiodistas.com.mx\/portal\/wp-content\/uploads\/2022\/10\/armas-mexico-juicio-eu.jpg 1280w\" sizes=\"(max-width: 1024px) 100vw, 1024px\" \/><figcaption>Decomiso de armas y municiones. Foto: Ra\u00fal Cort\u00e9s\/EFE.<\/figcaption><\/figure>\n\n\n\n<p class=\"has-vivid-cyan-blue-color has-text-color has-medium-font-size\">LA-LISTA<\/p>\n\n\n\n<p>La Secretar\u00eda de Relaciones Exteriores (SRE) inform\u00f3 que M\u00e9xico apelar\u00e1 el fallo por el cual un juez de la Corte de Distrito de Distrito en Boston, Massachusetts, desech\u00f3 la demanda en contra de siete fabricantes de armas y una distribuidora.<\/p>\n\n\n\n<p><a href=\"https:\/\/www.gob.mx\/sre\/prensa\/juez-federal-decide-sobre-demanda-presentada-por-el-gobierno-de-mexico-contra-la-negligencia-de-empresas-de-armas?state=published\" target=\"_blank\" rel=\"noreferrer noopener\">En un comunicado<\/a>, destac\u00f3 que insistir\u00e1 que \u201cel comercio de armas debe ser responsable, transparente y con rendici\u00f3n de cuentas, y que la forma negligente como se venden en los Estados Unidos facilita que los criminales accedan a ellas\u201d.<\/p>\n\n\n\n<figure class=\"wp-block-embed is-type-rich is-provider-twitter wp-block-embed-twitter\"><div class=\"wp-block-embed__wrapper\">\n<blockquote class=\"twitter-tweet\" data-width=\"500\" data-dnt=\"true\"><p lang=\"es\" dir=\"ltr\">\ud83d\udcc4Juez federal decide sobre demanda presentada por el Gobierno de M\u00e9xico contra la negligencia de empresas de armas.<a href=\"https:\/\/t.co\/HI9qu698Bw\">https:\/\/t.co\/HI9qu698Bw<\/a> <a href=\"https:\/\/t.co\/ruY9CjbSn3\">pic.twitter.com\/ruY9CjbSn3<\/a><\/p>&mdash; Relaciones Exteriores (@SRE_mx) <a href=\"https:\/\/twitter.com\/SRE_mx\/status\/1576009565581479936?ref_src=twsrc%5Etfw\">October 1, 2022<\/a><\/blockquote><script async src=\"https:\/\/platform.twitter.com\/widgets.js\" charset=\"utf-8\"><\/script>\n<\/div><\/figure>\n\n\n\n<p>Por la tarde, el juez Dennis Saylor consider\u00f3 que las empresas est\u00e1n protegidas por la Ley de Protecci\u00f3n de Comercio Legal de Armas (PLCAA, por sus siglas en ingl\u00e9s).<\/p>\n\n\n\n<p>En un memor\u00e1ndum detall\u00f3 que la Corte a su cargo \u201cno tiene la autoridad de ignorar una ley del Congreso\u201d, por lo que deb\u00eda desestimar la demanda mexicana, a pesar de tener \u201cuna considerable simpat\u00eda por la gente de M\u00e9xico y ninguna por aquellos que trafican armas a organizaciones criminales\u201d.<\/p>\n\n\n\n<p>Sin embargo, puntualiz\u00f3 que como \u201csu deber es seguir la ley\u201d ten\u00eda que desechar la demanda, pues las empresas cuenta con la protecci\u00f3n de la PLCAA.<\/p>\n\n\n\n<p>En agosto de 2021, M\u00e9xico, a trav\u00e9s de la Secretar\u00eda de Relaciones Exteriores (SRE), una demanda civil contra siete fabricantes y una distribuidora de armas, a las que acus\u00f3 de facilitar el tr\u00e1fico ilegal al pa\u00eds, donde son utilizadas por el crimen organizado.<\/p>\n\n\n\n<p>Las compa\u00f1\u00edas que el gobierno mexicano buscaba llevar a juicio eran Colt\u2019s Manufacturing Company, Barrett Firearms Manufacturing, Beretta USA, Smith &amp; Wesson, Century International Arms, Glock Ges.m.b.H, Sturm, Ruger &amp; Co, Beretta Holding, Glock, Inc, Interstate Arms y Witmer Public Safety Group.<\/p>\n\n\n\n<p>Fuente: https:\/\/la-lista.com\/mexico\/2022\/09\/30\/camion-de-la-semar-que-escoltaba-a-gobernadora-de-colima-vuelca-en-manzanillo<\/p>\n","protected":false},"excerpt":{"rendered":"<p>El juez consider\u00f3 que las empresas estaban protegiadas por la PLCAA, por lo que no pod\u00edan ser llevadas a juicio. [&hellip;]<\/p>\n","protected":false},"author":1,"featured_media":38135,"comment_status":"open","ping_status":"open","sticky":false,"template":"","format":"standard","meta":{"site-sidebar-layout":"default","site-content-layout":"","ast-site-content-layout":"default","site-content-style":"default","site-sidebar-style":"default","ast-global-header-display":"","ast-banner-title-visibility":"","ast-main-header-display":"","ast-hfb-above-header-display":"","ast-hfb-below-header-display":"","ast-hfb-mobile-header-display":"","site-post-title":"","ast-breadcrumbs-content":"","ast-featured-img":"","footer-sml-layout":"","theme-transparent-header-meta":"","adv-header-id-meta":"","stick-header-meta":"","header-above-stick-meta":"","header-main-stick-meta":"","header-below-stick-meta":"","astra-migrate-meta-layouts":"default","ast-page-background-enabled":"default","ast-page-background-meta":{"desktop":{"background-color":"var(--ast-global-color-4)","background-image":"","background-repeat":"repeat","background-position":"center center","background-size":"auto","background-attachment":"scroll","background-type":"","background-media":"","overlay-type":"","overlay-color":"","overlay-opacity":"","overlay-gradient":""},"tablet":{"background-color":"","background-image":"","background-repeat":"repeat","background-position":"center center","background-size":"auto","background-attachment":"scroll","background-type":"","background-media":"","overlay-type":"","overlay-color":"","overlay-opacity":"","overlay-gradient":""},"mobile":{"background-color":"","background-image":"","background-repeat":"repeat","background-position":"center center","background-size":"auto","background-attachment":"scroll","background-type":"","background-media":"","overlay-type":"","overlay-color":"","overlay-opacity":"","overlay-gradient":""}},"ast-content-background-meta":{"desktop":{"background-color":"var(--ast-global-color-5)","background-image":"","background-repeat":"repeat","background-position":"center center","background-size":"auto","background-attachment":"scroll","background-type":"","background-media":"","overlay-type":"","overlay-color":"","overlay-opacity":"","overlay-gradient":""},"tablet":{"background-color":"var(--ast-global-color-5)","background-image":"","background-repeat":"repeat","background-position":"center center","background-size":"auto","background-attachment":"scroll","background-type":"","background-media":"","overlay-type":"","overlay-color":"","overlay-opacity":"","overlay-gradient":""},"mobile":{"background-color":"var(--ast-global-color-5)","background-image":"","background-repeat":"repeat","background-position":"center center","background-size":"auto","background-attachment":"scroll","background-type":"","background-media":"","overlay-type":"","overlay-color":"","overlay-opacity":"","overlay-gradient":""}},"footnotes":""},"categories":[8],"tags":[10359,12859,8384],"class_list":["post-38134","post","type-post","status-publish","format-standard","has-post-thumbnail","hentry","category-noticias","tag-comercio-armas","tag-plcaa","tag-sre"],"_links":{"self":[{"href":"https:\/\/losperiodistas.com.mx\/portal\/wp-json\/wp\/v2\/posts\/38134","targetHints":{"allow":["GET"]}}],"collection":[{"href":"https:\/\/losperiodistas.com.mx\/portal\/wp-json\/wp\/v2\/posts"}],"about":[{"href":"https:\/\/losperiodistas.com.mx\/portal\/wp-json\/wp\/v2\/types\/post"}],"author":[{"embeddable":true,"href":"https:\/\/losperiodistas.com.mx\/portal\/wp-json\/wp\/v2\/users\/1"}],"replies":[{"embeddable":true,"href":"https:\/\/losperiodistas.com.mx\/portal\/wp-json\/wp\/v2\/comments?post=38134"}],"version-history":[{"count":1,"href":"https:\/\/losperiodistas.com.mx\/portal\/wp-json\/wp\/v2\/posts\/38134\/revisions"}],"predecessor-version":[{"id":38138,"href":"https:\/\/losperiodistas.com.mx\/portal\/wp-json\/wp\/v2\/posts\/38134\/revisions\/38138"}],"wp:featuredmedia":[{"embeddable":true,"href":"https:\/\/losperiodistas.com.mx\/portal\/wp-json\/wp\/v2\/media\/38135"}],"wp:attachment":[{"href":"https:\/\/losperiodistas.com.mx\/portal\/wp-json\/wp\/v2\/media?parent=38134"}],"wp:term":[{"taxonomy":"category","embeddable":true,"href":"https:\/\/losperiodistas.com.mx\/portal\/wp-json\/wp\/v2\/categories?post=38134"},{"taxonomy":"post_tag","embeddable":true,"href":"https:\/\/losperiodistas.com.mx\/portal\/wp-json\/wp\/v2\/tags?post=38134"}],"curies":[{"name":"wp","href":"https:\/\/api.w.org\/{rel}","templated":true}]}}