{"id":38131,"date":"2022-10-01T04:17:23","date_gmt":"2022-10-01T09:17:23","guid":{"rendered":"http:\/\/losperiodistas.com.mx\/portal\/?p=38131"},"modified":"2022-10-01T05:33:46","modified_gmt":"2022-10-01T10:33:46","slug":"psiquiatra-mexicana-se-suma-a-comision-para-proteccion-de-menores","status":"publish","type":"post","link":"https:\/\/losperiodistas.com.mx\/portal\/psiquiatra-mexicana-se-suma-a-comision-para-proteccion-de-menores\/","title":{"rendered":"Psiquiatra mexicana se suma a Comisi\u00f3n para Protecci\u00f3n de Menores | Vatican News"},"content":{"rendered":"\n<p class=\"has-medium-font-size\">Nombrada como nuevo miembro de la instituci\u00f3n por el Papa Francisco, la doctora Patricia Espinosa ostenta un abultado curriculum acad\u00e9mico y profesional que implica formaci\u00f3n en medicina, psicoan\u00e1lisis, teolog\u00eda, filosof\u00eda y prevenci\u00f3n de abusos en ambientes eclesiales.<\/p>\n\n\n\n<p><\/p>\n\n\n\n<figure class=\"wp-block-image size-large\"><img fetchpriority=\"high\" decoding=\"async\" width=\"1024\" height=\"576\" src=\"https:\/\/losperiodistas.com.mx\/portal\/wp-content\/uploads\/2022\/10\/cq5dam.thumbnail.cropped.1500.844-1024x576.jpeg\" alt=\"\" class=\"wp-image-38132\" srcset=\"https:\/\/losperiodistas.com.mx\/portal\/wp-content\/uploads\/2022\/10\/cq5dam.thumbnail.cropped.1500.844-1024x576.jpeg 1024w, https:\/\/losperiodistas.com.mx\/portal\/wp-content\/uploads\/2022\/10\/cq5dam.thumbnail.cropped.1500.844-300x169.jpeg 300w, https:\/\/losperiodistas.com.mx\/portal\/wp-content\/uploads\/2022\/10\/cq5dam.thumbnail.cropped.1500.844-768x432.jpeg 768w, https:\/\/losperiodistas.com.mx\/portal\/wp-content\/uploads\/2022\/10\/cq5dam.thumbnail.cropped.1500.844.jpeg 1500w\" sizes=\"(max-width: 1024px) 100vw, 1024px\" \/><figcaption>La doctora Patricia Espinosa forma parte del Centro de Investigaci\u00f3n y Formaci\u00f3n de Protecci\u00f3n al Menor, Ceprome.\u00a0<\/figcaption><\/figure>\n\n\n\n<p class=\"has-vivid-cyan-blue-color has-text-color has-medium-font-size\">VATICAN NEWS<\/p>\n\n\n\n<p>Es m\u00e9dico psiquiatra con una vasta experiencia en el acompa\u00f1amiento de v\u00edctimas de abuso sexual, adem\u00e1s de tener una larga historia de servicio y compromiso con la Iglesia, especialmente en la formaci\u00f3n de sacerdotes. Estos son algunos de los rasgos destacados de la doctora Irma Patricia Espinosa Hern\u00e1ndez, quien este mediod\u00eda fue nominada por el Papa Francisco como miembro de la&nbsp;<strong><a href=\"https:\/\/www.tutelaminorum.org\/es\/mision\/\" rel=\"noreferrer noopener\" target=\"_blank\">Comisi\u00f3n Pontificia para la Protecci\u00f3n de Menores<\/a>&nbsp;<\/strong>para el periodo 2022-2027.<\/p>\n\n\n\n<p>La noticia de su nombramiento fue recibido con satisfacci\u00f3n y alegr\u00eda por el\u00a0<a href=\"https:\/\/cepromelat.com\/\" target=\"_blank\" rel=\"noreferrer noopener\"><strong>Centro de Investigaci\u00f3n y Formaci\u00f3n de Protecci\u00f3n al Menor, Ceprome<\/strong><\/a>, de cuyo consejo latinoamericano ha formado parte desde 2019. \u201cSu servicio como Coordinadora de Evaluaci\u00f3n Cl\u00ednica se ha transformado en un pilar de nuestra organizaci\u00f3n\u201d, destaca un comunicado de prensa del Ceprome. La nota puntualiza que Espinosa es \u201cM\u00e9dico Cirujano con especialidad en Psiquiatr\u00eda, Psicoan\u00e1lisis y Psicoterapia, adem\u00e1s de poseer la especialidad en Psicolog\u00eda Criminal, un M\u00e1ster en Perfilaci\u00f3n de la Personalidad y un M\u00e1ster en Pastoral de la Prevenci\u00f3n en Ambientes Eclesiales. Su contundente preparaci\u00f3n acad\u00e9mica y profesional comprende tambi\u00e9n una Maestr\u00eda en Humanidades y una Licenciatura en Teolog\u00eda, todas disciplinas que ha cursado en prestigiosas universidades. Actualmente est\u00e1 realizando un Doctorado en Filosof\u00eda\u201d.<\/p>\n\n\n\n<p class=\"has-cyan-bluish-gray-background-color has-background\">LEA TAMBI\u00c9N<a href=\"https:\/\/www.vaticannews.va\/es\/papa\/news\/2022-09\/papa-francisco-nombramientos-comision-proteccion-menores.html\"><\/a>30\/09\/2022<\/p>\n\n\n\n<h2 class=\"wp-block-heading\"><a href=\"https:\/\/www.vaticannews.va\/es\/papa\/news\/2022-09\/papa-francisco-nombramientos-comision-proteccion-menores.html\">Francisco nombra miembros para Comisi\u00f3n Pontificia de Protecci\u00f3n de Menores<\/a><\/h2>\n\n\n\n<h2 class=\"wp-block-heading\"><strong>El rol de la Comisi\u00f3n Pontificia<\/strong><\/h2>\n\n\n\n<p>La Comisi\u00f3n Pontificia para la Protecci\u00f3n de Menores fue instituida por el Papa Francisco en 2014, con la misi\u00f3n de que expertos propongan al Pont\u00edfice las iniciativas m\u00e1s adecuadas para la protecci\u00f3n de menores y adultos vulnerables, as\u00ed como de realizar todo lo posible para asegurar que delitos de abusos ya no se repitan en la Iglesia. Estas son algunas de las tareas que la doctora Espinosa deber\u00e1 cumplir de ahora en adelante, y en las que podr\u00e1 contribuir a partir de su experiencia profesional en una serie de organismos vinculados a la Iglesia Cat\u00f3lica.<\/p>\n\n\n\n<p>El Ceprome destaca que los \u00faltimos a\u00f1os ella ha ejercido \u201ccomo Directora de la Facultad de Psicolog\u00eda de la Universidad Cat\u00f3lica Lumen Gentium de la Arquidi\u00f3cesis Primada de M\u00e9xico, Coordinadora del Departamento de Desarrollo Humano y Psicopedagog\u00eda del Seminario Conciliar de M\u00e9xico y, recientemente, como miembro del Consejo Nacional de Protecci\u00f3n de Menores de la Conferencia Episcopal de M\u00e9xico.Como acad\u00e9mica se ha desempe\u00f1ado en diversas universidades e institutos en M\u00e9xico, y ha sido profesora invitada de la Pontificia Universidad Gregoriana de Roma.<\/p>\n\n\n\n<p>Fuente: https:\/\/www.vaticannews.va\/es\/vaticano\/news\/2022-09\/psiquiatra-mexicana-nuevo-miembro-comision-proteccion-menores.html<\/p>\n","protected":false},"excerpt":{"rendered":"<p>Nombrada como nuevo miembro de la instituci\u00f3n por el Papa Francisco, la doctora Patricia Espinosa ostenta un abultado curriculum acad\u00e9mico [&hellip;]<\/p>\n","protected":false},"author":1,"featured_media":38132,"comment_status":"open","ping_status":"open","sticky":false,"template":"","format":"standard","meta":{"site-sidebar-layout":"default","site-content-layout":"","ast-site-content-layout":"default","site-content-style":"default","site-sidebar-style":"default","ast-global-header-display":"","ast-banner-title-visibility":"","ast-main-header-display":"","ast-hfb-above-header-display":"","ast-hfb-below-header-display":"","ast-hfb-mobile-header-display":"","site-post-title":"","ast-breadcrumbs-content":"","ast-featured-img":"","footer-sml-layout":"","theme-transparent-header-meta":"","adv-header-id-meta":"","stick-header-meta":"","header-above-stick-meta":"","header-main-stick-meta":"","header-below-stick-meta":"","astra-migrate-meta-layouts":"default","ast-page-background-enabled":"default","ast-page-background-meta":{"desktop":{"background-color":"var(--ast-global-color-4)","background-image":"","background-repeat":"repeat","background-position":"center center","background-size":"auto","background-attachment":"scroll","background-type":"","background-media":"","overlay-type":"","overlay-color":"","overlay-opacity":"","overlay-gradient":""},"tablet":{"background-color":"","background-image":"","background-repeat":"repeat","background-position":"center center","background-size":"auto","background-attachment":"scroll","background-type":"","background-media":"","overlay-type":"","overlay-color":"","overlay-opacity":"","overlay-gradient":""},"mobile":{"background-color":"","background-image":"","background-repeat":"repeat","background-position":"center center","background-size":"auto","background-attachment":"scroll","background-type":"","background-media":"","overlay-type":"","overlay-color":"","overlay-opacity":"","overlay-gradient":""}},"ast-content-background-meta":{"desktop":{"background-color":"var(--ast-global-color-5)","background-image":"","background-repeat":"repeat","background-position":"center center","background-size":"auto","background-attachment":"scroll","background-type":"","background-media":"","overlay-type":"","overlay-color":"","overlay-opacity":"","overlay-gradient":""},"tablet":{"background-color":"var(--ast-global-color-5)","background-image":"","background-repeat":"repeat","background-position":"center center","background-size":"auto","background-attachment":"scroll","background-type":"","background-media":"","overlay-type":"","overlay-color":"","overlay-opacity":"","overlay-gradient":""},"mobile":{"background-color":"var(--ast-global-color-5)","background-image":"","background-repeat":"repeat","background-position":"center center","background-size":"auto","background-attachment":"scroll","background-type":"","background-media":"","overlay-type":"","overlay-color":"","overlay-opacity":"","overlay-gradient":""}},"footnotes":""},"categories":[8],"tags":[12857,12856,12858],"class_list":["post-38131","post","type-post","status-publish","format-standard","has-post-thumbnail","hentry","category-noticias","tag-comision-pontificia","tag-irma-patricia-espinosa-hernandez","tag-proteccion-a-menores"],"_links":{"self":[{"href":"https:\/\/losperiodistas.com.mx\/portal\/wp-json\/wp\/v2\/posts\/38131","targetHints":{"allow":["GET"]}}],"collection":[{"href":"https:\/\/losperiodistas.com.mx\/portal\/wp-json\/wp\/v2\/posts"}],"about":[{"href":"https:\/\/losperiodistas.com.mx\/portal\/wp-json\/wp\/v2\/types\/post"}],"author":[{"embeddable":true,"href":"https:\/\/losperiodistas.com.mx\/portal\/wp-json\/wp\/v2\/users\/1"}],"replies":[{"embeddable":true,"href":"https:\/\/losperiodistas.com.mx\/portal\/wp-json\/wp\/v2\/comments?post=38131"}],"version-history":[{"count":2,"href":"https:\/\/losperiodistas.com.mx\/portal\/wp-json\/wp\/v2\/posts\/38131\/revisions"}],"predecessor-version":[{"id":38140,"href":"https:\/\/losperiodistas.com.mx\/portal\/wp-json\/wp\/v2\/posts\/38131\/revisions\/38140"}],"wp:featuredmedia":[{"embeddable":true,"href":"https:\/\/losperiodistas.com.mx\/portal\/wp-json\/wp\/v2\/media\/38132"}],"wp:attachment":[{"href":"https:\/\/losperiodistas.com.mx\/portal\/wp-json\/wp\/v2\/media?parent=38131"}],"wp:term":[{"taxonomy":"category","embeddable":true,"href":"https:\/\/losperiodistas.com.mx\/portal\/wp-json\/wp\/v2\/categories?post=38131"},{"taxonomy":"post_tag","embeddable":true,"href":"https:\/\/losperiodistas.com.mx\/portal\/wp-json\/wp\/v2\/tags?post=38131"}],"curies":[{"name":"wp","href":"https:\/\/api.w.org\/{rel}","templated":true}]}}