{"id":38113,"date":"2022-09-30T15:06:14","date_gmt":"2022-09-30T20:06:14","guid":{"rendered":"http:\/\/losperiodistas.com.mx\/portal\/?p=38113"},"modified":"2022-09-30T15:06:16","modified_gmt":"2022-09-30T20:06:16","slug":"designa-congreso-del-estado-a-carlos-palafox-galeana-como-magistrado-del-tsj-municipios","status":"publish","type":"post","link":"https:\/\/losperiodistas.com.mx\/portal\/designa-congreso-del-estado-a-carlos-palafox-galeana-como-magistrado-del-tsj-municipios\/","title":{"rendered":"Designa Congreso del Estado a Carlos Palafox Galeana como magistrado del TSJ | Municipios"},"content":{"rendered":"\n<p class=\"has-medium-font-size\">Tambi\u00e9n se eligi\u00f3 como magistrada a Araceli Cabido Vaillard<\/p>\n\n\n\n<p><\/p>\n\n\n\n<figure class=\"wp-block-image size-full is-style-default\"><img fetchpriority=\"high\" decoding=\"async\" width=\"792\" height=\"529\" src=\"https:\/\/losperiodistas.com.mx\/portal\/wp-content\/uploads\/2022\/09\/carlos1_2.jpeg\" alt=\"\" class=\"wp-image-38114\" srcset=\"https:\/\/losperiodistas.com.mx\/portal\/wp-content\/uploads\/2022\/09\/carlos1_2.jpeg 792w, https:\/\/losperiodistas.com.mx\/portal\/wp-content\/uploads\/2022\/09\/carlos1_2-300x200.jpeg 300w, https:\/\/losperiodistas.com.mx\/portal\/wp-content\/uploads\/2022\/09\/carlos1_2-768x513.jpeg 768w\" sizes=\"(max-width: 792px) 100vw, 792px\" \/><figcaption>Foto Especial<\/figcaption><\/figure>\n\n\n\n<p class=\"has-vivid-cyan-blue-color has-text-color has-medium-font-size\">MUNICIPIOS<\/p>\n\n\n\n<p>Puebla, Pue.- Con&nbsp;<strong>32 votos a favor, el Pleno del Congreso del Estado de Puebla<\/strong>&nbsp;design\u00f3 a&nbsp;<strong>Carlos Palafox Galeana<\/strong>&nbsp;como el&nbsp;<strong>nuevo magistrado del Tribunal Superior de Justicia (TSJ).<\/strong><\/p>\n\n\n\n<p><a href=\"https:\/\/municipiospuebla.mx\/nota\/2022-09-21\/puebla\/encabeza-carlos-palafox-ternas-para-nuevos-magistrados-del-tsj\">Encabeza Carlos Palafox ternas para nuevos magistrados del TSJ<\/a><a href=\"https:\/\/municipiospuebla.mx\/nota\/2022-01-03\/puebla\/releva-barbosa-ricardo-vel%C3%A1zquez-por-carlos-palafox-en-consejer%C3%ADa-jur%C3%ADdica\">Releva Barbosa a Ricardo Vel\u00e1zquez por Carlos Palafox en Consejer\u00eda Jur\u00eddica<\/a><\/p>\n\n\n\n<p>De esta manera, el\u00a0<strong>legislativo design\u00f3 por mayor\u00eda de votos a Carlos Palafox, como magistrado del TSJ<\/strong>, a pesar que hasta este d\u00eda se desempe\u00f1\u00f3 como consejero jur\u00eddico del\u00a0<strong>gobernador Luis Miguel Barbosa Huerta<\/strong>.<\/p>\n\n\n\n<p>Tambi\u00e9n se\u00a0<strong>eligi\u00f3 como magistrada a Araceli Cabido Vaillard<\/strong>, quien fue\u00a0<strong>directora del Instituto Nacional para la Evaluaci\u00f3n de la Educaci\u00f3n (DINEE) en Veracruz.<\/strong><\/p>\n\n\n\n<figure class=\"wp-block-embed is-type-rich is-provider-twitter wp-block-embed-twitter\"><div class=\"wp-block-embed__wrapper\">\n<blockquote class=\"twitter-tweet\" data-width=\"500\" data-dnt=\"true\"><p lang=\"es\" dir=\"ltr\"><a href=\"https:\/\/twitter.com\/hashtag\/%C3%9AltimaHora?src=hash&amp;ref_src=twsrc%5Etfw\">#\u00daltimaHora<\/a> | Con 32 votos a favor, el Pleno del <a href=\"https:\/\/twitter.com\/CongresoPue?ref_src=twsrc%5Etfw\">@CongresoPue<\/a> design\u00f3 a Carlos Palafox Galeana como el nuevo magistrado de @htsjpuebla <a href=\"https:\/\/twitter.com\/hashtag\/Puebla?src=hash&amp;ref_src=twsrc%5Etfw\">#Puebla<\/a><br><br>Visita los contenidos de <br> <a href=\"https:\/\/t.co\/P5o0KwZHM8\">https:\/\/t.co\/P5o0KwZHM8<\/a> <a href=\"https:\/\/t.co\/14BanjWAFo\">pic.twitter.com\/14BanjWAFo<\/a><\/p>&mdash; Municipios Puebla (@MunicipiosPue) <a href=\"https:\/\/twitter.com\/MunicipiosPue\/status\/1575912137419112458?ref_src=twsrc%5Etfw\">September 30, 2022<\/a><\/blockquote><script async src=\"https:\/\/platform.twitter.com\/widgets.js\" charset=\"utf-8\"><\/script>\n<\/div><\/figure>\n\n\n\n<p>Desde hace una semana, el actual&nbsp;<strong>consejero jur\u00eddico del Gobierno del Estado, Carlos Palafox<\/strong>&nbsp;destac\u00f3 entre las dos ternas que envi\u00f3 el&nbsp;<strong>gobernador Miguel Barbosa Huerta al Congreso local<\/strong>&nbsp;para cubrir las vacantes de&nbsp;<strong>magistrados en el Poder Judicial<\/strong>.<\/p>\n\n\n\n<p>Fuente: https:\/\/municipiospuebla.mx\/nota\/2022-09-30\/puebla\/video-designa-congreso-del-estado-carlos-palafox-galeana-como-magistrado-del<\/p>\n","protected":false},"excerpt":{"rendered":"<p>Tambi\u00e9n se eligi\u00f3 como magistrada a Araceli Cabido Vaillard MUNICIPIOS Puebla, Pue.- Con&nbsp;32 votos a favor, el Pleno del Congreso [&hellip;]<\/p>\n","protected":false},"author":1,"featured_media":38114,"comment_status":"open","ping_status":"open","sticky":false,"template":"","format":"standard","meta":{"site-sidebar-layout":"default","site-content-layout":"","ast-site-content-layout":"default","site-content-style":"default","site-sidebar-style":"default","ast-global-header-display":"","ast-banner-title-visibility":"","ast-main-header-display":"","ast-hfb-above-header-display":"","ast-hfb-below-header-display":"","ast-hfb-mobile-header-display":"","site-post-title":"","ast-breadcrumbs-content":"","ast-featured-img":"","footer-sml-layout":"","theme-transparent-header-meta":"","adv-header-id-meta":"","stick-header-meta":"","header-above-stick-meta":"","header-main-stick-meta":"","header-below-stick-meta":"","astra-migrate-meta-layouts":"default","ast-page-background-enabled":"default","ast-page-background-meta":{"desktop":{"background-color":"var(--ast-global-color-4)","background-image":"","background-repeat":"repeat","background-position":"center center","background-size":"auto","background-attachment":"scroll","background-type":"","background-media":"","overlay-type":"","overlay-color":"","overlay-opacity":"","overlay-gradient":""},"tablet":{"background-color":"","background-image":"","background-repeat":"repeat","background-position":"center center","background-size":"auto","background-attachment":"scroll","background-type":"","background-media":"","overlay-type":"","overlay-color":"","overlay-opacity":"","overlay-gradient":""},"mobile":{"background-color":"","background-image":"","background-repeat":"repeat","background-position":"center center","background-size":"auto","background-attachment":"scroll","background-type":"","background-media":"","overlay-type":"","overlay-color":"","overlay-opacity":"","overlay-gradient":""}},"ast-content-background-meta":{"desktop":{"background-color":"var(--ast-global-color-5)","background-image":"","background-repeat":"repeat","background-position":"center center","background-size":"auto","background-attachment":"scroll","background-type":"","background-media":"","overlay-type":"","overlay-color":"","overlay-opacity":"","overlay-gradient":""},"tablet":{"background-color":"var(--ast-global-color-5)","background-image":"","background-repeat":"repeat","background-position":"center center","background-size":"auto","background-attachment":"scroll","background-type":"","background-media":"","overlay-type":"","overlay-color":"","overlay-opacity":"","overlay-gradient":""},"mobile":{"background-color":"var(--ast-global-color-5)","background-image":"","background-repeat":"repeat","background-position":"center center","background-size":"auto","background-attachment":"scroll","background-type":"","background-media":"","overlay-type":"","overlay-color":"","overlay-opacity":"","overlay-gradient":""}},"footnotes":""},"categories":[8],"tags":[12853,12687],"class_list":["post-38113","post","type-post","status-publish","format-standard","has-post-thumbnail","hentry","category-noticias","tag-carlos-palafox-galeana","tag-tsj-puebla"],"_links":{"self":[{"href":"https:\/\/losperiodistas.com.mx\/portal\/wp-json\/wp\/v2\/posts\/38113","targetHints":{"allow":["GET"]}}],"collection":[{"href":"https:\/\/losperiodistas.com.mx\/portal\/wp-json\/wp\/v2\/posts"}],"about":[{"href":"https:\/\/losperiodistas.com.mx\/portal\/wp-json\/wp\/v2\/types\/post"}],"author":[{"embeddable":true,"href":"https:\/\/losperiodistas.com.mx\/portal\/wp-json\/wp\/v2\/users\/1"}],"replies":[{"embeddable":true,"href":"https:\/\/losperiodistas.com.mx\/portal\/wp-json\/wp\/v2\/comments?post=38113"}],"version-history":[{"count":1,"href":"https:\/\/losperiodistas.com.mx\/portal\/wp-json\/wp\/v2\/posts\/38113\/revisions"}],"predecessor-version":[{"id":38115,"href":"https:\/\/losperiodistas.com.mx\/portal\/wp-json\/wp\/v2\/posts\/38113\/revisions\/38115"}],"wp:featuredmedia":[{"embeddable":true,"href":"https:\/\/losperiodistas.com.mx\/portal\/wp-json\/wp\/v2\/media\/38114"}],"wp:attachment":[{"href":"https:\/\/losperiodistas.com.mx\/portal\/wp-json\/wp\/v2\/media?parent=38113"}],"wp:term":[{"taxonomy":"category","embeddable":true,"href":"https:\/\/losperiodistas.com.mx\/portal\/wp-json\/wp\/v2\/categories?post=38113"},{"taxonomy":"post_tag","embeddable":true,"href":"https:\/\/losperiodistas.com.mx\/portal\/wp-json\/wp\/v2\/tags?post=38113"}],"curies":[{"name":"wp","href":"https:\/\/api.w.org\/{rel}","templated":true}]}}