{"id":38097,"date":"2022-09-30T12:10:00","date_gmt":"2022-09-30T17:10:00","guid":{"rendered":"http:\/\/losperiodistas.com.mx\/portal\/?p=38097"},"modified":"2022-09-30T11:17:50","modified_gmt":"2022-09-30T16:17:50","slug":"fabricantes-de-hoyuelos-sujetadores-que-se-hinchan-y-otros-extranos-productos-de-belleza-del-pasado-acyv","status":"publish","type":"post","link":"https:\/\/losperiodistas.com.mx\/portal\/fabricantes-de-hoyuelos-sujetadores-que-se-hinchan-y-otros-extranos-productos-de-belleza-del-pasado-acyv\/","title":{"rendered":"Fabricantes de hoyuelos, sujetadores que se hinchan y otros extra\u00f1os productos de belleza del pasado | ACyV"},"content":{"rendered":"\n<p class=\"has-medium-font-size\">Dicen que para presumir hay que sufrir, pero estos objetos pensados para potenciar o erradicar partes del cuerpo, pod\u00edan poner en peligro la salud<\/p>\n\n\n\n<p><\/p>\n\n\n\n<figure class=\"wp-block-image size-large is-style-default\"><img fetchpriority=\"high\" decoding=\"async\" width=\"1024\" height=\"768\" src=\"https:\/\/losperiodistas.com.mx\/portal\/wp-content\/uploads\/2022\/09\/f.elconfidencial.com_original_820_e3c_165_820e3c165e21bab6c6cc3ff90650c536-1024x768.jpg\" alt=\"\" class=\"wp-image-38098\" srcset=\"https:\/\/losperiodistas.com.mx\/portal\/wp-content\/uploads\/2022\/09\/f.elconfidencial.com_original_820_e3c_165_820e3c165e21bab6c6cc3ff90650c536-1024x768.jpg 1024w, https:\/\/losperiodistas.com.mx\/portal\/wp-content\/uploads\/2022\/09\/f.elconfidencial.com_original_820_e3c_165_820e3c165e21bab6c6cc3ff90650c536-300x225.jpg 300w, https:\/\/losperiodistas.com.mx\/portal\/wp-content\/uploads\/2022\/09\/f.elconfidencial.com_original_820_e3c_165_820e3c165e21bab6c6cc3ff90650c536-768x576.jpg 768w, https:\/\/losperiodistas.com.mx\/portal\/wp-content\/uploads\/2022\/09\/f.elconfidencial.com_original_820_e3c_165_820e3c165e21bab6c6cc3ff90650c536.jpg 1200w\" sizes=\"(max-width: 1024px) 100vw, 1024px\" \/><figcaption>Una mujer llevando el curioso invento de Isabella Gilbert. (Wikimedia commons)<\/figcaption><\/figure>\n\n\n\n<p class=\"has-vivid-cyan-blue-color has-text-color has-medium-font-size\">ADA NU\u00d1O \/ ACyV<\/p>\n\n\n\n<p>Si ha habido una constante&nbsp;<a href=\"https:\/\/www.elconfidencial.com\/alma-corazon-vida\/2022-04-19\/vuelto-antiguos-rituales-belleza-razones-historia_3409995\/\" target=\"_blank\" rel=\"noreferrer noopener\">a lo largo de la historia,<\/a>&nbsp;ha sido justamente esa necesidad del ser humano de querer seguir siendo bello y joven. Dicha obsesi\u00f3n no solo forma parte de los cuentos de hadas, sino que desde mucho<strong>&nbsp;antes de que la cirug\u00eda est\u00e9tica formase parte de nuestras vidas<\/strong>, los que nos precedieron ya hab\u00edan inventado curiosos artilugios para potenciar lo que se consideraba atractivo en aquellos momentos. Y, como para presumir hay que sufrir, algunos de estos inventos pon\u00edan en riesgo la salud (o incluso la vida).<\/p>\n\n\n\n<p>Hemos hablado en otras ocasiones de los pies de loto chinos, el ars\u00e9nico cl\u00e1sico de la \u00e9poca victoriana o la moda por la cojera que impuso la princesa Alejandra de Gales.&nbsp;<strong>Hoy continuamos con algunos productos bastante incre\u00edbles<\/strong>&nbsp;que se patentaron, en la mayor\u00eda de las ocasiones, hace menos de un siglo, y cuya intenci\u00f3n era erradicar o dotar al cuerpo de lo que establec\u00eda el canon de la \u00e9poca. A veces, por supuesto, con desastroso resultado.<\/p>\n\n\n\n<figure class=\"wp-block-image is-style-default\"><img decoding=\"async\" src=\"https:\/\/images.ecestaticos.com\/WSiXLbMN4x_EsgDnbehYGuM2yiA=\/68x103:1876x1459\/1200x900\/filters:fill(white):format(jpg)\/f.elconfidencial.com%2Foriginal%2F07b%2Fd05%2F8b2%2F07bd058b2bbb3b1afbb98b5b544ff52c.jpg\" alt=\"Foto: Fuente: iStock.\"\/><\/figure>\n\n\n\n<p><a href=\"https:\/\/www.elconfidencial.com\/alma-corazon-vida\/2021-06-18\/arsenico-vendaje-pies-modas-extranas-historia_3136943\/\">Ars\u00e9nico, mercurio y vendajes en los pies: las modas m\u00e1s extra\u00f1as de la historia<\/a> Ada Nu\u00f1o<\/p>\n\n\n\n<h2 class=\"wp-block-heading\">Fabricantes de hoyuelos<\/h2>\n\n\n\n<p><strong>Son una marca de belleza, pero no todo el mundo los posee<\/strong>. Aunque eso no pareci\u00f3 a priori un problema para la se\u00f1ora E. Isabella Gilbert cuando en 1936 patent\u00f3 un dispositivo que serv\u00eda para &#8216;fabricarlos&#8217;. \u00ab\u00dasalos durante cinco minutos, dos o tres veces al d\u00eda, mientras te vistes, descansas, lees o escribes. M\u00edrate en el espejo y sonr\u00ede. Se acabar\u00e1n haciendo\u00bb.<\/p>\n\n\n\n<p>Seg\u00fan explica &#8216;<a href=\"http:\/\/www.weirduniverse.net\/blog\/comments\/dimple_maker\" target=\"_blank\" rel=\"noreferrer noopener\">Weird Universe<\/a>&#8216;, la Asociaci\u00f3n M\u00e9dica Estadounidense tuvo que aclarar pasado un tiempo que el fabricante de hoyuelos ni los hac\u00eda ni agrandaba los originales. Afirm\u00f3 tambi\u00e9n que el uso prolongado del dispositivo en realidad&nbsp;<strong>pod\u00eda causar c\u00e1ncer<\/strong>, lo que contribuy\u00f3 a que muchas de sus usuarias los descartasen por completo.<\/p>\n\n\n\n<h2 class=\"wp-block-heading\">Eliminador de pecas<\/h2>\n\n\n\n<p>Igual que algunas promet\u00edan hacer hoyuelos,\u00a0<strong>otros hablaban de eliminar las pecas.\u00a0<\/strong>Aunque a d\u00eda de hoy se consideran algo bonito, pues aportan a la cara cierto toque candoroso e infantil, en otros momentos fueron consideradas un signo de fealdad, que, por suerte, pod\u00eda quitarse: en la d\u00e9cada de los a\u00f1os 30,<a href=\"https:\/\/historycollection.com\/18-old-fashioned-medical-devices-that-belonged-in-horror-movies\/15\/\" target=\"_blank\" rel=\"noreferrer noopener\">\u00a0el m\u00e9dico italiano M. Matarasso<\/a>\u00a0fue pionero en un m\u00e9todo para eliminar las pecas que literalmente requer\u00eda \u00abcongelarlas y sacarlas de la cara\u00bb.<\/p>\n\n\n\n<figure class=\"wp-block-image size-large is-style-default\"><img decoding=\"async\" width=\"1024\" height=\"633\" src=\"https:\/\/losperiodistas.com.mx\/portal\/wp-content\/uploads\/2022\/09\/Captura-de-Pantalla-2022-09-30-a-las-11.13.52-1024x633.jpg\" alt=\"\" class=\"wp-image-38100\" srcset=\"https:\/\/losperiodistas.com.mx\/portal\/wp-content\/uploads\/2022\/09\/Captura-de-Pantalla-2022-09-30-a-las-11.13.52-1024x633.jpg 1024w, https:\/\/losperiodistas.com.mx\/portal\/wp-content\/uploads\/2022\/09\/Captura-de-Pantalla-2022-09-30-a-las-11.13.52-300x186.jpg 300w, https:\/\/losperiodistas.com.mx\/portal\/wp-content\/uploads\/2022\/09\/Captura-de-Pantalla-2022-09-30-a-las-11.13.52-768x475.jpg 768w, https:\/\/losperiodistas.com.mx\/portal\/wp-content\/uploads\/2022\/09\/Captura-de-Pantalla-2022-09-30-a-las-11.13.52.jpg 1290w\" sizes=\"(max-width: 1024px) 100vw, 1024px\" \/><\/figure>\n\n\n\n<p>Congelaba un parche con<strong>&nbsp;di\u00f3xido de carbono o hielo seco y luego usaba un peque\u00f1o dispositivo similar<\/strong>&nbsp;a una daga para aflojar y quitar la pigmentaci\u00f3n de la cara. En una semana o dos, la piel sanar\u00eda sin pecas. El procedimiento es similar a c\u00f3mo se tratan las verrugas plantares y regulares, con nitr\u00f3geno l\u00edquido u otro elemento de congelaci\u00f3n aplicado en un proceso llamado crioterapia. No solo el aparato daba bastante miedo, sino que la crioterapia era (y es) muy dolorosa, por la aplicaci\u00f3n del fr\u00edo y la posterior muerte del tejido.<\/p>\n\n\n\n<h2 class=\"wp-block-heading\">M\u00e1scara facial victoriana<\/h2>\n\n\n\n<p>Probablemente,\u00a0<strong>protagoniz\u00f3 muchas par\u00e1lisis del sue\u00f1o.\u00a0<\/strong>Patentada en 1875, se ataba a la cabeza de la mujer durante la noche (y deb\u00eda hacerse tres noches por semana). Estaba hecha de caucho flexible de la India y pod\u00eda rellenarse, si se quer\u00eda, con todo tipo de ung\u00fcentos o decolorantes para tratar la piel. El prop\u00f3sito era que la cara sudase toda la noche para aliviar los poros y la circulaci\u00f3n superficial.<\/p>\n\n\n\n<figure class=\"wp-block-image size-large is-style-default\"><img decoding=\"async\" width=\"1024\" height=\"630\" src=\"https:\/\/losperiodistas.com.mx\/portal\/wp-content\/uploads\/2022\/09\/Captura-de-Pantalla-2022-09-30-a-las-11.12.34-1024x630.jpg\" alt=\"\" class=\"wp-image-38099\" srcset=\"https:\/\/losperiodistas.com.mx\/portal\/wp-content\/uploads\/2022\/09\/Captura-de-Pantalla-2022-09-30-a-las-11.12.34-1024x630.jpg 1024w, https:\/\/losperiodistas.com.mx\/portal\/wp-content\/uploads\/2022\/09\/Captura-de-Pantalla-2022-09-30-a-las-11.12.34-300x185.jpg 300w, https:\/\/losperiodistas.com.mx\/portal\/wp-content\/uploads\/2022\/09\/Captura-de-Pantalla-2022-09-30-a-las-11.12.34-768x473.jpg 768w, https:\/\/losperiodistas.com.mx\/portal\/wp-content\/uploads\/2022\/09\/Captura-de-Pantalla-2022-09-30-a-las-11.12.34.jpg 1300w\" sizes=\"(max-width: 1024px) 100vw, 1024px\" \/><\/figure>\n\n\n\n<p><strong>Su inventora, Helen Rowley, afirm\u00f3 que pod\u00eda ser utilizada&nbsp;<\/strong>por muchas personas con mal cutis, erupciones cut\u00e1neas, espinillas, manchas, etc\u00e9tera. Adquiri\u00f3 tanta fama que pronto surgieron competidoras: una estaba hecha de franela, otra de gamuza y sat\u00e9n. Si no pod\u00edan adquirir ninguna de estas mascarillas, se cubr\u00edan la cara con capas de carne de ternera cruda antes de acostarse. Nada muy raro en una \u00e9poca en la que se usaba maquillaje de plomo, belladona o jab\u00f3n de ars\u00e9nico, entre otras.<\/p>\n\n\n\n<h2 class=\"wp-block-heading\">Las m\u00e1scaras no mejoran&#8230;<\/h2>\n\n\n\n<p>Si a d\u00eda de hoy son uno de los productos m\u00e1s solicitados, y en la Antig\u00fcedad cuentan que&nbsp;<strong>Cleopatra se ba\u00f1aba en leche de burra<\/strong>&nbsp;para conservar la juventud, es natural pensar que el seguimiento ha sido constante. La m\u00e1scara victoriana daba pesadillas, sin duda, pero la patentada en 1910 que recoge &#8216;<a href=\"https:\/\/www.vintag.es\/2021\/10\/cosmetic-masks.html\" target=\"_blank\" rel=\"noreferrer noopener\">Vintag<\/a>&#8216; no era mucho m\u00e1s halag\u00fce\u00f1a.<\/p>\n\n\n\n<p><strong><em>Hecha de caucho vulcanizado y patentada en 1910, se supon\u00eda que mejoraba puntos negros, arrugas, seborrea, congesti\u00f3n y todas las erupciones cut\u00e1neas habituales<\/em><\/strong><\/p>\n\n\n\n<p><strong>Hecha de caucho vulcanizado,<\/strong>&nbsp;se supon\u00eda que mejoraba puntos negros, arrugas, seborrea, congesti\u00f3n y todas las erupciones cut\u00e1neas habituales, por lo que pod\u00eda colocarse en la cara de muy diferentes maneras: como un antifaz o, directamente, a modo de pasamonta\u00f1as.<\/p>\n\n\n\n<h2 class=\"wp-block-heading\">Sujetadores inflables<\/h2>\n\n\n\n<p>Cuando eres Marilyn Monroe no tienes que preocuparte mucho por tus curvas. Pero si Dios no te ha dado tanto pecho como el que pudieras desear, siempre habr\u00e1 alg\u00fan \u00e1ngel de la guarda que pueda ayudarte. En los a\u00f1os 50,\u00a0<a href=\"https:\/\/www.dailymail.co.uk\/femail\/article-7352399\/Vintage-images-1950s-women-donning-inflatable-bras-look-like-Marilyn-Monroe.html\" target=\"_blank\" rel=\"noreferrer noopener\">la marca de lencer\u00eda estadounidense<\/a>\u00a0&#8216;<strong>La Resista Corset Co<\/strong>&#8216; de Connecticut tuvo la soluci\u00f3n para todas aquellas mujeres que quer\u00edan parecerse a la Tentaci\u00f3n rubia:\u00a0<strong>Tr\u00e9s Secrete.<\/strong>\u00a0Un incre\u00edble sost\u00e9n con almohadillas de pl\u00e1stico dentro de las copas que pod\u00edan inflarse con una pajita, lo que permit\u00eda que las mujeres aumentasen el tama\u00f1o de sus copas (y sus pechos, claro) en segundos. Curioso, cuando menos.<\/p>\n\n\n\n<p>Fuente: https:\/\/www.elconfidencial.com\/alma-corazon-vida\/2022-09-30\/fabricantes-hoyuelos-sujetadores-productos-belleza_3498023\/<\/p>\n","protected":false},"excerpt":{"rendered":"<p>Dicen que para presumir hay que sufrir, pero estos objetos pensados para potenciar o erradicar partes del cuerpo, pod\u00edan poner [&hellip;]<\/p>\n","protected":false},"author":1,"featured_media":38098,"comment_status":"open","ping_status":"open","sticky":false,"template":"","format":"standard","meta":{"site-sidebar-layout":"default","site-content-layout":"","ast-site-content-layout":"default","site-content-style":"default","site-sidebar-style":"default","ast-global-header-display":"","ast-banner-title-visibility":"","ast-main-header-display":"","ast-hfb-above-header-display":"","ast-hfb-below-header-display":"","ast-hfb-mobile-header-display":"","site-post-title":"","ast-breadcrumbs-content":"","ast-featured-img":"","footer-sml-layout":"","theme-transparent-header-meta":"","adv-header-id-meta":"","stick-header-meta":"","header-above-stick-meta":"","header-main-stick-meta":"","header-below-stick-meta":"","astra-migrate-meta-layouts":"default","ast-page-background-enabled":"default","ast-page-background-meta":{"desktop":{"background-color":"var(--ast-global-color-4)","background-image":"","background-repeat":"repeat","background-position":"center center","background-size":"auto","background-attachment":"scroll","background-type":"","background-media":"","overlay-type":"","overlay-color":"","overlay-opacity":"","overlay-gradient":""},"tablet":{"background-color":"","background-image":"","background-repeat":"repeat","background-position":"center center","background-size":"auto","background-attachment":"scroll","background-type":"","background-media":"","overlay-type":"","overlay-color":"","overlay-opacity":"","overlay-gradient":""},"mobile":{"background-color":"","background-image":"","background-repeat":"repeat","background-position":"center center","background-size":"auto","background-attachment":"scroll","background-type":"","background-media":"","overlay-type":"","overlay-color":"","overlay-opacity":"","overlay-gradient":""}},"ast-content-background-meta":{"desktop":{"background-color":"var(--ast-global-color-5)","background-image":"","background-repeat":"repeat","background-position":"center center","background-size":"auto","background-attachment":"scroll","background-type":"","background-media":"","overlay-type":"","overlay-color":"","overlay-opacity":"","overlay-gradient":""},"tablet":{"background-color":"var(--ast-global-color-5)","background-image":"","background-repeat":"repeat","background-position":"center center","background-size":"auto","background-attachment":"scroll","background-type":"","background-media":"","overlay-type":"","overlay-color":"","overlay-opacity":"","overlay-gradient":""},"mobile":{"background-color":"var(--ast-global-color-5)","background-image":"","background-repeat":"repeat","background-position":"center center","background-size":"auto","background-attachment":"scroll","background-type":"","background-media":"","overlay-type":"","overlay-color":"","overlay-opacity":"","overlay-gradient":""}},"footnotes":""},"categories":[8],"tags":[7390,12845,12846,12848,12851,12849,12847],"class_list":["post-38097","post","type-post","status-publish","format-standard","has-post-thumbnail","hentry","category-noticias","tag-cosmetica","tag-eliinador-de-pecas","tag-estetica-femenina","tag-hoyuelos","tag-mascara-facial-victoriana","tag-mejillas","tag-sujetadores"],"_links":{"self":[{"href":"https:\/\/losperiodistas.com.mx\/portal\/wp-json\/wp\/v2\/posts\/38097","targetHints":{"allow":["GET"]}}],"collection":[{"href":"https:\/\/losperiodistas.com.mx\/portal\/wp-json\/wp\/v2\/posts"}],"about":[{"href":"https:\/\/losperiodistas.com.mx\/portal\/wp-json\/wp\/v2\/types\/post"}],"author":[{"embeddable":true,"href":"https:\/\/losperiodistas.com.mx\/portal\/wp-json\/wp\/v2\/users\/1"}],"replies":[{"embeddable":true,"href":"https:\/\/losperiodistas.com.mx\/portal\/wp-json\/wp\/v2\/comments?post=38097"}],"version-history":[{"count":1,"href":"https:\/\/losperiodistas.com.mx\/portal\/wp-json\/wp\/v2\/posts\/38097\/revisions"}],"predecessor-version":[{"id":38101,"href":"https:\/\/losperiodistas.com.mx\/portal\/wp-json\/wp\/v2\/posts\/38097\/revisions\/38101"}],"wp:featuredmedia":[{"embeddable":true,"href":"https:\/\/losperiodistas.com.mx\/portal\/wp-json\/wp\/v2\/media\/38098"}],"wp:attachment":[{"href":"https:\/\/losperiodistas.com.mx\/portal\/wp-json\/wp\/v2\/media?parent=38097"}],"wp:term":[{"taxonomy":"category","embeddable":true,"href":"https:\/\/losperiodistas.com.mx\/portal\/wp-json\/wp\/v2\/categories?post=38097"},{"taxonomy":"post_tag","embeddable":true,"href":"https:\/\/losperiodistas.com.mx\/portal\/wp-json\/wp\/v2\/tags?post=38097"}],"curies":[{"name":"wp","href":"https:\/\/api.w.org\/{rel}","templated":true}]}}