{"id":38093,"date":"2022-09-30T11:07:02","date_gmt":"2022-09-30T16:07:02","guid":{"rendered":"http:\/\/losperiodistas.com.mx\/portal\/?p=38093"},"modified":"2022-09-30T11:07:04","modified_gmt":"2022-09-30T16:07:04","slug":"la-ue-condena-la-anexion-de-putin-no-reconoceremos-y-nunca-reconoceremos-el-confidencial","status":"publish","type":"post","link":"https:\/\/losperiodistas.com.mx\/portal\/la-ue-condena-la-anexion-de-putin-no-reconoceremos-y-nunca-reconoceremos-el-confidencial\/","title":{"rendered":"La UE condena la anexi\u00f3n de Putin: \u201cNo reconoceremos y nunca reconoceremos\u201d | El Confidencial"},"content":{"rendered":"\n<p class=\"has-medium-font-size\">Los Veintisiete condenan la anexi\u00f3n de los territorios ucranianos por parte de Rusia. \u201cTodos los territorios ocupados ilegalmente por los invasores rusos son tierras ucranianas\u201d, asegura Von der Leyen<\/p>\n\n\n\n<figure class=\"wp-block-image size-large is-style-default\"><img fetchpriority=\"high\" decoding=\"async\" width=\"1024\" height=\"768\" src=\"https:\/\/losperiodistas.com.mx\/portal\/wp-content\/uploads\/2022\/09\/f.elconfidencial.com_original_3c2_45d_f52_3c245df527daebb9e0cebfa463454372-1024x768.jpg\" alt=\"\" class=\"wp-image-38094\" srcset=\"https:\/\/losperiodistas.com.mx\/portal\/wp-content\/uploads\/2022\/09\/f.elconfidencial.com_original_3c2_45d_f52_3c245df527daebb9e0cebfa463454372-1024x768.jpg 1024w, https:\/\/losperiodistas.com.mx\/portal\/wp-content\/uploads\/2022\/09\/f.elconfidencial.com_original_3c2_45d_f52_3c245df527daebb9e0cebfa463454372-300x225.jpg 300w, https:\/\/losperiodistas.com.mx\/portal\/wp-content\/uploads\/2022\/09\/f.elconfidencial.com_original_3c2_45d_f52_3c245df527daebb9e0cebfa463454372-768x576.jpg 768w, https:\/\/losperiodistas.com.mx\/portal\/wp-content\/uploads\/2022\/09\/f.elconfidencial.com_original_3c2_45d_f52_3c245df527daebb9e0cebfa463454372.jpg 1200w\" sizes=\"(max-width: 1024px) 100vw, 1024px\" \/><figcaption>La presidenta de la Comisi\u00f3n Europea, Ursula von der Leyen (EFE\/Stephanie Lecocq)<\/figcaption><\/figure>\n\n\n\n<p class=\"has-vivid-cyan-blue-color has-text-color has-medium-font-size\">NACHO ALARC\u00d3N \/ Bruselas \/ EL CONFIDENCIAL<\/p>\n\n\n\n<p>La Uni\u00f3n Europea ha reaccionado inmediatamente al discurso del presidente ruso Vlad\u00edmir Putin rechazando los&nbsp;<a href=\"https:\/\/www.elconfidencial.com\/mundo\/2022-09-25\/democracia-autocracia-referendums-putin-ucrania_3495919\/\">refer\u00e9ndums ilegales, la anexi\u00f3n y la escalada<\/a>&nbsp;del conflicto desde que se anunciara la intenci\u00f3n de celebrar las<strong>&nbsp;falsas votaciones<\/strong>&nbsp;y el Kremlin decidiera decretar la movilizaci\u00f3n parcial.<\/p>\n\n\n\n<p>\u201cRechazamos firmemente y condenamos inequ\u00edvocamente la&nbsp;<a href=\"https:\/\/www.elconfidencial.com\/mundo\/2022-09-25\/democracia-autocracia-referendums-putin-ucrania_3495919\/\">anexi\u00f3n ilegal<\/a>&nbsp;por parte de Rusia de las regiones ucranianas de Donetsk, Luhansk, Zaporiya y Jers\u00f3n\u201d, han se\u00f1alado en un comunicado conjunto los 27 jefes de Estado y de Gobierno de la Uni\u00f3n Europea y de la presidenta de la Comisi\u00f3n Europea, acusando a Vlad\u00edmir Putin de \u201csocavar deliberadamente el orden internacional\u201d y de&nbsp;<strong>\u201cviolar descaradamente los derechos fundamentales<\/strong>&nbsp;de Ucrania\u201d. \u201cRusia est\u00e1 poniendo en peligro la seguridad mundial. (&#8230;) Crimea, Jers\u00f3n, Zaporiya, Donetsk y Lugansk son Ucrania\u201d, se\u00f1ala el comunicado.<\/p>\n\n\n\n<figure class=\"wp-block-image is-style-default\"><img decoding=\"async\" src=\"https:\/\/images.ecestaticos.com\/RsvZ2gwT_3uMiyshIv6RO-PrZWs=\/0x0:2272x1514\/1200x900\/filters:fill(white):format(jpg)\/f.elconfidencial.com%2Foriginal%2F89c%2F852%2Feb7%2F89c852eb7cfde909c874910653e9780d.jpg\" alt=\"Foto: El presidente de Rusia, Vladimir Putin. (Reuters\/ Gavriil Grigorov)\"\/><\/figure>\n\n\n\n<p><a href=\"https:\/\/www.elconfidencial.com\/mundo\/2022-09-25\/democracia-autocracia-referendums-putin-ucrania_3495919\/\">Usar la &#8216;democracia&#8217; para salvar la autocracia: con los refer\u00e9ndums, Putin busca una salida<\/a>Daniel Iriarte<\/p>\n\n\n\n<p>\u201cLa&nbsp;<a href=\"https:\/\/www.elconfidencial.com\/mundo\/2022-09-25\/democracia-autocracia-referendums-putin-ucrania_3495919\/\">anexi\u00f3n anunciada de territorios ucranianos<\/a>&nbsp;por parte de Rusia es una violaci\u00f3n importante del derecho internacional y una violaci\u00f3n de la Carta de la ONU. Ning\u00fan falso refer\u00e9ndum puede justificarlo. La integridad territorial y la soberan\u00eda de Ucrania<strong>&nbsp;no son negociables\u201d<\/strong>, ha se\u00f1alado por su parte Josep Borrell, Alto Representante de la Uni\u00f3n Europea para Pol\u00edtica Exterior y de Seguridad, a\u00f1adiendo que el&nbsp;<strong>apoyo europeo a Kiev es \u201cinquebrantable\u201d.<\/strong><\/p>\n\n\n\n<p>\u201cNo reconocemos y nunca reconoceremos los&nbsp;<a href=\"https:\/\/www.elconfidencial.com\/mundo\/2022-09-29\/observador-espanol-referendums-prorrusos-donbas_3497584\/\">refer\u00e9ndums ilegales que Rusia ha dise\u00f1ado<\/a>&nbsp;como pretexto para esta nueva violaci\u00f3n de la independencia, soberan\u00eda e integridad territorial de Ucrania, ni sus resultados falsificados e ilegales\u201d, se\u00f1ala el comunicado del Consejo Europeo, el foro que re\u00fane a los l\u00edderes de la Uni\u00f3n, subrayando que las acciones del Kremlin \u201cson nulas\u201d y \u201cno pueden producir efecto legal alguno\u201d. \u201c<strong>La anexi\u00f3n ilegal proclamada por Putin no cambiar\u00e1 nada.&nbsp;<\/strong>Todos los territorios ocupados ilegalmente por los invasores rusos son tierras ucranianas y siempre ser\u00e1n parte de esta naci\u00f3n soberana\u201d, ha se\u00f1alado Ursula von der Leyen, presidenta del Ejecutivo comunitario.<\/p>\n\n\n\n<figure class=\"wp-block-image is-style-default\"><img decoding=\"async\" src=\"https:\/\/images.ecestaticos.com\/kq3kl1OQBKshF61KRHJw8NIsPxw=\/0x0:1920x1080\/1200x900\/filters:fill(white):format(jpg)\/f.elconfidencial.com%2Foriginal%2Ff44%2F030%2F201%2Ff4403020141c2aea511d1a480061eec6.jpg\" alt=\"Foto: Fernando Morag\u00f3n, en una rueda de prensa organizada por las autoridades de la autoproclamada Rep\u00fablica Popular de Donetsk. (DNR.news.ru)\"\/><\/figure>\n\n\n\n<p><a href=\"https:\/\/www.elconfidencial.com\/mundo\/2022-09-29\/observador-espanol-referendums-prorrusos-donbas_3497584\/\">\u00bfQu\u00e9 hace un &#8216;observador&#8217; espa\u00f1ol en los refer\u00e9ndums prorrusos del Donb\u00e1s?<\/a>A. Alamillos<\/p>\n\n\n\n<p>\u201cUcrania est\u00e1 ejerciendo su<strong>&nbsp;leg\u00edtimo derecho a defenderse de la agresi\u00f3n rusa<\/strong>&nbsp;para recuperar el control total de su territorio y tiene derecho a liberar los territorios ocupados dentro de sus fronteras internacionalmente reconocidas. Las amenazas nucleares hechas por el Kremlin, la movilizaci\u00f3n militar y la estrategia de tratar de presentar falsamente el territorio de Ucrania como de Rusia y pretender que la guerra ahora puede estar teniendo lugar en el territorio de Rusia no debilitar\u00e1n nuestra determinaci\u00f3n\u201d, se\u00f1alan los l\u00edderes europeos en su comunicado.<\/p>\n\n\n\n<p>En Bruselas saben que la anexi\u00f3n abre la puerta a un nuevo terreno para el conflicto. Que la contraofensiva ucraniana recibir\u00e1 ahora por el Kremlin la etiqueta de un&nbsp;<strong>ataque sobre el territorio ruso<\/strong>, lo que hace que las amenazas nucleares de Putin ganen peso. Pero los Veintisiete mantienen el apoyo a Kiev y la Uni\u00f3n \u201ccontinuar\u00e1 brindando un s\u00f3lido apoyo econ\u00f3mico, militar, social y financiero a Ucrania durante el tiempo que sea necesario\u201d. Adem\u00e1s, ya se negocia un nuevo paquete de sanciones contra Mosc\u00fa que ha sido propuesto esta semana por la Comisi\u00f3n Europea.<\/p>\n\n\n\n<p>Por su parte, el presidente de Estados Unidos, Joe Biden, conden\u00f3 este viernes\u00a0<strong>el \u00abintento fraudulento\u00bb\u00a0<\/strong>de anexi\u00f3n de territorios ucranianos por parte de Rusia, pa\u00eds al que acus\u00f3 de<strong>\u00a0\u00abviolar la ley internacional\u00bb\u00a0<\/strong>\u00abSeguiremos<strong>\u00a0ayudando a Ucrania<\/strong>\u00a0en sus esfuerzos de recuperar el control sobre sus territorios\u00bb, dijo en un comunicado. En esta misma l\u00ednea, el presidente del Gobierno, Pedro S\u00e1nchez, ha recalcado que\u00a0<strong>Espa\u00f1a no reconocer\u00e1 nunca la \u00abanexi\u00f3n ilegal\u00bb.<\/strong><\/p>\n\n\n\n<p>Fuente: https:\/\/www.elconfidencial.com\/mundo\/2022-09-30\/la-ue-condena-la-anexion-de-putin-no-reconoceremos-y-nunca-reconoceremos_3499359\/<\/p>\n","protected":false},"excerpt":{"rendered":"<p>Los Veintisiete condenan la anexi\u00f3n de los territorios ucranianos por parte de Rusia. \u201cTodos los territorios ocupados ilegalmente por los [&hellip;]<\/p>\n","protected":false},"author":1,"featured_media":38094,"comment_status":"open","ping_status":"open","sticky":false,"template":"","format":"standard","meta":{"site-sidebar-layout":"default","site-content-layout":"","ast-site-content-layout":"default","site-content-style":"default","site-sidebar-style":"default","ast-global-header-display":"","ast-banner-title-visibility":"","ast-main-header-display":"","ast-hfb-above-header-display":"","ast-hfb-below-header-display":"","ast-hfb-mobile-header-display":"","site-post-title":"","ast-breadcrumbs-content":"","ast-featured-img":"","footer-sml-layout":"","theme-transparent-header-meta":"","adv-header-id-meta":"","stick-header-meta":"","header-above-stick-meta":"","header-main-stick-meta":"","header-below-stick-meta":"","astra-migrate-meta-layouts":"default","ast-page-background-enabled":"default","ast-page-background-meta":{"desktop":{"background-color":"var(--ast-global-color-4)","background-image":"","background-repeat":"repeat","background-position":"center center","background-size":"auto","background-attachment":"scroll","background-type":"","background-media":"","overlay-type":"","overlay-color":"","overlay-opacity":"","overlay-gradient":""},"tablet":{"background-color":"","background-image":"","background-repeat":"repeat","background-position":"center center","background-size":"auto","background-attachment":"scroll","background-type":"","background-media":"","overlay-type":"","overlay-color":"","overlay-opacity":"","overlay-gradient":""},"mobile":{"background-color":"","background-image":"","background-repeat":"repeat","background-position":"center center","background-size":"auto","background-attachment":"scroll","background-type":"","background-media":"","overlay-type":"","overlay-color":"","overlay-opacity":"","overlay-gradient":""}},"ast-content-background-meta":{"desktop":{"background-color":"var(--ast-global-color-5)","background-image":"","background-repeat":"repeat","background-position":"center center","background-size":"auto","background-attachment":"scroll","background-type":"","background-media":"","overlay-type":"","overlay-color":"","overlay-opacity":"","overlay-gradient":""},"tablet":{"background-color":"var(--ast-global-color-5)","background-image":"","background-repeat":"repeat","background-position":"center center","background-size":"auto","background-attachment":"scroll","background-type":"","background-media":"","overlay-type":"","overlay-color":"","overlay-opacity":"","overlay-gradient":""},"mobile":{"background-color":"var(--ast-global-color-5)","background-image":"","background-repeat":"repeat","background-position":"center center","background-size":"auto","background-attachment":"scroll","background-type":"","background-media":"","overlay-type":"","overlay-color":"","overlay-opacity":"","overlay-gradient":""}},"footnotes":""},"categories":[8],"tags":[12844,7151,6232,8205],"class_list":["post-38093","post","type-post","status-publish","format-standard","has-post-thumbnail","hentry","category-noticias","tag-anexion-ilegal-rusia","tag-putin","tag-ucrania","tag-union-europea"],"_links":{"self":[{"href":"https:\/\/losperiodistas.com.mx\/portal\/wp-json\/wp\/v2\/posts\/38093","targetHints":{"allow":["GET"]}}],"collection":[{"href":"https:\/\/losperiodistas.com.mx\/portal\/wp-json\/wp\/v2\/posts"}],"about":[{"href":"https:\/\/losperiodistas.com.mx\/portal\/wp-json\/wp\/v2\/types\/post"}],"author":[{"embeddable":true,"href":"https:\/\/losperiodistas.com.mx\/portal\/wp-json\/wp\/v2\/users\/1"}],"replies":[{"embeddable":true,"href":"https:\/\/losperiodistas.com.mx\/portal\/wp-json\/wp\/v2\/comments?post=38093"}],"version-history":[{"count":1,"href":"https:\/\/losperiodistas.com.mx\/portal\/wp-json\/wp\/v2\/posts\/38093\/revisions"}],"predecessor-version":[{"id":38096,"href":"https:\/\/losperiodistas.com.mx\/portal\/wp-json\/wp\/v2\/posts\/38093\/revisions\/38096"}],"wp:featuredmedia":[{"embeddable":true,"href":"https:\/\/losperiodistas.com.mx\/portal\/wp-json\/wp\/v2\/media\/38094"}],"wp:attachment":[{"href":"https:\/\/losperiodistas.com.mx\/portal\/wp-json\/wp\/v2\/media?parent=38093"}],"wp:term":[{"taxonomy":"category","embeddable":true,"href":"https:\/\/losperiodistas.com.mx\/portal\/wp-json\/wp\/v2\/categories?post=38093"},{"taxonomy":"post_tag","embeddable":true,"href":"https:\/\/losperiodistas.com.mx\/portal\/wp-json\/wp\/v2\/tags?post=38093"}],"curies":[{"name":"wp","href":"https:\/\/api.w.org\/{rel}","templated":true}]}}