{"id":38077,"date":"2022-09-30T10:00:47","date_gmt":"2022-09-30T15:00:47","guid":{"rendered":"http:\/\/losperiodistas.com.mx\/portal\/?p=38077"},"modified":"2022-09-30T10:01:15","modified_gmt":"2022-09-30T15:01:15","slug":"guardia-nacional-a-sedena-iniciativa-se-votara-este-martes-4-de-octubre-el-financiero","status":"publish","type":"post","link":"https:\/\/losperiodistas.com.mx\/portal\/guardia-nacional-a-sedena-iniciativa-se-votara-este-martes-4-de-octubre-el-financiero\/","title":{"rendered":"Guardia Nacional a Sedena: Iniciativa se votar\u00e1 este martes 4 de octubre | El Financiero"},"content":{"rendered":"\n<figure class=\"wp-block-image size-full is-style-default\"><img fetchpriority=\"high\" decoding=\"async\" width=\"800\" height=\"450\" src=\"https:\/\/losperiodistas.com.mx\/portal\/wp-content\/uploads\/2022\/09\/7FYLGS5WIRHJZB62YJTCOBBZNQ.jpeg\" alt=\"\" class=\"wp-image-38078\" srcset=\"https:\/\/losperiodistas.com.mx\/portal\/wp-content\/uploads\/2022\/09\/7FYLGS5WIRHJZB62YJTCOBBZNQ.jpeg 800w, https:\/\/losperiodistas.com.mx\/portal\/wp-content\/uploads\/2022\/09\/7FYLGS5WIRHJZB62YJTCOBBZNQ-300x169.jpeg 300w, https:\/\/losperiodistas.com.mx\/portal\/wp-content\/uploads\/2022\/09\/7FYLGS5WIRHJZB62YJTCOBBZNQ-768x432.jpeg 768w\" sizes=\"(max-width: 800px) 100vw, 800px\" \/><figcaption>Ricardo Monreal anticip\u00f3 que se espera que este fin de semana se pueda consensuar la redacci\u00f3n que permita alcanzar un acuerdo amplio en materia de seguridad.\u00a0(Especial)<\/figcaption><\/figure>\n\n\n\n<p class=\"has-vivid-cyan-blue-color has-text-color has-medium-font-size\">EDUARDO ORTEGA \/ EL FINANCIERO<\/p>\n\n\n\n<p>En el Senado, el pr\u00f3ximo martes&nbsp;<strong>4 de octubre<\/strong>&nbsp;se votar\u00eda la ampliaci\u00f3n de la&nbsp;<a href=\"https:\/\/www.elfinanciero.com.mx\/nacional\/2022\/09\/23\/el-pri-se-uniria-a-la-4t-para-dejar-al-ejercito-en-las-calles-hasta-2028\/\" target=\"_blank\" rel=\"noreferrer noopener\">participaci\u00f3n de las Fuerzas Armadas en tareas de seguridad p\u00fablica hasta 2028<\/a>, pero con modificaciones para establecer mecanismos de control parlamentario, rendici\u00f3n de cuentas, evaluaci\u00f3n y supervisi\u00f3n de las tareas de militares, marinos, as\u00ed como elementos de la&nbsp;<a href=\"https:\/\/www.elfinanciero.com.mx\/nacional\/2022\/09\/26\/por-tema-gn-chocan-creel-y-monreal\/\" target=\"_blank\" rel=\"noreferrer noopener\">Guardia Nacional,<\/a>&nbsp;inform\u00f3 el senador<strong>&nbsp;Ricardo Monrea<\/strong>l.<\/p>\n\n\n\n<p>El coordinador de la bancada de Morena en el Senado record\u00f3, durante una reuni\u00f3n con miembros del Colegio Nacional de Profesionistas con Posgrado en Derecho, que el 5 de octubre se cumplen los 10 d\u00edas h\u00e1biles para que la C\u00e1mara Alta<strong>\u00a0retome la discusi\u00f3n del dictamen<\/strong>, que<a href=\"https:\/\/www.elfinanciero.com.mx\/nacional\/2022\/09\/21\/ejercito-en-las-calles-senado-suspende-votacion-y-regresa-dictamen-a-comisiones\/\" target=\"_blank\" rel=\"noreferrer noopener\">\u00a0se regres\u00f3 a las comisiones de Justicia y Estudios Legislativos, Segunda<\/a>.<\/p>\n\n\n\n<p>\u201cEs decir, estamos en plenitud y apertura para poder generar&nbsp;<strong>condiciones de acuerdos<\/strong>&nbsp;aqu\u00ed en el Senado. Estamos mostrando flexibilidad, plenitud y apertura para poder generar condiciones de acuerdo\u201d, expres\u00f3 el tambi\u00e9n presidente de la Junta de Coordinaci\u00f3n Pol\u00edtica del Senado, quien acot\u00f3 que, de ser necesario, se ha decidido&nbsp;<strong>modificar la minuta<\/strong>&nbsp;que proviene de la colegisladora.<\/p>\n\n\n\n<p>El legislador zacatecano anticip\u00f3 que se espera que para este fin de semana ya se pueda consensuar la redacci\u00f3n que permita alcanzar un acuerdo amplio en esta materia.<\/p>\n\n\n\n<p>\u201cHay m\u00e1s de cien mil soldados y marinos que, desde hace m\u00e1s de 20 a\u00f1os,<a href=\"https:\/\/www.elfinanciero.com.mx\/opinion\/edna-jaime\/2022\/09\/23\/seguridad-una-primera-partitura-para-el-futuro\/\" target=\"_blank\" rel=\"noreferrer noopener\">&nbsp;prestan labores de seguridad p\u00fablica<\/a>, por la incapacidad de las polic\u00edas civiles y porque \u00e9stas, lamentablemente, son permeadas y f\u00e1cilmente cooptadas por la<strong>&nbsp;delincuencia organizada<\/strong>\u201d, aclar\u00f3 el morenista<\/p>\n\n\n\n<h2 class=\"wp-block-heading\">Advierten PAN y PRD ruptura con PRI si en Senado pasa reforma<\/h2>\n\n\n\n<p>Si la reforma constitucional para ampliar la labor de&nbsp;<a href=\"https:\/\/www.elfinanciero.com.mx\/opinion\/enrique-quintana\/2022\/09\/06\/la-polarizacion-nos-ciega\/\"><strong>las Fuerzas Armadas&nbsp;<\/strong><\/a>en tareas de seguridad p\u00fablica hasta 2028 es aprobada en el Senado, la coalici\u00f3n Va por M\u00e9xico pasar\u00eda de la suspensi\u00f3n temporal a la ruptura definitiva.<\/p>\n\n\n\n<p>As\u00ed lo advirtieron los dirigentes del<strong>\u00a0PAN, Marko Cort\u00e9s, y del PRD, Jes\u00fas Zambrano,<\/strong>\u00a0en una declaraci\u00f3n conjunta, tras lamentar que el dirigente nacional del PRI, Alejandro Moreno, y su grupo parlamentario en la C\u00e1mara de Diputados, hayan hecho caso omiso a sus llamados a cumplir los compromisos asumidos en la coalici\u00f3n.<\/p>\n\n\n\n<p>Fuente: https:\/\/www.elfinanciero.com.mx\/nacional\/2022\/09\/30\/iniciativa-militarista-se-votaria-el-martes\/<\/p>\n","protected":false},"excerpt":{"rendered":"<p>EDUARDO ORTEGA \/ EL FINANCIERO En el Senado, el pr\u00f3ximo martes&nbsp;4 de octubre&nbsp;se votar\u00eda la ampliaci\u00f3n de la&nbsp;participaci\u00f3n de las [&hellip;]<\/p>\n","protected":false},"author":1,"featured_media":38078,"comment_status":"open","ping_status":"open","sticky":false,"template":"","format":"standard","meta":{"site-sidebar-layout":"default","site-content-layout":"","ast-site-content-layout":"default","site-content-style":"default","site-sidebar-style":"default","ast-global-header-display":"","ast-banner-title-visibility":"","ast-main-header-display":"","ast-hfb-above-header-display":"","ast-hfb-below-header-display":"","ast-hfb-mobile-header-display":"","site-post-title":"","ast-breadcrumbs-content":"","ast-featured-img":"","footer-sml-layout":"","theme-transparent-header-meta":"","adv-header-id-meta":"","stick-header-meta":"","header-above-stick-meta":"","header-main-stick-meta":"","header-below-stick-meta":"","astra-migrate-meta-layouts":"default","ast-page-background-enabled":"default","ast-page-background-meta":{"desktop":{"background-color":"var(--ast-global-color-4)","background-image":"","background-repeat":"repeat","background-position":"center center","background-size":"auto","background-attachment":"scroll","background-type":"","background-media":"","overlay-type":"","overlay-color":"","overlay-opacity":"","overlay-gradient":""},"tablet":{"background-color":"","background-image":"","background-repeat":"repeat","background-position":"center center","background-size":"auto","background-attachment":"scroll","background-type":"","background-media":"","overlay-type":"","overlay-color":"","overlay-opacity":"","overlay-gradient":""},"mobile":{"background-color":"","background-image":"","background-repeat":"repeat","background-position":"center center","background-size":"auto","background-attachment":"scroll","background-type":"","background-media":"","overlay-type":"","overlay-color":"","overlay-opacity":"","overlay-gradient":""}},"ast-content-background-meta":{"desktop":{"background-color":"var(--ast-global-color-5)","background-image":"","background-repeat":"repeat","background-position":"center center","background-size":"auto","background-attachment":"scroll","background-type":"","background-media":"","overlay-type":"","overlay-color":"","overlay-opacity":"","overlay-gradient":""},"tablet":{"background-color":"var(--ast-global-color-5)","background-image":"","background-repeat":"repeat","background-position":"center center","background-size":"auto","background-attachment":"scroll","background-type":"","background-media":"","overlay-type":"","overlay-color":"","overlay-opacity":"","overlay-gradient":""},"mobile":{"background-color":"var(--ast-global-color-5)","background-image":"","background-repeat":"repeat","background-position":"center center","background-size":"auto","background-attachment":"scroll","background-type":"","background-media":"","overlay-type":"","overlay-color":"","overlay-opacity":"","overlay-gradient":""}},"footnotes":""},"categories":[8],"tags":[2127,2098,4293],"class_list":["post-38077","post","type-post","status-publish","format-standard","has-post-thumbnail","hentry","category-noticias","tag-guardia-nacional","tag-ricardo-monreal","tag-senado"],"_links":{"self":[{"href":"https:\/\/losperiodistas.com.mx\/portal\/wp-json\/wp\/v2\/posts\/38077","targetHints":{"allow":["GET"]}}],"collection":[{"href":"https:\/\/losperiodistas.com.mx\/portal\/wp-json\/wp\/v2\/posts"}],"about":[{"href":"https:\/\/losperiodistas.com.mx\/portal\/wp-json\/wp\/v2\/types\/post"}],"author":[{"embeddable":true,"href":"https:\/\/losperiodistas.com.mx\/portal\/wp-json\/wp\/v2\/users\/1"}],"replies":[{"embeddable":true,"href":"https:\/\/losperiodistas.com.mx\/portal\/wp-json\/wp\/v2\/comments?post=38077"}],"version-history":[{"count":2,"href":"https:\/\/losperiodistas.com.mx\/portal\/wp-json\/wp\/v2\/posts\/38077\/revisions"}],"predecessor-version":[{"id":38080,"href":"https:\/\/losperiodistas.com.mx\/portal\/wp-json\/wp\/v2\/posts\/38077\/revisions\/38080"}],"wp:featuredmedia":[{"embeddable":true,"href":"https:\/\/losperiodistas.com.mx\/portal\/wp-json\/wp\/v2\/media\/38078"}],"wp:attachment":[{"href":"https:\/\/losperiodistas.com.mx\/portal\/wp-json\/wp\/v2\/media?parent=38077"}],"wp:term":[{"taxonomy":"category","embeddable":true,"href":"https:\/\/losperiodistas.com.mx\/portal\/wp-json\/wp\/v2\/categories?post=38077"},{"taxonomy":"post_tag","embeddable":true,"href":"https:\/\/losperiodistas.com.mx\/portal\/wp-json\/wp\/v2\/tags?post=38077"}],"curies":[{"name":"wp","href":"https:\/\/api.w.org\/{rel}","templated":true}]}}