{"id":38071,"date":"2022-09-30T09:36:23","date_gmt":"2022-09-30T14:36:23","guid":{"rendered":"http:\/\/losperiodistas.com.mx\/portal\/?p=38071"},"modified":"2022-09-30T09:36:25","modified_gmt":"2022-09-30T14:36:25","slug":"la-fragilidad-del-cuarto-poder","status":"publish","type":"post","link":"https:\/\/losperiodistas.com.mx\/portal\/la-fragilidad-del-cuarto-poder\/","title":{"rendered":"La fragilidad del cuarto poder"},"content":{"rendered":"\n<p class=\"has-vivid-cyan-blue-color has-text-color\" style=\"font-size:26px\"><strong><em>Por Luis Mart\u00ednez<\/em><\/strong><\/p>\n\n\n\n<p><\/p>\n\n\n\n<p><strong>Pregunte usted<\/strong>&nbsp;a cualquier persona adulta joven sobre alguna&nbsp;<strong>noticia reciente<\/strong>&nbsp;que recuerde, por ejemplo, la muerte de la reina Isabel ll, el alza de alg\u00fan producto o el esc\u00e1ndalo de alg\u00fan personaje p\u00fablico, y despu\u00e9s pregunte d\u00f3nde lo vio, cu\u00e1l es su fuente. La&nbsp;<strong>respuesta<\/strong>&nbsp;m\u00e1s com\u00fan ser\u00e1 en&nbsp;<strong>redes sociales<\/strong>&nbsp;o mencionar\u00e1 alguna de ellas.<\/p>\n\n\n\n<p>Cada d\u00eda existe menos arraigo e identificaci\u00f3n con las&nbsp;<strong>marcas<\/strong>,&nbsp;<strong>peri\u00f3dicos<\/strong>&nbsp;y&nbsp;<strong>noticieros<\/strong>, y por lo tanto la&nbsp;<strong>prensa&nbsp;<\/strong>se diluye en una complicada mara\u00f1a de mil cabezas hablando de lo mismo todo el d\u00eda, todo el tiempo.<\/p>\n\n\n\n<p>El&nbsp;<strong>periodismo&nbsp;<\/strong>se enfrenta a una&nbsp;<strong>dura crisis de credibilidad<\/strong>, afectada por diversos factores generacionales, tecnol\u00f3gicos, pol\u00edticos y culturales y que se profundiza en escenarios de&nbsp;<strong>violencia<\/strong>, estigmatizaci\u00f3n y persecuci\u00f3n por parte del poder.<\/p>\n\n\n\n<p>No son pocos los autores que han se\u00f1alado al t\u00e9rmino\u00a0<strong>\u00abCuarto Poder\u00bb<\/strong>\u00a0como un lugar com\u00fan obsoleto que desdibuja la\u00a0<strong>verdadera posici\u00f3n<\/strong>\u00a0de la prensa en la cultura socio-pol\u00edtica de las naciones, particularmente en tiempos donde la comunicaci\u00f3n masiva desde los medios socio-digitales han cambiado las din\u00e1micas de\u00a0<strong>consumo<\/strong>\u00a0de la informaci\u00f3n entre las llamadas\u00a0<strong>audiencias<\/strong>.<\/p>\n\n\n\n<p>Gracias a la trampa de este lugar com\u00fan, hoy la&nbsp;<strong>sociedad&nbsp;<\/strong>es incapaz de&nbsp;<strong>distinguir<\/strong>&nbsp;los roles entre quienes hacen de la informaci\u00f3n un&nbsp;<strong>derecho humano<\/strong>&nbsp;y para quienes es una&nbsp;<strong>mercanc\u00eda<\/strong>.<\/p>\n\n\n\n<p>Es muy importante distinguir entre quienes ejercen el&nbsp;<strong>periodismo&nbsp;<\/strong>como&nbsp;<strong>fuerza laboral<\/strong>&nbsp;y&nbsp;<strong>vocaci\u00f3n<\/strong>, es decir la tropa, y quienes con el periodismo construyen una&nbsp;<strong>relaci\u00f3n de conveniencia<\/strong>&nbsp;con los poderes p\u00fablicos y econ\u00f3micos, es decir la \u00e9lite del periodismo.<\/p>\n\n\n\n<p>Enfrentan a los otros poderes en diferentes circunstancias y condiciones: mientras la&nbsp;<strong>tropa&nbsp;<\/strong>lo hace desde la precarizaci\u00f3n, los riesgos de las coberturas, la censura, la intimidaci\u00f3n o la violencia, la&nbsp;<strong>\u00e9lite directiva<\/strong>&nbsp;de la prensa, negocia contratos, convenios, ejecuta \u00f3rdenes y construye percepciones con columnas de opini\u00f3n y tuits.<\/p>\n\n\n\n<p>Las\u00a0<strong>redes socio-digitales\u00a0<\/strong>y nuestra relaci\u00f3n cotidiana con el\u00a0<strong>ecosistema digital<\/strong>\u00a0nos lleva a confundir en un ruido permanente entre informaci\u00f3n, opini\u00f3n y entretenimiento.<\/p>\n\n\n\n<p>La creciente&nbsp;<strong>industria de la desinformaci\u00f3n<\/strong>&nbsp;permiti\u00f3 la proliferaci\u00f3n de difusores de posverdades que se hacen pasar por medios. Consultor\u00edas que invierten miles de pesos en&nbsp;<strong>fijar emociones<\/strong>&nbsp;y construir narrativas que influyan en la&nbsp;<strong>percepci\u00f3n<\/strong>&nbsp;mediante las redes sociales.<\/p>\n\n\n\n<p>Hoy quienes gobiernan van m\u00e1s all\u00e1 de construir con convenios su propio s\u00e9quito de medios aliados, tambi\u00e9n crean sus&nbsp;<strong>propios canales de informaci\u00f3n<\/strong>, sus ma\u00f1aneras a modo, sus noticieros, sus verdades pautadas, sus plataformas, desde las que fabrican amigos y enemigos.<\/p>\n\n\n\n<p>Y el famoso algoritmo les ayuda, porque gracias a \u00e9l, la informaci\u00f3n llega a la audiencia indicada, llega filtrada, segmentada y calculada para que coincida con sus posiciones y pensamientos, amplificando una&nbsp;<strong>polarizaci\u00f3n<\/strong>, que inhibe cualquier&nbsp;<strong>debate<\/strong>&nbsp;o&nbsp;<strong>intercambio de ideas<\/strong>.<\/p>\n\n\n\n<p>Como dijera&nbsp;<strong>Fito P\u00e1ez<\/strong>:&nbsp;<em>\u00aben tiempos donde nadie escucha a nadie, en tiempos donde todos contra todos, en tiempos ego\u00edstas y mezquinos\u00bb<\/em>&nbsp;el ruido en la red ha creado una sociedad que no conf\u00eda en la prensa.<\/p>\n\n\n\n<p>Esa&nbsp;<strong>fragilidad<\/strong>&nbsp;desafortunadamente afecta a quienes en el periodismo est\u00e1n en el eslab\u00f3n m\u00e1s d\u00e9bil: una&nbsp;<strong>amplia mayor\u00eda<\/strong>&nbsp;que todos los d\u00edas busca ganarse la vida informando, arriesg\u00e1ndose y viven bajo la estigmatizaci\u00f3n de las voces del poder; mientras un pu\u00f1ado de&nbsp;<strong>opinadores a sueldo<\/strong>&nbsp;se buscan confundir entre ellos mientras aplauden y obedecen la voluntad de quien les garantiza sus privilegios del sexenio.<\/p>\n\n\n\n<p>Hasta la pr\u00f3xima.<\/p>\n\n\n\n<p>Comparte y s\u00edgueme en:<br><a href=\"https:\/\/twitter.com\/LuisMartiMX\" target=\"_blank\" rel=\"noreferrer noopener\">https:\/\/twitter.com\/LuisMartiMX<\/a><\/p>\n","protected":false},"excerpt":{"rendered":"<p>Por Luis Mart\u00ednez Pregunte usted&nbsp;a cualquier persona adulta joven sobre alguna&nbsp;noticia reciente&nbsp;que recuerde, por ejemplo, la muerte de la reina [&hellip;]<\/p>\n","protected":false},"author":1,"featured_media":38072,"comment_status":"open","ping_status":"open","sticky":false,"template":"","format":"standard","meta":{"site-sidebar-layout":"default","site-content-layout":"","ast-site-content-layout":"default","site-content-style":"default","site-sidebar-style":"default","ast-global-header-display":"","ast-banner-title-visibility":"","ast-main-header-display":"","ast-hfb-above-header-display":"","ast-hfb-below-header-display":"","ast-hfb-mobile-header-display":"","site-post-title":"","ast-breadcrumbs-content":"","ast-featured-img":"","footer-sml-layout":"","theme-transparent-header-meta":"","adv-header-id-meta":"","stick-header-meta":"","header-above-stick-meta":"","header-main-stick-meta":"","header-below-stick-meta":"","astra-migrate-meta-layouts":"default","ast-page-background-enabled":"default","ast-page-background-meta":{"desktop":{"background-color":"var(--ast-global-color-4)","background-image":"","background-repeat":"repeat","background-position":"center center","background-size":"auto","background-attachment":"scroll","background-type":"","background-media":"","overlay-type":"","overlay-color":"","overlay-opacity":"","overlay-gradient":""},"tablet":{"background-color":"","background-image":"","background-repeat":"repeat","background-position":"center center","background-size":"auto","background-attachment":"scroll","background-type":"","background-media":"","overlay-type":"","overlay-color":"","overlay-opacity":"","overlay-gradient":""},"mobile":{"background-color":"","background-image":"","background-repeat":"repeat","background-position":"center center","background-size":"auto","background-attachment":"scroll","background-type":"","background-media":"","overlay-type":"","overlay-color":"","overlay-opacity":"","overlay-gradient":""}},"ast-content-background-meta":{"desktop":{"background-color":"var(--ast-global-color-5)","background-image":"","background-repeat":"repeat","background-position":"center center","background-size":"auto","background-attachment":"scroll","background-type":"","background-media":"","overlay-type":"","overlay-color":"","overlay-opacity":"","overlay-gradient":""},"tablet":{"background-color":"var(--ast-global-color-5)","background-image":"","background-repeat":"repeat","background-position":"center center","background-size":"auto","background-attachment":"scroll","background-type":"","background-media":"","overlay-type":"","overlay-color":"","overlay-opacity":"","overlay-gradient":""},"mobile":{"background-color":"var(--ast-global-color-5)","background-image":"","background-repeat":"repeat","background-position":"center center","background-size":"auto","background-attachment":"scroll","background-type":"","background-media":"","overlay-type":"","overlay-color":"","overlay-opacity":"","overlay-gradient":""}},"footnotes":""},"categories":[8,22],"tags":[11762,12831,12830],"class_list":["post-38071","post","type-post","status-publish","format-standard","has-post-thumbnail","hentry","category-noticias","category-opinion-invitada","tag-4-t","tag-cuarto-poder","tag-prensa"],"_links":{"self":[{"href":"https:\/\/losperiodistas.com.mx\/portal\/wp-json\/wp\/v2\/posts\/38071","targetHints":{"allow":["GET"]}}],"collection":[{"href":"https:\/\/losperiodistas.com.mx\/portal\/wp-json\/wp\/v2\/posts"}],"about":[{"href":"https:\/\/losperiodistas.com.mx\/portal\/wp-json\/wp\/v2\/types\/post"}],"author":[{"embeddable":true,"href":"https:\/\/losperiodistas.com.mx\/portal\/wp-json\/wp\/v2\/users\/1"}],"replies":[{"embeddable":true,"href":"https:\/\/losperiodistas.com.mx\/portal\/wp-json\/wp\/v2\/comments?post=38071"}],"version-history":[{"count":1,"href":"https:\/\/losperiodistas.com.mx\/portal\/wp-json\/wp\/v2\/posts\/38071\/revisions"}],"predecessor-version":[{"id":38073,"href":"https:\/\/losperiodistas.com.mx\/portal\/wp-json\/wp\/v2\/posts\/38071\/revisions\/38073"}],"wp:featuredmedia":[{"embeddable":true,"href":"https:\/\/losperiodistas.com.mx\/portal\/wp-json\/wp\/v2\/media\/38072"}],"wp:attachment":[{"href":"https:\/\/losperiodistas.com.mx\/portal\/wp-json\/wp\/v2\/media?parent=38071"}],"wp:term":[{"taxonomy":"category","embeddable":true,"href":"https:\/\/losperiodistas.com.mx\/portal\/wp-json\/wp\/v2\/categories?post=38071"},{"taxonomy":"post_tag","embeddable":true,"href":"https:\/\/losperiodistas.com.mx\/portal\/wp-json\/wp\/v2\/tags?post=38071"}],"curies":[{"name":"wp","href":"https:\/\/api.w.org\/{rel}","templated":true}]}}