{"id":38036,"date":"2022-09-30T09:25:09","date_gmt":"2022-09-30T14:25:09","guid":{"rendered":"http:\/\/losperiodistas.com.mx\/portal\/?p=38036"},"modified":"2022-09-30T09:25:09","modified_gmt":"2022-09-30T14:25:09","slug":"acepta-amlo-hackeo-a-la-sedena-revelaron-datos-sobre-su-salud-la-jornada","status":"publish","type":"post","link":"https:\/\/losperiodistas.com.mx\/portal\/acepta-amlo-hackeo-a-la-sedena-revelaron-datos-sobre-su-salud-la-jornada\/","title":{"rendered":"Acepta AMLO \u2018hackeo\u2019 a la Sedena; revelaron datos sobre su salud | La Jornada"},"content":{"rendered":"\n<figure class=\"wp-block-image size-full is-style-default\"><img fetchpriority=\"high\" decoding=\"async\" width=\"1024\" height=\"683\" src=\"https:\/\/losperiodistas.com.mx\/portal\/wp-content\/uploads\/2022\/09\/image_large-2.jpeg\" alt=\"\" class=\"wp-image-38068\" srcset=\"https:\/\/losperiodistas.com.mx\/portal\/wp-content\/uploads\/2022\/09\/image_large-2.jpeg 1024w, https:\/\/losperiodistas.com.mx\/portal\/wp-content\/uploads\/2022\/09\/image_large-2-300x200.jpeg 300w, https:\/\/losperiodistas.com.mx\/portal\/wp-content\/uploads\/2022\/09\/image_large-2-768x512.jpeg 768w\" sizes=\"(max-width: 1024px) 100vw, 1024px\" \/><figcaption>El presidente Andr\u00e9s Manuel L\u00f3pez Obrador durante su conferencia de prensa matutina en Palacio Nacional, en la Ciudad de M\u00e9xico, el 30 de septiembre de 2022.\u00a0Foto\u00a0<strong>Pablo Ramos<\/strong><\/figcaption><\/figure>\n\n\n\n<p>ARTURO S\u00c1NCHEZ \/ GEORGINA SALDIERA \/ LA JORNADA<\/p>\n\n\n\n<p><em>Ciudad de M\u00e9xico.<\/em>\u00a0El presidente Andr\u00e9s Manuel L\u00f3pez Obrador dijo este viernes que tiene diversos padecimientos de salud, el m\u00e1s grave de ellos, hipertensi\u00f3n, pero tambi\u00e9n problemas de la tiroides y gota. Afirm\u00f3 que, sin embargo, se siente bien, y no piensa que corra el riesgo de perder la vida en el ejercicio presidencial.<\/p>\n\n\n\n<p>En su conferencia ma\u00f1anera dijo que es cierto que hubo un ataque cibern\u00e9tico a la Secretar\u00eda de la Defensa Nacional y que los documentos que revel\u00f3 el grupo responsable del&nbsp;<em>hackeo<\/em>&nbsp;son verdaderos, entre ellos los que hablan de su salud.<\/p>\n\n\n\n<p>La informaci\u00f3n, sin embargo, \u201cno era nada que no se conociera ya\u201d, dijo L\u00f3pez Obrador.<\/p>\n\n\n\n<p>Sobre su estado de salud el mandatario dijo: \u201cEstoy enfermo, tengo varios padecimientos\u201d y pidi\u00f3 que su equipo de comunicaci\u00f3n pusiera una canci\u00f3n de Chico Che llamada \u201cQue no me quiso el ej\u00e9rcito\u201d, en la que el cantante describe que padece altos niveles de colesterol, piedras en el ri\u00f1\u00f3n, agua en los pulmones.<\/p>\n\n\n\n<p>\u201cTengo todos los males que se mencionan ah\u00ed, solamente hay una cosa que no tengo, lo del alcohol, pero lo dem\u00e1s s\u00ed, y otros males\u201d, dijo de buen humor el mandatario.<\/p>\n\n\n\n<p>Afirm\u00f3 que toma medicamentos para la tiroides, la gota, la hipertensi\u00f3n. \u201cTermin\u00e9 con un coctel que tomo por las noches para varias enfermedades, un s\u00edndrome, pero estoy muy bien\u201d.<\/p>\n\n\n\n<p>Dijo que se hace revisiones \u201ccada seis meses, cada cuatro meses. Eso depende de c\u00f3mo uno se sienta. Lo m\u00e1s delicado es la hipertensi\u00f3n, por eso a veces camino y voy a escalar cerros para lo que llaman cardio, ejercicio, y cuidar tambi\u00e9n los ri\u00f1ones, porque haciendo una cr\u00edtica, fraterna, cari\u00f1osa a los especialistas, pues lo que no quieren es que uno se muera de lo que ellos tratan, o sea, si es un cardi\u00f3logo, lo que no quieren es que se muera del coraz\u00f3n, pero a veces lo que uno tiene que tomar para que no morirse del coraz\u00f3n, para que no le de un infarto, puede afectar otros \u00f3rganos\u201d.<\/p>\n\n\n\n<p>Adelant\u00f3 que cuando termine su responsabilidad como presidente cambiar\u00e1 su estilo de vida, pero que mientras est\u00e9 en el cargo seguir\u00e1 las recomendaciones de los especialistas. \u201cVoy a tener otro estilo de vida, voy a estar a nivel del mar y eso ayuda mucho en el caso de la hipertensi\u00f3n y ya no tantas presiones, entonces voy a bajarle a las pastillas y va a ser m\u00e1s al natural, pero mientras yo tenga la responsabilidad que me dio el pueblo como presidente, le tengo que hacer caso a los m\u00e9dicos y tengo que cuidarme\u201d.<\/p>\n\n\n\n<p>Dijo que las presiones que se viven en el ejercicio de su cargo p\u00fablico son muchas y que \u201ca veces hay que dormir con las botas puestas; sin embargo, es muy satisfactorio tambi\u00e9n. Es deber, pero tambi\u00e9n significa una gran satisfacci\u00f3n de poder servir. No hay nada que se compare a poder servir a los semejantes, esa es la verdadera pol\u00edtica\u201d.<\/p>\n\n\n\n<p>Sobre el ataque a las bases de datos de la Sedena, expuso que piensa que pudo haber sido hecho por \u201cuna agencia o grupo extranjero\u201d, porque le han informado que la organizaci\u00f3n responsable del&nbsp;<em>hackeo<\/em>&nbsp;ha hecho otros semejantes en Guatemala, Colombia, Chile y El Salvador. \u201cPuede ser un grupo nacional tambi\u00e9n, pero lo dudo\u201d, agreg\u00f3.<\/p>\n\n\n\n<p>El titular de la Sedena, Luis Cresencio Sandoval, le ha informado que para robar la informaci\u00f3n los responsables del ataque aprovecharon que el Ej\u00e9rcito est\u00e1 haciendo un cambio a sus sistemas de seguridad.<\/p>\n\n\n\n<p>Se dijo despreocupado por el\u00a0<em>hackeo<\/em>. \u00abNo pude dormir\u00bb por estar pensando en ello, dijo ir\u00f3nico.<\/p>\n\n\n\n<p>Fuente: https:\/\/www.jornada.com.mx\/notas\/2022\/09\/30\/politica\/acepta-amlo-hackeo-a-la-sedena-revelaron-datos-sobre-su-salud\/<\/p>\n","protected":false},"excerpt":{"rendered":"<p>ARTURO S\u00c1NCHEZ \/ GEORGINA SALDIERA \/ LA JORNADA Ciudad de M\u00e9xico.\u00a0El presidente Andr\u00e9s Manuel L\u00f3pez Obrador dijo este viernes que [&hellip;]<\/p>\n","protected":false},"author":1,"featured_media":38068,"comment_status":"open","ping_status":"open","sticky":false,"template":"","format":"standard","meta":{"site-sidebar-layout":"default","site-content-layout":"","ast-site-content-layout":"default","site-content-style":"default","site-sidebar-style":"default","ast-global-header-display":"","ast-banner-title-visibility":"","ast-main-header-display":"","ast-hfb-above-header-display":"","ast-hfb-below-header-display":"","ast-hfb-mobile-header-display":"","site-post-title":"","ast-breadcrumbs-content":"","ast-featured-img":"","footer-sml-layout":"","theme-transparent-header-meta":"","adv-header-id-meta":"","stick-header-meta":"","header-above-stick-meta":"","header-main-stick-meta":"","header-below-stick-meta":"","astra-migrate-meta-layouts":"default","ast-page-background-enabled":"default","ast-page-background-meta":{"desktop":{"background-color":"var(--ast-global-color-4)","background-image":"","background-repeat":"repeat","background-position":"center center","background-size":"auto","background-attachment":"scroll","background-type":"","background-media":"","overlay-type":"","overlay-color":"","overlay-opacity":"","overlay-gradient":""},"tablet":{"background-color":"","background-image":"","background-repeat":"repeat","background-position":"center center","background-size":"auto","background-attachment":"scroll","background-type":"","background-media":"","overlay-type":"","overlay-color":"","overlay-opacity":"","overlay-gradient":""},"mobile":{"background-color":"","background-image":"","background-repeat":"repeat","background-position":"center center","background-size":"auto","background-attachment":"scroll","background-type":"","background-media":"","overlay-type":"","overlay-color":"","overlay-opacity":"","overlay-gradient":""}},"ast-content-background-meta":{"desktop":{"background-color":"var(--ast-global-color-5)","background-image":"","background-repeat":"repeat","background-position":"center center","background-size":"auto","background-attachment":"scroll","background-type":"","background-media":"","overlay-type":"","overlay-color":"","overlay-opacity":"","overlay-gradient":""},"tablet":{"background-color":"var(--ast-global-color-5)","background-image":"","background-repeat":"repeat","background-position":"center center","background-size":"auto","background-attachment":"scroll","background-type":"","background-media":"","overlay-type":"","overlay-color":"","overlay-opacity":"","overlay-gradient":""},"mobile":{"background-color":"var(--ast-global-color-5)","background-image":"","background-repeat":"repeat","background-position":"center center","background-size":"auto","background-attachment":"scroll","background-type":"","background-media":"","overlay-type":"","overlay-color":"","overlay-opacity":"","overlay-gradient":""}},"footnotes":""},"categories":[8],"tags":[12828,3572,12827,12829],"class_list":["post-38036","post","type-post","status-publish","format-standard","has-post-thumbnail","hentry","category-noticias","tag-amlo-salud","tag-fgr","tag-filtraciones-sedena","tag-hackeo-sedena"],"_links":{"self":[{"href":"https:\/\/losperiodistas.com.mx\/portal\/wp-json\/wp\/v2\/posts\/38036","targetHints":{"allow":["GET"]}}],"collection":[{"href":"https:\/\/losperiodistas.com.mx\/portal\/wp-json\/wp\/v2\/posts"}],"about":[{"href":"https:\/\/losperiodistas.com.mx\/portal\/wp-json\/wp\/v2\/types\/post"}],"author":[{"embeddable":true,"href":"https:\/\/losperiodistas.com.mx\/portal\/wp-json\/wp\/v2\/users\/1"}],"replies":[{"embeddable":true,"href":"https:\/\/losperiodistas.com.mx\/portal\/wp-json\/wp\/v2\/comments?post=38036"}],"version-history":[{"count":1,"href":"https:\/\/losperiodistas.com.mx\/portal\/wp-json\/wp\/v2\/posts\/38036\/revisions"}],"predecessor-version":[{"id":38069,"href":"https:\/\/losperiodistas.com.mx\/portal\/wp-json\/wp\/v2\/posts\/38036\/revisions\/38069"}],"wp:featuredmedia":[{"embeddable":true,"href":"https:\/\/losperiodistas.com.mx\/portal\/wp-json\/wp\/v2\/media\/38068"}],"wp:attachment":[{"href":"https:\/\/losperiodistas.com.mx\/portal\/wp-json\/wp\/v2\/media?parent=38036"}],"wp:term":[{"taxonomy":"category","embeddable":true,"href":"https:\/\/losperiodistas.com.mx\/portal\/wp-json\/wp\/v2\/categories?post=38036"},{"taxonomy":"post_tag","embeddable":true,"href":"https:\/\/losperiodistas.com.mx\/portal\/wp-json\/wp\/v2\/tags?post=38036"}],"curies":[{"name":"wp","href":"https:\/\/api.w.org\/{rel}","templated":true}]}}