{"id":3738,"date":"2021-01-24T13:01:50","date_gmt":"2021-01-24T19:01:50","guid":{"rendered":"http:\/\/losperiodistas.com.mx\/portal\/?p=3738"},"modified":"2021-01-24T13:01:50","modified_gmt":"2021-01-24T19:01:50","slug":"el-plan-buy-american-de-biden-observado-con-recelo-por-otros-paises-wsj","status":"publish","type":"post","link":"https:\/\/losperiodistas.com.mx\/portal\/el-plan-buy-american-de-biden-observado-con-recelo-por-otros-paises-wsj\/","title":{"rendered":"El plan &#8216;Buy American&#8217; de Biden observado con recelo por otros pa\u00edses | WSJ"},"content":{"rendered":"\n<p style=\"font-size:18px\"><em>Se espera orden ejecutiva el lunes;\u00a0socios comerciales que buscan ver si se reduce el acceso a los contratos estadounidenses<\/em><\/p>\n\n\n\n<p class=\"has-vivid-cyan-blue-color has-text-color has-medium-font-size\"><em>YUKA AYASHI \/ THE WALL STREET JOURNAL<\/em><\/p>\n\n\n\n<p>WASHINGTON &#8211; Se espera que el presidente Biden cumpla el lunes una promesa de campa\u00f1a al detallar su plan \u00abBuy American\u00bb, una iniciativa que ser\u00e1 seguida de cerca por otros pa\u00edses conscientes de otra de sus promesas: arreglar las relaciones con los socios comerciales.<\/p>\n\n\n\n<p>Los planes de compras nacionales ponen a otros gobiernos en alerta, lo que genera preocupaci\u00f3n de que sus empresas sean excluidas del enorme mercado de adquisiciones gubernamentales de EE. UU. Cuando Washington est\u00e1 haciendo inversiones masivas&nbsp;<a href=\"https:\/\/www.wsj.com\/livecoverage\/covid-2021-01-22?mod=article_inline\" target=\"_blank\" rel=\"noreferrer noopener\">para combatir las consecuencias de la pandemia Covid-19<\/a>&nbsp;.<\/p>\n\n\n\n<p>\u00abEs particularmente relevante para Canad\u00e1 y Estados Unidos debido a nuestras econom\u00edas profundamente integradas\u00bb, dijo Colin Robertson, un ex diplom\u00e1tico canadiense que ahora es vicepresidente del Instituto Canadiense de Asuntos Globales.&nbsp;\u201cUna vez que la cosa entre en vigor, habr\u00e1 empresas canadienses que dir\u00e1n: &#8216;Oh, estamos excluidos&#8217;.&nbsp;Entonces, comenzar\u00e1n a chillar \u00ab.<\/p>\n\n\n\n<figure class=\"wp-block-image\"><img decoding=\"async\" src=\"https:\/\/images.wsj.net\/im-289548?width=620&amp;size=1.5\" alt=\"\" title=\"El presidente Biden ha pedido reglas m\u00e1s estrictas sobre la contrataci\u00f3n p\u00fablica.\"\/><figcaption>El presidente Biden ha pedido reglas m\u00e1s estrictas sobre la contrataci\u00f3n p\u00fablica.FOTO:&nbsp;KEN CEDE\u00d1O \/ PRESS POOL<\/figcaption><\/figure>\n\n\n\n<p>Aunque existen diferencias en los detalles, la iniciativa de Biden se hace eco del&nbsp;programa \u00abBuy American\u00bb del&nbsp;ex presidente&nbsp;<a href=\"https:\/\/www.wsj.com\/topics\/person\/donald-trump\">Donald Trump<\/a>&nbsp;,&nbsp;<a href=\"https:\/\/www.wsj.com\/articles\/trump-expected-to-bolster-buy-american-and-hire-american-directives-1492477200?mod=article_inline\" target=\"_blank\" rel=\"noreferrer noopener\">que formaba parte de su pol\u00edtica \u00abAmerica First\u00bb<\/a>&nbsp;que aliment\u00f3 las tensiones con los socios comerciales a trav\u00e9s de guerras arancelarias y enfrentamientos con el mundo. Organizaci\u00f3n Comercial.<\/p>\n\n\n\n<p>El plan Buy American que el Sr. Biden adopt\u00f3 durante la campa\u00f1a&nbsp;<a href=\"https:\/\/www.wsj.com\/articles\/biden-looks-to-curb-covid-19-economic-damage-with-buy-american-plan-11594287005?mod=article_inline\" target=\"_blank\" rel=\"noreferrer noopener\">ped\u00eda endurecer las reglas existentes sobre contrataci\u00f3n p\u00fablica<\/a>&nbsp;elevando los requisitos de contenido nacional y cerrando las lagunas disponibles para las compras de productos extranjeros.<\/p>\n\n\n\n<p>Tambi\u00e9n pidi\u00f3 gastar $ 400 mil millones en adquisiciones gubernamentales, lo que impulsar\u00eda la demanda de productos y servicios estadounidenses junto con sus proyectos de inversi\u00f3n en infraestructura y energ\u00eda limpia.<\/p>\n\n\n\n<p>Ron Klain, el jefe de personal de Biden, dijo en un memorando que la pr\u00f3xima orden ejecutiva \u00abcumplir\u00e1 sus promesas de fortalecer las disposiciones de Buy American\u00bb, sin dar m\u00e1s detalles.<\/p>\n\n\n\n<p>Los socios comerciales observar\u00e1n de cerca si la orden ejecutiva incluir\u00e1 un lenguaje que garantice el acceso de extranjeros a la contrataci\u00f3n p\u00fablica de Estados Unidos&nbsp;<a href=\"https:\/\/www.wto.org\/english\/tratop_e\/gproc_e\/gp_gpa_e.htm\" target=\"_blank\" rel=\"noreferrer noopener\">de conformidad con un acuerdo existente de la OMC<\/a>&nbsp;, dijo Gary Hufbauer, investigador senior no residente del Instituto Peterson de Econom\u00eda Internacional.<\/p>\n\n\n\n<p>\u00abPara que Biden asuma el cargo con un tono de que quiere cooperar con los aliados y acabar con estas fricciones, la forma en que escribe la orden ejecutiva de Buy American es una prueba real\u00bb, dijo Hufbauer.<\/p>\n\n\n\n<h4 class=\"wp-block-heading\">PELEAS COMERCIALES<\/h4>\n\n\n\n<ul class=\"wp-block-list\"><li><a href=\"https:\/\/www.wsj.com\/articles\/trumps-trade-war-will-be-left-for-biden-to-win-11609682580\" target=\"_blank\" rel=\"noreferrer noopener\">Escuchado: La guerra comercial de Trump quedar\u00e1 para que Biden la gane<\/a>&nbsp;(enero de 2021)<\/li><li><a href=\"https:\/\/www.wsj.com\/articles\/china-trade-war-didnt-boost-u-s-manufacturing-might-11603618203\" target=\"_blank\" rel=\"noreferrer noopener\">La guerra comercial de China no impuls\u00f3 el poder de fabricaci\u00f3n de EE. UU.<\/a>&nbsp;(Octubre de 2020)<\/li><li><a href=\"https:\/\/www.wsj.com\/articles\/trumps-america-first-trade-vision-comes-into-focus-on-three-fronts-11576436055\" target=\"_blank\" rel=\"noreferrer noopener\">Se enfoca la visi\u00f3n comercial de Trump de &#8216;Estados Unidos primero&#8217;<\/a>&nbsp;(diciembre de 2019)<\/li><\/ul>\n\n\n\n<p>Un portavoz de la Uni\u00f3n Europea en Washington se neg\u00f3 a comentar antes de la publicaci\u00f3n de la orden ejecutiva.&nbsp;Los funcionarios de la embajada japonesa no respondieron a una solicitud de comentarios.<\/p>\n\n\n\n<p>En su informe que analiza la pol\u00edtica comercial de Biden hacia Asia, los analistas de Dentsu Public Relations Inc., una empresa de cabildeo de Tokio, instaron a las empresas japonesas a prestar mucha atenci\u00f3n a la promesa Buy American porque podr\u00eda tener un impacto poderoso en las cadenas de suministro que unen a los dos. pa\u00edses.<\/p>\n\n\n\n<p>Los expertos en comercio y fabricaci\u00f3n dijeron que la pr\u00f3xima orden ejecutiva probablemente incluir\u00e1 arreglos t\u00e9cnicos a las reglas existentes de contrataci\u00f3n p\u00fablica.&nbsp;Estas reglas luego se aplicar\u00e1n a los ambiciosos programas de inversi\u00f3n del Sr. Biden para infraestructura y energ\u00eda limpia, y posiblemente al gasto relacionado con la pandemia.&nbsp;Dicho gasto requerir\u00eda la aprobaci\u00f3n del Congreso.<\/p>\n\n\n\n<p>\u00abUna gran parte de esto es que si va a invertir billones de d\u00f3lares en infraestructura o en adquisiciones federales, obviamente tendr\u00e1 un gran impacto\u00bb, dijo Scott Paul, presidente de Alliance for American Manufacturing, un grupo que representa a los fabricantes nacionales. .&nbsp;\u00abJunto con la preferencia dom\u00e9stica Buy American, eso puede estimular la creaci\u00f3n de empleos e inversiones en las f\u00e1bricas\u00bb.<\/p>\n\n\n\n<p>Seg\u00fan la Oficina de Responsabilidad del Gobierno, las agencias federales gastaron $ 586 mil millones en contratos de adquisici\u00f3n directa de bienes y servicios en el a\u00f1o fiscal 2019, y el Departamento de Defensa, el mayor comprador mundial de bienes manufacturados, gast\u00f3 casi dos tercios de esa cantidad.<\/p>\n\n\n\n<p>La GAO dijo que los productos extranjeros representaron menos del 5% de las adquisiciones federales directas, pero advirti\u00f3 que la cantidad real podr\u00eda ser mayor debido a errores y limitaciones del sistema.<\/p>\n\n\n\n<p>El Sr. Biden tiene un modelo sobre c\u00f3mo abordar las preocupaciones de los socios comerciales extranjeros.&nbsp;El paquete de est\u00edmulo de 800.000 millones de d\u00f3lares del ex presidente Barack Obama en 2009 durante la crisis financiera mundial ten\u00eda una disposici\u00f3n de \u00abCompre productos estadounidenses\u00bb que&nbsp;<a href=\"https:\/\/www.wsj.com\/articles\/SB123370411879745425?mod=article_inline\" target=\"_blank\" rel=\"noreferrer noopener\">requer\u00eda el uso de hierro y acero y productos manufacturados de fabricaci\u00f3n estadounidense<\/a>&nbsp;en proyectos de obras p\u00fablicas.&nbsp;Sin embargo, el paquete exclu\u00eda las adquisiciones cubiertas por el acuerdo de la OMC.<\/p>\n\n\n\n<p>Jean Heilman Grier, consultor comercial de Djaghe LLC y ex funcionario de la Oficina del Representante Comercial de EE. UU. Que ayud\u00f3 a negociar las reglas de contrataci\u00f3n de la OMC, dijo que la pol\u00edtica de compra estadounidense de Biden podr\u00eda parecer similar.<\/p>\n\n\n\n<p>\u201cLa suposici\u00f3n con la administraci\u00f3n de Biden es que van a hacer cosas que sean consistentes con las reglas comerciales y las obligaciones de los acuerdos comerciales\u201d, dijo Grier.<\/p>\n\n\n\n<figure class=\"wp-block-image\"><img decoding=\"async\" src=\"https:\/\/images.wsj.net\/im-289550?width=620&amp;size=1.5\" alt=\"\" title=\"Una terminal de contenedores en Staten Island, NY El cambio m\u00e1s significativo del expresidente Donald Trump en ...\"\/><figcaption>Una terminal de contenedores en Staten Island, Nueva York El cambio m\u00e1s significativo en la pol\u00edtica de adquisiciones del expresidente Donald Trump se produjo justo antes de dejar el cargo.FOTO:&nbsp;JUSTIN LANE \/ SHUTTERSTOCK<\/figcaption><\/figure>\n\n\n\n<p>Trump comenz\u00f3 su mandato con una pol\u00edtica de compra estadounidense, pero su legado es mixto, dijeron los expertos.<\/p>\n\n\n\n<p>Su orden de enero de 2017 que requer\u00eda que los fabricantes de tuber\u00edas de energ\u00eda usaran acero fabricado en EE. UU. Nunca se implement\u00f3, y su intento de exigir que las agencias federales revisen sus pr\u00e1cticas de adquisici\u00f3n nunca result\u00f3 en informes disponibles p\u00fablicamente.<\/p>\n\n\n\n<p>A fines del a\u00f1o pasado, en respuesta a la crisis de Covid-19, EE. UU. Propuso a la OMC que eximiera a varios medicamentos esenciales de la regla de contrataci\u00f3n p\u00fablica del grupo.&nbsp;Contin\u00faan las conversaciones.<\/p>\n\n\n\n<p>El cambio de pol\u00edtica m\u00e1s significativo de Trump sobre adquisiciones no se not\u00f3 mucho el d\u00eda antes de su partida.&nbsp;La administraci\u00f3n emiti\u00f3 una nueva regla el 19 de enero para fortalecer las reglas de preferencia dom\u00e9stica bajo la Ley de Compra de Productos Estadounidenses de 1933.<\/p>\n\n\n\n<p>La regla, entre otras cosas, exige un aumento en el porcentaje de contenido nacional requerido para que un producto se considere hecho en Estados Unidos del 50% al 95% para los productos de hierro y acero y al 55% para otros productos.<\/p>\n\n\n\n<p>Tambi\u00e9n elev\u00f3 los umbrales de precios para que los productos estadounidenses se consideraran \u00abrazonables\u00bb en comparaci\u00f3n con los productos extranjeros competitivos, lo que redujo la ventana para las compras gubernamentales de productos extranjeros.<\/p>\n\n\n\n<p>El cambio de regla de \u00faltimo minuto sigui\u00f3 la gu\u00eda de noviembre emitida por la Oficina de Administraci\u00f3n y Presupuesto para alentar a los proyectos de infraestructura estatales y locales a aumentar el contenido nacional.&nbsp;La Sra. Grier dijo que es demasiado pronto para determinar el impacto de estas pol\u00edticas m\u00e1s recientes.<\/p>\n\n\n\n<p><strong>Escriba a<\/strong>\u00a0Yuka Hayashi a\u00a0<a rel=\"noreferrer noopener\" href=\"mailto:yuka.hayashi@wsj.com\" target=\"_blank\">yuka.hayashi@wsj.com<\/a><\/p>\n\n\n\n<p>Fuente: https:\/\/www.wsj.com\/articles\/bidens-buy-american-plan-eyed-warily-by-other-countries-11611493200?mod=hp_lead_pos4<\/p>\n","protected":false},"excerpt":{"rendered":"<p>Se espera orden ejecutiva el lunes;\u00a0socios comerciales que buscan ver si se reduce el acceso a los contratos estadounidenses YUKA [&hellip;]<\/p>\n","protected":false},"author":1,"featured_media":3739,"comment_status":"open","ping_status":"open","sticky":false,"template":"","format":"standard","meta":{"site-sidebar-layout":"default","site-content-layout":"","ast-site-content-layout":"default","site-content-style":"default","site-sidebar-style":"default","ast-global-header-display":"","ast-banner-title-visibility":"","ast-main-header-display":"","ast-hfb-above-header-display":"","ast-hfb-below-header-display":"","ast-hfb-mobile-header-display":"","site-post-title":"","ast-breadcrumbs-content":"","ast-featured-img":"","footer-sml-layout":"","theme-transparent-header-meta":"","adv-header-id-meta":"","stick-header-meta":"","header-above-stick-meta":"","header-main-stick-meta":"","header-below-stick-meta":"","astra-migrate-meta-layouts":"default","ast-page-background-enabled":"default","ast-page-background-meta":{"desktop":{"background-color":"var(--ast-global-color-4)","background-image":"","background-repeat":"repeat","background-position":"center center","background-size":"auto","background-attachment":"scroll","background-type":"","background-media":"","overlay-type":"","overlay-color":"","overlay-opacity":"","overlay-gradient":""},"tablet":{"background-color":"","background-image":"","background-repeat":"repeat","background-position":"center center","background-size":"auto","background-attachment":"scroll","background-type":"","background-media":"","overlay-type":"","overlay-color":"","overlay-opacity":"","overlay-gradient":""},"mobile":{"background-color":"","background-image":"","background-repeat":"repeat","background-position":"center center","background-size":"auto","background-attachment":"scroll","background-type":"","background-media":"","overlay-type":"","overlay-color":"","overlay-opacity":"","overlay-gradient":""}},"ast-content-background-meta":{"desktop":{"background-color":"var(--ast-global-color-5)","background-image":"","background-repeat":"repeat","background-position":"center center","background-size":"auto","background-attachment":"scroll","background-type":"","background-media":"","overlay-type":"","overlay-color":"","overlay-opacity":"","overlay-gradient":""},"tablet":{"background-color":"var(--ast-global-color-5)","background-image":"","background-repeat":"repeat","background-position":"center center","background-size":"auto","background-attachment":"scroll","background-type":"","background-media":"","overlay-type":"","overlay-color":"","overlay-opacity":"","overlay-gradient":""},"mobile":{"background-color":"var(--ast-global-color-5)","background-image":"","background-repeat":"repeat","background-position":"center center","background-size":"auto","background-attachment":"scroll","background-type":"","background-media":"","overlay-type":"","overlay-color":"","overlay-opacity":"","overlay-gradient":""}},"footnotes":""},"categories":[8],"tags":[],"class_list":["post-3738","post","type-post","status-publish","format-standard","has-post-thumbnail","hentry","category-noticias"],"_links":{"self":[{"href":"https:\/\/losperiodistas.com.mx\/portal\/wp-json\/wp\/v2\/posts\/3738","targetHints":{"allow":["GET"]}}],"collection":[{"href":"https:\/\/losperiodistas.com.mx\/portal\/wp-json\/wp\/v2\/posts"}],"about":[{"href":"https:\/\/losperiodistas.com.mx\/portal\/wp-json\/wp\/v2\/types\/post"}],"author":[{"embeddable":true,"href":"https:\/\/losperiodistas.com.mx\/portal\/wp-json\/wp\/v2\/users\/1"}],"replies":[{"embeddable":true,"href":"https:\/\/losperiodistas.com.mx\/portal\/wp-json\/wp\/v2\/comments?post=3738"}],"version-history":[{"count":1,"href":"https:\/\/losperiodistas.com.mx\/portal\/wp-json\/wp\/v2\/posts\/3738\/revisions"}],"predecessor-version":[{"id":3740,"href":"https:\/\/losperiodistas.com.mx\/portal\/wp-json\/wp\/v2\/posts\/3738\/revisions\/3740"}],"wp:featuredmedia":[{"embeddable":true,"href":"https:\/\/losperiodistas.com.mx\/portal\/wp-json\/wp\/v2\/media\/3739"}],"wp:attachment":[{"href":"https:\/\/losperiodistas.com.mx\/portal\/wp-json\/wp\/v2\/media?parent=3738"}],"wp:term":[{"taxonomy":"category","embeddable":true,"href":"https:\/\/losperiodistas.com.mx\/portal\/wp-json\/wp\/v2\/categories?post=3738"},{"taxonomy":"post_tag","embeddable":true,"href":"https:\/\/losperiodistas.com.mx\/portal\/wp-json\/wp\/v2\/tags?post=3738"}],"curies":[{"name":"wp","href":"https:\/\/api.w.org\/{rel}","templated":true}]}}