{"id":3732,"date":"2021-01-24T11:54:23","date_gmt":"2021-01-24T17:54:23","guid":{"rendered":"http:\/\/losperiodistas.com.mx\/portal\/?p=3732"},"modified":"2021-01-24T11:54:23","modified_gmt":"2021-01-24T17:54:23","slug":"quinientos-tres-anos-de-la-fundacion-de-la-arquidiocesis-angelopolitana","status":"publish","type":"post","link":"https:\/\/losperiodistas.com.mx\/portal\/quinientos-tres-anos-de-la-fundacion-de-la-arquidiocesis-angelopolitana\/","title":{"rendered":"Quinientos tres a\u00f1os de la fundaci\u00f3n de la Arquidi\u00f3cesis Angelopolitana"},"content":{"rendered":"\n<p class=\"has-vivid-cyan-blue-color has-text-color\" style=\"font-size:26px\"><em>Por Pbro. Jos\u00e9 Luis Bautista Gonz\u00e1lez<\/em><\/p>\n\n\n\n<p>Por sugerencia del Rey Carlos I de Espa\u00f1a y futuro V de Alemania, el Papa Le\u00f3n X con la bula \u201cSacri Apostolatus Ministerio\u201d del 24 de enero de 1518 erige la di\u00f3cesis Car\u00f3lense: \u201c\u2026con autoridad apost\u00f3lica, a tenor de las presentes, erigimos e instituimos para siempre a la Villa o pueblo\u2026.en ciudad que se lame Char\u00f3lense\u2026.bajo dicha advocaci\u00f3n de la Bienaventurada Virgen Maria de los Remedios a favor de un solo obispo llamado Char\u00f3lense\u2026.\u201d Con sede en Yucat\u00e1n, se\u00f1alando en tres ocasiones,<br>que no sabe de forma certera si el nuevo territorio se trata de una isla o tierra continental e infiri\u00e9ndose en la misma, la posibilidad remota del traslado de la sede.<br>Correspond\u00eda al rey Carlos I, por los privilegios que se le hab\u00edan<br>concedido a su abuelo Fernando el Cat\u00f3lico, con la bula \u201cuniversales<br>eclesial regiminis\u201d del 28 de julio de 1508 el presidir el Patronato Real,<br>gozando de todos sus privilegios, pero al tambi\u00e9n lo obligaba a<br>sustentar al obispo, al clero, facilitar los viajes de misi\u00f3n, construir<br>templos y hospitales as\u00ed como presentar a candidatos a los obispados y<br>fijar sus limites amen del pase regio y de la promoci\u00f3n de la<br>evangelizaci\u00f3n de los naturales. Es por eso que el rey, por las<br>facultades concedidas por tal bula, present\u00f3 al dominico Juli\u00e1n Garc\u00e9s<br>para ser el primer obispo, Con la bula \u201cDevonionis Tuae Probata<br>Sinceritas\u201d del 13 de octubre de 1525 el Papa Clemente VII aprueba su<br>petici\u00f3n.<br>Pero tras la emigraci\u00f3n tierra adentro, desaparece la sede<br>episcopal, por lo que fray Juli\u00e1n solicit\u00f3 a Carlos I marcharse tambi\u00e9n y<br>as\u00ed por c\u00e9dula real del 19 de septiembre de 1536, fij\u00e1ndose la nueva<br>sede en Tlaxcala. Fray Juli\u00e1n, aun estando en Granada, Espa\u00f1a pidi\u00f3 que su catedral fuera erigida por t\u00edtulo, no de los Remedios, sino de la<br>Inmaculada Concepci\u00f3n de Mar\u00eda y meses despu\u00e9s, a principios de<br>1527 se traslad\u00f3 a Sevilla para posteriormente viajar a la Nueva<br>Espa\u00f1a, llegando a M\u00e9xico a principios de 1528, donde permanece<br>hasta 1531 y de ah\u00ed se traslada a su sede en Tlaxcala.<br>La causa principal del posterior traslado de la Sede episcopal de<br>Tlaxcala a la reci\u00e9n fundada Puebla aparece en el acta capitular,<br>firmada por Fray Juli\u00e1n Garc\u00e9s y otras personas fechada el 20 de<br>septiembre de 1541, se\u00f1alando como raz\u00f3n el hecho que en Tlaxcala<br>no hab\u00eda un templo digno y en Puebla ya exist\u00eda un templo terminado<br>para ocupar dicha sede. En el acta capitular del 30 de enero de 1543 se<br>asienta que Carlos I confirm\u00f3 dicho traslado. Y as\u00ed en la Real C\u00e9dula<br>firmada en Valladolid, Espa\u00f1a el 6 de junio de 1543 por el Pr\u00edncipe<br>Regente, Felipe, futuro rey de Espa\u00f1a, se afirma y se ratifica<br>plenamente que la \u201cCiudad de la Puebla de los \u00c1ngeles\u201d sea la sede<br>definitiva del obispo Carolense.<\/p>\n\n\n\n<figure class=\"wp-block-image size-large\"><img fetchpriority=\"high\" decoding=\"async\" width=\"758\" height=\"610\" src=\"https:\/\/losperiodistas.com.mx\/portal\/wp-content\/uploads\/2021\/01\/Captura-de-Pantalla-2021-01-24-a-las-11.43.17.jpg\" alt=\"\" class=\"wp-image-3733\" srcset=\"https:\/\/losperiodistas.com.mx\/portal\/wp-content\/uploads\/2021\/01\/Captura-de-Pantalla-2021-01-24-a-las-11.43.17.jpg 758w, https:\/\/losperiodistas.com.mx\/portal\/wp-content\/uploads\/2021\/01\/Captura-de-Pantalla-2021-01-24-a-las-11.43.17-300x241.jpg 300w\" sizes=\"(max-width: 758px) 100vw, 758px\" \/><\/figure>\n\n\n\n<p><br>Cabe mencionar que esta di\u00f3cesis quedo como sufrag\u00e1nea de la Sede Arzobispal de M\u00e9xico con la bula \u201cSuper universas Orbis Eclesial\u201d del Papa Paulo III. As\u00ed pues, los Obispos que han gobernado esta Di\u00f3cesis hasta el a\u00f1o 1904 fueron 33. Mencionando esa fecha como la de un cambio, ya que, en esos a\u00f1os, el Venerable Obispo Ram\u00f3n Ibarra y Gonz\u00e1lez (1902-1917)<br>hizo las gestiones ante la Santa Sede Apost\u00f3lica de Roma para que la<br>Di\u00f3cesis fuera elevada a Arquidi\u00f3cesis, lo que logro el 9 de agosto de<br>1903, cuando por las Letras Apost\u00f3licas, el Papa San P\u00edo X aprob\u00f3 y<br>confirm\u00f3 la elevaci\u00f3n al rango de Arzobispado de Puebla de los \u00c1ngeles.<\/p>\n\n\n\n<p><br>Por tanto, hemos contado con ocho arzobispos, contando al<br>mismo venerable Ram\u00f3n Ibarra y Gonz\u00e1lez, los que se suman a los 33<br>obispos que ya he mencionado para dar el total de 39 prelados que han<br>gobernado esta sede. Respecto a los obispos que la rigieron hasta el<br>momento de su elevaci\u00f3n a su condici\u00f3n arquidiocesana actual cabe<br>mencionar algunas precisiones: cuatro obispos no gobernaron<br>directamente: Pablo Gil de Talavera (1543-1545) ya que muri\u00f3 antes<br>de tomar posesi\u00f3n; Ignacio Urbina (1702-1703) quien a causa de su<br>avanzada edad y de sus enfermedades renunci\u00f3 al Obispado de Puebla<br>cuando ya hab\u00eda recibido las bulas; Garc\u00eda de Legaspi Velasco (1704-<br>1706) quien tomo posesi\u00f3n por apoderado, la gobern\u00f3 pero no recibi\u00f3<br>las bulas respectivas y Pedro Gonz\u00e1lez Garc\u00eda (1738-1743) quien tomo<br>posesi\u00f3n de la di\u00f3cesis por apoderado pero no la gobern\u00f3 por no haber<br>podido embarcar. Tambi\u00e9n hubo dos obispos promovidos, pero no se<br>les menciona como residenciales porque no recibieron las bulas: Juan<br>de Santa Mar\u00eda Saenz de Ma\u00f1osca (1656) quien fue trasladado de<br>Guatemala a Puebla, pero muri\u00f3 en el trayecto, as\u00ed como Jos\u00e9 Mar\u00eda del<br>Refugio y Alba (1887) quien fue trasladado de Zacatecas a Puebla, pero<br>muri\u00f3 poco despu\u00e9s de su promoci\u00f3n sin haber recibido las bulas.<br><\/p>\n\n\n\n<p>Igualmente, ci\u00f1\u00e9ndonos a sus biograf\u00edas, podemos afirmar que<br>esta humilde porci\u00f3n del pueblo de Dios ha sido gobernada por<br>hombres insignes que la han beneficiado por los diversos carismas que<br>el Se\u00f1or les ha brindado: y que a lo largo de la historia en sus diversos<br>procesos no solo han tenido un papel a nivel diocesano sino tambi\u00e9n a<br>nivel nacional en los diversos campos de la cultura: humanistas<br>insignes como lo fueron Fray Juli\u00e1n Garc\u00e9s y el beato Juan de Palafox y<br>Mendoza; pastores santos y sensibles de la Teolog\u00eda de la Cruz como lo<br>fueron: Manuel Fern\u00e1ndez de Santa Cruz, el venerable Ram\u00f3n Ibarra y<br>Gonz\u00e1lez, Pedro Vera y el mismo Juan de Palafox y Mendoza; prelados<br>imbuidos en la problem\u00e1tica de nuestra Patria como fueron; Diego<br>Osorio Escobar y Llamas, Antonio Joaqu\u00edn P\u00e9rez Mart\u00ednez, Francisco<br>Pablo V\u00e1zquez y Pelagio Antonio de Labastida y D\u00e1valos; hombres<br>sabios y doctos como lo fueron Juan Antonio de Lardiz\u00e1bal y Elorza,<br>Pedro Gonz\u00e1lez Garc\u00eda, Francisco de Paula Verea, Jos\u00e9 Mar\u00eda Mora y<br>Daza; grandes constructores de la di\u00f3cesis tanto en lo material como<br>espiritual como lo son nuevamente el ilustre don Juan de Palafox,<br>Ram\u00f3n Ibarra y Gonz\u00e1lez, Octaviano M\u00e1rquez y Toriz y Rosendo<br>Huesca Pacheco; humildes y piadosos como lo fueron: Martin<br>Sarmiento, Antonio de Morales y Molina, Domingo Pantale\u00f3n \u00c1lvarez<br>de Abreu, Francisco M. Vargas, Ignacio M\u00e1rquez y Toriz y Ernesto<br>Corripio Ahumada, entre otros.<\/p>\n\n\n\n<p><br>Cabe mencionar que este territorio angelopolitano ha sido<br>gobernado por m\u00e1s de 150 a\u00f1os solo por 8 obispos y que entre los<br>episcopados m\u00e1s extensos se cuentan el de Rosendo Huesca Pacheco<br>(1977-2009) con m\u00e1s de 31 a\u00f1os; el de Diego Romano (1578-1606)<br>con m\u00e1s de 28 a\u00f1os; el de Manuel Fern\u00e1ndez de Santa Cruz (1676-<br>1699) con m\u00e1s de 23 a\u00f1os; el de Octaviano M\u00e1rquez y Toriz (1951-<br>1975) con mas de 24 a\u00f1os; el de Pedro Vera y Zuria (1824.1845) con<br>m\u00e1s de 21 a\u00f1os y el de Domingo Pantale\u00f3n Alvarez de Abreu (1743-<br>1763) cuya labor fue de casi 20 a\u00f1os. Y en la actualidad, desde hace<br>pr\u00e1cticamente 12 a\u00f1os, por Don V\u00edctor S\u00e1nchez Espinoza, quien se ha<br>destacado como un pastor con olor a oveja, el cual la ha recorrido ya en<br>varias ocasiones, aun llegando a lugares agrestes o rec\u00f3nditos, y el cual<br>ha destacado durante su episcopado por su afabilidad, sencillez y<br>humildad.<\/p>\n\n\n\n<p><br>Es importante mencionar para quienes aman esta ciudad<br>Angelopolitana y su historia religiosa, que pueden admirar en la sala<br>capitular de la Catedral las pinturas de \u00e9stos insignes prelados: al<br>fondo de esta, en el lugar de honor, se encuentran dos medallones de<br>estilo florentino con los retratos del Papa Le\u00f3n X y del Emperador<br>Carlos V, cuya importancia en la fundaci\u00f3n de esta di\u00f3cesis fue<br>fundamental; en las paredes de esta sala, en dos hileras, aparecen los<br>retratos al \u00f3leo de cada uno de los obispos de la Arquidi\u00f3cesis<br>Angelopolitana. En los mismos retratos, en la parte superior se halla el<br>elogio en tres adjetivos y, al calce, una s\u00edntesis biogr\u00e1fica de cada uno<br>de los obispos.<br>De tal forma que, por su importancia en su desarrollo y su<br>inmensa labor, puedo afirmar sin temor a equivocarme, que la historia<br>de esta Puebla de los \u00c1ngeles no podr\u00eda entenderse sin la actividad de<br>cada uno de los 39 obispos que han gobernado esta antiqu\u00edsima<br>di\u00f3cesis: cada uno de ellos ha puesto su ministerio, inteligencia,<br>esfuerzo, tes\u00f3n, valor, energ\u00eda, ciencia, piedad, alegr\u00eda, entusiasmo,<br>junto con los sufrimientos, problemas y calumnias que han sufrido,<br>dando con ello testimonio de la teolog\u00eda de la Cruz, para que podamos<br>entender desde la fe que esta Iglesia ciertamente esta cimentada en el<br>hombre, pero que su basamento es Cristo ya que en vano se cansan los<br>alba\u00f1iles si el Se\u00f1or no construye la casa. A todos ellos junto con sus cabildos catedralicios, presbiterios y<br>fieles que han trabajado infatigablemente por esta Di\u00f3cesis a lo largo<br>de m\u00e1s de cinco siglos, mi m\u00e1s profundo reconocimiento y mi oraci\u00f3n<br>para que el Se\u00f1or recompense sus esfuerzos y trabajos, tanto en su<br>peregrinar por este mundo, como en la eternidad.<\/p>\n\n\n\n<figure class=\"wp-block-image size-large\"><img decoding=\"async\" width=\"677\" height=\"1024\" src=\"https:\/\/losperiodistas.com.mx\/portal\/wp-content\/uploads\/2021\/01\/Captura-de-Pantalla-2021-01-24-a-las-11.43.30-677x1024.jpg\" alt=\"\" class=\"wp-image-3734\" srcset=\"https:\/\/losperiodistas.com.mx\/portal\/wp-content\/uploads\/2021\/01\/Captura-de-Pantalla-2021-01-24-a-las-11.43.30-677x1024.jpg 677w, https:\/\/losperiodistas.com.mx\/portal\/wp-content\/uploads\/2021\/01\/Captura-de-Pantalla-2021-01-24-a-las-11.43.30-198x300.jpg 198w, https:\/\/losperiodistas.com.mx\/portal\/wp-content\/uploads\/2021\/01\/Captura-de-Pantalla-2021-01-24-a-las-11.43.30.jpg 758w\" sizes=\"(max-width: 677px) 100vw, 677px\" \/><\/figure>\n\n\n\n<p><br>Finalmente, quiero externar un reconocimiento a Don Rosendo Huesca Pacheco, de feliz memoria, por la ardua labor que realiz\u00f3 durante su episcopado, al frente de su reba\u00f1o y quien nos dejo hace m\u00e1s de tres a\u00f1os.<br><\/p>\n\n\n\n<p>Igualmente le ruego a Dios, que siga llenando de sus bienes, dones y carismas al cuadrag\u00e9simo obispo de Puebla y octavo arzobispo, Don V\u00edctor<br>S\u00e1nchez Espinosa, en estos momentos tan dif\u00edciles que nos ha tocado vivir. Al tener que desempe\u00f1ar su misi\u00f3n en medio de una pandemia que hasta el momento y seg\u00fan cifras oficiales, ha costado la vida de m\u00e1s de 148,000 mexicanos, entre ellos, miles de poblanos y 38 cl\u00e9rigos y religiosos que han sido llamados a la casa del Padre durante estos terribles meses, tanto por el COVID-19 como por otras causas. Empero, debido a que la vida ha de continuar y que nada debe impedirnos, ni continuar en nuestro servicio, ni de evocar las grandes fechas de nuestro pasado es por lo cual he redactado estas l\u00edneas, para evocar y festejar un aniversario m\u00e1s de la fundaci\u00f3n de<br>nuestra querida Arquidi\u00f3cesis.<\/p>\n\n\n\n<figure class=\"wp-block-image size-large\"><img decoding=\"async\" width=\"222\" height=\"180\" src=\"https:\/\/losperiodistas.com.mx\/portal\/wp-content\/uploads\/2021\/01\/Captura-de-Pantalla-2021-01-24-a-las-11.44.01.jpg\" alt=\"\" class=\"wp-image-3735\"\/><\/figure>\n\n\n\n<p><\/p>\n","protected":false},"excerpt":{"rendered":"<p>Por Pbro. Jos\u00e9 Luis Bautista Gonz\u00e1lez Por sugerencia del Rey Carlos I de Espa\u00f1a y futuro V de Alemania, el [&hellip;]<\/p>\n","protected":false},"author":1,"featured_media":3736,"comment_status":"open","ping_status":"open","sticky":false,"template":"","format":"standard","meta":{"site-sidebar-layout":"default","site-content-layout":"","ast-site-content-layout":"default","site-content-style":"default","site-sidebar-style":"default","ast-global-header-display":"","ast-banner-title-visibility":"","ast-main-header-display":"","ast-hfb-above-header-display":"","ast-hfb-below-header-display":"","ast-hfb-mobile-header-display":"","site-post-title":"","ast-breadcrumbs-content":"","ast-featured-img":"","footer-sml-layout":"","theme-transparent-header-meta":"","adv-header-id-meta":"","stick-header-meta":"","header-above-stick-meta":"","header-main-stick-meta":"","header-below-stick-meta":"","astra-migrate-meta-layouts":"default","ast-page-background-enabled":"default","ast-page-background-meta":{"desktop":{"background-color":"var(--ast-global-color-4)","background-image":"","background-repeat":"repeat","background-position":"center center","background-size":"auto","background-attachment":"scroll","background-type":"","background-media":"","overlay-type":"","overlay-color":"","overlay-opacity":"","overlay-gradient":""},"tablet":{"background-color":"","background-image":"","background-repeat":"repeat","background-position":"center center","background-size":"auto","background-attachment":"scroll","background-type":"","background-media":"","overlay-type":"","overlay-color":"","overlay-opacity":"","overlay-gradient":""},"mobile":{"background-color":"","background-image":"","background-repeat":"repeat","background-position":"center center","background-size":"auto","background-attachment":"scroll","background-type":"","background-media":"","overlay-type":"","overlay-color":"","overlay-opacity":"","overlay-gradient":""}},"ast-content-background-meta":{"desktop":{"background-color":"var(--ast-global-color-5)","background-image":"","background-repeat":"repeat","background-position":"center center","background-size":"auto","background-attachment":"scroll","background-type":"","background-media":"","overlay-type":"","overlay-color":"","overlay-opacity":"","overlay-gradient":""},"tablet":{"background-color":"var(--ast-global-color-5)","background-image":"","background-repeat":"repeat","background-position":"center center","background-size":"auto","background-attachment":"scroll","background-type":"","background-media":"","overlay-type":"","overlay-color":"","overlay-opacity":"","overlay-gradient":""},"mobile":{"background-color":"var(--ast-global-color-5)","background-image":"","background-repeat":"repeat","background-position":"center center","background-size":"auto","background-attachment":"scroll","background-type":"","background-media":"","overlay-type":"","overlay-color":"","overlay-opacity":"","overlay-gradient":""}},"footnotes":""},"categories":[22],"tags":[],"class_list":["post-3732","post","type-post","status-publish","format-standard","has-post-thumbnail","hentry","category-opinion-invitada"],"_links":{"self":[{"href":"https:\/\/losperiodistas.com.mx\/portal\/wp-json\/wp\/v2\/posts\/3732","targetHints":{"allow":["GET"]}}],"collection":[{"href":"https:\/\/losperiodistas.com.mx\/portal\/wp-json\/wp\/v2\/posts"}],"about":[{"href":"https:\/\/losperiodistas.com.mx\/portal\/wp-json\/wp\/v2\/types\/post"}],"author":[{"embeddable":true,"href":"https:\/\/losperiodistas.com.mx\/portal\/wp-json\/wp\/v2\/users\/1"}],"replies":[{"embeddable":true,"href":"https:\/\/losperiodistas.com.mx\/portal\/wp-json\/wp\/v2\/comments?post=3732"}],"version-history":[{"count":1,"href":"https:\/\/losperiodistas.com.mx\/portal\/wp-json\/wp\/v2\/posts\/3732\/revisions"}],"predecessor-version":[{"id":3737,"href":"https:\/\/losperiodistas.com.mx\/portal\/wp-json\/wp\/v2\/posts\/3732\/revisions\/3737"}],"wp:featuredmedia":[{"embeddable":true,"href":"https:\/\/losperiodistas.com.mx\/portal\/wp-json\/wp\/v2\/media\/3736"}],"wp:attachment":[{"href":"https:\/\/losperiodistas.com.mx\/portal\/wp-json\/wp\/v2\/media?parent=3732"}],"wp:term":[{"taxonomy":"category","embeddable":true,"href":"https:\/\/losperiodistas.com.mx\/portal\/wp-json\/wp\/v2\/categories?post=3732"},{"taxonomy":"post_tag","embeddable":true,"href":"https:\/\/losperiodistas.com.mx\/portal\/wp-json\/wp\/v2\/tags?post=3732"}],"curies":[{"name":"wp","href":"https:\/\/api.w.org\/{rel}","templated":true}]}}