{"id":3723,"date":"2021-01-24T09:43:15","date_gmt":"2021-01-24T15:43:15","guid":{"rendered":"http:\/\/losperiodistas.com.mx\/portal\/?p=3723"},"modified":"2021-01-24T09:43:15","modified_gmt":"2021-01-24T15:43:15","slug":"paso-hace-15-anos-muchos-no-recuerdan-o-no-saben-de-los-dias-terribles-de-amlo-ugalde-si-sinembargo","status":"publish","type":"post","link":"https:\/\/losperiodistas.com.mx\/portal\/paso-hace-15-anos-muchos-no-recuerdan-o-no-saben-de-los-dias-terribles-de-amlo-ugalde-si-sinembargo\/","title":{"rendered":"Pas\u00f3 hace 15 a\u00f1os. Muchos no recuerdan, o no saben de los d\u00edas terribles de AMLO. Ugalde s\u00ed | SinEmbargo"},"content":{"rendered":"\n<p style=\"font-size:18px\"><em>Acad\u00e9mico del CIDE, consultor pol\u00edtico y personaje central durante las elecciones cerradas de 2006. El entonces consejero presidente del IFE, Luis Carlos Ugalde, considera que \u201clos alegatos\u201d de supuesto fraude asegurados hace 15 a\u00f1os por el lopezobradorismo son semejantes a los se\u00f1alamientos del trumpismo sobre las recientes elecciones de Estados Unidos.<\/em><\/p>\n\n\n\n<p class=\"has-vivid-cyan-blue-color has-text-color has-medium-font-size\">DULCE OLVERA \/ SIN EMBARGO<\/p>\n\n\n\n<p>Ciudad de M\u00e9xico, 24 de enero (SinEmbargo).\u2013 A las 11:17 de la lluviosa noche del&nbsp;<strong>2 de julio de 2006<\/strong>, 17 minutos despu\u00e9s del mensaje del&nbsp;<strong>Instituto Federal Electoral (IFE)<\/strong>&nbsp;en que se declar\u00f3 empate t\u00e9cnico, el candidato presidencial&nbsp;<strong>Andr\u00e9s Manuel L\u00f3pez Obrador<\/strong>&nbsp;dijo desde el hotel Marquis en la Ciudad de M\u00e9xico que su encuestadora Covarrubias le hab\u00eda informado que iban \u201c500 mil votos arriba\u201d, dato que reiter\u00f3 en su mitin en el Z\u00f3calo a medianoche. Pero la due\u00f1a de la encuestadora, Ana Cristina Covarrubias, aclar\u00f3 cuatro meses despu\u00e9s en un seminario que le dijo que iban un punto porcentual abajo (alrededor de 400 mil votos), seg\u00fan comparti\u00f3&nbsp;<strong>Luis Carlos Ugalde<\/strong>, el presidente del \u00e1rbitro electoral (2003- 2007) en aquellas cuestionadas elecciones.<\/p>\n\n\n\n<p>\u2013Felipe Calder\u00f3n quiere hablar contigo\u2013 le dijo su secretario particular Alejandro R\u00edos Camarena aquel domingo. Eran entre las 9 y las 10 de la noche. Ugalde hizo una exclamaci\u00f3n silenciosa con los brazos, en tono de rechazo.<\/p>\n\n\n\n<blockquote class=\"wp-block-quote is-style-large is-layout-flow wp-block-quote-is-layout-flow\"><p>\u2014El doctor Ugalde no est\u00e1 tomando llamadas de ning\u00fan candidato \u2014contest\u00f3 R\u00edos Camarena. Del otro lado de la l\u00ednea insist\u00edan en que Calder\u00f3n quer\u00eda hablar con el presidente del IFE. Lo lamento \u2014dijo R\u00edos Camarena\u2014, es una decisi\u00f3n tomada hace d\u00edas y no hablar\u00e1 con ning\u00fan candidato.<\/p><\/blockquote>\n\n\n\n<p><img fetchpriority=\"high\" decoding=\"async\" src=\"https:\/\/i0.wp.com\/sinembargo.mx\/wp-content\/uploads\/2021\/01\/ugalde-ife.jpg\" alt=\"\" width=\"700\" height=\"440\" srcset=\"https:\/\/i0.wp.com\/sinembargo.mx\/wp-content\/uploads\/2021\/01\/ugalde-ife.jpg 700w, https:\/\/i0.wp.com\/sinembargo.mx\/wp-content\/uploads\/2021\/01\/ugalde-ife-300x189.jpg 300w\"><\/p>\n\n\n\n<p>Luis Carlos Ugalde supervisando la producci\u00f3n de casillas. Foto: p\u00e1gina de Luis Carlos Ugalde<\/p>\n\n\n\n<p>Las casillas hab\u00edan cerrado desde las ocho de la noche. Ugalde ya hab\u00eda votado en una en la colonia Polanco. Desde la ma\u00f1ana, los de la Coalici\u00f3n \u201cPor el Bien de Todos\u201d ya se declaraban ganadores. Hacia las 11:40 de la noche, el ahora acad\u00e9mico y director de la consultor\u00eda pol\u00edtica Integralia habl\u00f3 con el Presidente Vicente Fox Quesada (2000-2006), luego de que en cadena nacional, preocupado por dentro y tranquilo por fuera, hab\u00eda declarado que hab\u00eda un empate y que habr\u00eda que esperar hasta el mi\u00e9rcoles 5 de julio para el conteo de c\u00f3mputos distritales y saber los resultados oficiales. Para el presidente del IFE,&nbsp;Fox se hab\u00eda invalidado por sus intervenciones en la campa\u00f1a (de ah\u00ed el famoso \u201cc\u00e1llate, chachalaca\u201d) y su mensaje en cadena nacional inmediatamente del suyo.<\/p>\n\n\n\n<p>\u2014Se\u00f1or Presidente, la encuesta m\u00e1s seria del pa\u00eds es la que hizo el IFE, no hay otra con tanta precisi\u00f3n. No haber dado a conocer a un ganador es resultado de una recomendaci\u00f3n del Comit\u00e9 de Cient\u00edficos del Conteo R\u00e1pido, no m\u00eda.<\/p>\n\n\n\n<blockquote class=\"wp-block-quote is-style-large is-layout-flow wp-block-quote-is-layout-flow\"><p>El margen era solo de 243 mil votos luego de una reconocida guerra sucia y ambiente polarizado que dio pie a reformas a la Ley electoral que prohiben spots pagados. \u201cEstaba furioso\u201d, evoc\u00f3 Ugalde. El expresidente panista le recrimin\u00f3 que \u201cera una l\u00e1stima\u201d que no hubiera declarado ganador al abanderado blanquiazul, a quien finalmente se le atribuyeron m\u00e1s votos con una diferencia de 0.54 por ciento frente a L\u00f3pez Obrador, quien llam\u00f3 a un plant\u00f3n en la Avenida Reforma.<\/p><\/blockquote>\n\n\n\n<p><img decoding=\"async\" src=\"https:\/\/i0.wp.com\/sinembargo.mx\/wp-content\/uploads\/2021\/01\/fox-ugalde.jpg\" alt=\"\" width=\"700\" height=\"431\" srcset=\"https:\/\/i0.wp.com\/sinembargo.mx\/wp-content\/uploads\/2021\/01\/fox-ugalde.jpg 700w, https:\/\/i0.wp.com\/sinembargo.mx\/wp-content\/uploads\/2021\/01\/fox-ugalde-300x185.jpg 300w\"><\/p>\n\n\n\n<p>El Presidente Vicente Fox escuchando un mensaje del Consejero presidente del IFE Luis Carlos Ugalde el 2 de julio de 2006. Foto: Cuartoscuro.<\/p>\n\n\n\n<p>Cuando Ugalde estaba bajando de la camioneta para ingresar en la sala de sesiones del Consejo General, tras colgar abruptamente con Fox, su secretario particular recibi\u00f3 en su tel\u00e9fono una llamada. Era la lideresa magisterial Elba Esther Gordillo.<\/p>\n\n\n\n<p>\u2014Habla Elba Esther Gordillo. Comun\u00edqueme con Luis Carlos Ugalde \u2014le dijo.<\/p>\n\n\n\n<p>\u2014El doctor Ugalde no puede tomar la llamada, est\u00e1 a punto de entrar en la sesi\u00f3n del Consejo General.<\/p>\n\n\n\n<p>\u2014\u00a1C\u00f3mo que no puede tomar la llamada! Usted no sabe qui\u00e9n soy.<\/p>\n\n\n\n<p>Ugalde, en sustituci\u00f3n de la aplaudida gesti\u00f3n de Jos\u00e9 Woldenberg, lleg\u00f3 en 2003 a la presidencia del IFE por decisi\u00f3n y voto de los diputados del Partido Revolucionario Institucional (PRI), Partido Acci\u00f3n Nacional (PAN) y Convergencia (hoy Movimiento Ciudadano), cuando Elba Esther Gordillo lideraba a los diputados del tricolor. \u00c9l reconoce que fue un proceso \u201cdiscrecional\u201d y que luego la maestra, a quien conoci\u00f3\u00a0en casa de la exconsejera del IFAI, Mar\u00eda Elena P\u00e9rez-Ja\u00e9n, se arrepinti\u00f3 de haberlo impulsado. El Partido de la Revoluci\u00f3n Democr\u00e1tica (PRD) se abstuvo en esa designaci\u00f3n porque el gallo del coordinador de la bancada, Pablo G\u00f3mez, era Jes\u00fas Cant\u00fa Escalante, exconsejero electoral de 1996 a 2003, opci\u00f3n rechazada por los legisladores priistas y panistas.<\/p>\n\n\n\n<p>VER M\u00c1S: https:\/\/www.sinembargo.mx\/12-01-2021\/3923123<\/p>\n\n\n\n<figure class=\"wp-block-embed-wordpress wp-block-embed is-type-wp-embed is-provider-sinembargo-mx\"><div class=\"wp-block-embed__wrapper\">\n<blockquote class=\"wp-embedded-content\" data-secret=\"SXvlo2lU9C\"><a href=\"https:\/\/www.sinembargo.mx\/15-01-2021\/3925131\">Morena denuncia a C\u00f3rdova y Murayama por pronunciarse contra las conferencias de AMLO<\/a><\/blockquote><iframe class=\"wp-embedded-content\" sandbox=\"allow-scripts\" security=\"restricted\" style=\"position: absolute; visibility: hidden;\" title=\"\u00abMorena denuncia a C\u00f3rdova y Murayama por pronunciarse contra las conferencias de AMLO\u00bb \u2014 SinEmbargo MX\" src=\"https:\/\/www.sinembargo.mx\/15-01-2021\/3925131\/embed#?secret=SXvlo2lU9C\" data-secret=\"SXvlo2lU9C\" width=\"500\" height=\"282\" frameborder=\"0\" marginwidth=\"0\" marginheight=\"0\" scrolling=\"no\"><\/iframe>\n<\/div><\/figure>\n\n\n\n<figure class=\"wp-block-embed-wordpress wp-block-embed is-type-wp-embed is-provider-sinembargo-mx\"><div class=\"wp-block-embed__wrapper\">\n<blockquote class=\"wp-embedded-content\" data-secret=\"2fMpR7TDU0\"><a href=\"https:\/\/www.sinembargo.mx\/11-01-2021\/3922914\">Lorenzo C\u00f3rdova afirma que la ma\u00f1anera de AMLO debe parar en abril y mayo por las elecciones<\/a><\/blockquote><iframe class=\"wp-embedded-content\" sandbox=\"allow-scripts\" security=\"restricted\" style=\"position: absolute; visibility: hidden;\" title=\"\u00abLorenzo C\u00f3rdova afirma que la ma\u00f1anera de AMLO debe parar en abril y mayo por las elecciones\u00bb \u2014 SinEmbargo MX\" src=\"https:\/\/www.sinembargo.mx\/11-01-2021\/3922914\/embed#?secret=2fMpR7TDU0\" data-secret=\"2fMpR7TDU0\" width=\"500\" height=\"282\" frameborder=\"0\" marginwidth=\"0\" marginheight=\"0\" scrolling=\"no\"><\/iframe>\n<\/div><\/figure>\n\n\n\n<p><\/p>\n\n\n\n<p>Aquella noche de tensi\u00f3n y nerviosismo, la dej\u00f3 esperando en el tel\u00e9fono. Volvi\u00f3 a llamarle, pero volvi\u00f3 a rechazarla.<\/p>\n\n\n\n<p>\u2014Le faltaron huevos a Ugalde \u2013habr\u00eda dicho Elba Esther, seg\u00fan le contaron despu\u00e9s al exconsejero.<\/p>\n\n\n\n<blockquote class=\"wp-block-quote is-style-large is-layout-flow wp-block-quote-is-layout-flow\"><p>Ugalde lleg\u00f3 a la sesi\u00f3n del Consejo y a las 11 horas en punto inform\u00f3 en cadena nacional que hab\u00eda un empate. Tres a\u00f1os despu\u00e9s de la destituci\u00f3n de Ugalde del IFE en el 2007 por parte del Poder Legislativo, el Tribunal Electoral (TEPJF) decidi\u00f3 destruir las boletas, aunque las actas son p\u00fablicas, y se reform\u00f3 la Ley Electoral para evitar que se repitiera la guerra sucia como la del Consejo Coordinador Empresarial (CCE), que emiti\u00f3 spots contra el candidato del Sol Azteca, los cuales fueron retirados posteriormente a sus transmisiones en medios de comunicaci\u00f3n, particularmente en&nbsp;<em>Televisa<\/em>&nbsp;y&nbsp;<em>TV Azteca.<\/em><\/p><\/blockquote>\n\n\n\n<p><img decoding=\"async\" src=\"https:\/\/i0.wp.com\/sinembargo.mx\/wp-content\/uploads\/2021\/01\/toma-protesta-calderon.jpg\" alt=\"\" width=\"700\" height=\"464\" srcset=\"https:\/\/i0.wp.com\/sinembargo.mx\/wp-content\/uploads\/2021\/01\/toma-protesta-calderon.jpg 700w, https:\/\/i0.wp.com\/sinembargo.mx\/wp-content\/uploads\/2021\/01\/toma-protesta-calderon-300x199.jpg 300w\"><\/p>\n\n\n\n<p>Toma de protesta del Presidente Felipe Calder\u00f3n en diciembre de 2006. Foto: Cuartoscuro.<\/p>\n\n\n\n<p>Guadalupe Acosta Naranjo, el entonces Secretario general del partido que abander\u00f3 a L\u00f3pez Obrador, record\u00f3 aquella campa\u00f1a de \u201cAndr\u00e9s Manuel es un peligro para M\u00e9xico\u201d. En aquel momento, contextualiz\u00f3, no estaba el sistema actual de utilizar los tiempos del Estado para transmitir los spots ni estaba prohibido pagar por tiempos en la radio y televisi\u00f3n, pero al Consejero presidente le falt\u00f3 voluntad y \u201cser m\u00e1s m\u00e1s estricto\u201d para garantizar equidad en el proceso electoral.<\/p>\n\n\n\n<blockquote class=\"wp-block-quote is-style-large is-layout-flow wp-block-quote-is-layout-flow\"><p>\u201cLuis Carlos dice que no ten\u00eda la facultad legal, pero ten\u00eda base constitucional para actuar a favor de la contienda y sobre todo voluntad, porque el \u00e1rbitro saca tarjetas. No participa a favor de uno ni de otro, pero pone orden y no permite que se violen las reglas. El Consejo general que presidi\u00f3 Woldenberg (1996-2003) no ten\u00eda la capacidad de fiscalizaci\u00f3n que hoy se tiene, pero fiscaliz\u00f3 lo de Amigos de Fox y el Pemexgate. No ten\u00edan las herramientas legales, pero tomaron decisiones, tuvieron voluntad de ir un poco m\u00e1s all\u00e1 para meter orden en la campa\u00f1a del 2000\u201d, dijo Acosta Naranjo.<\/p><\/blockquote>\n\n\n\n<p>\u201cPudo haber hecho mucho m\u00e1s el Consejo general del INE en sacarles tarjetas amarillas y hasta rojas tanto al Presidente Vicente Fox como a los empresarios y televisoras. Fox dec\u00eda que no se val\u00eda cambiar de caballo a mitad del r\u00edo para decir que deber\u00eda seguirse el apoyo al PAN porque solo llevaban un sexenio\u201d,\u00a0expuso.<\/p>\n\n\n\n<p><strong>\u201cEL MITO\u201d DEL FRAUDE<\/strong><\/p>\n\n\n\n<p>Carlos Ugalde, economista por el Instituto Tecnol\u00f3gico Aut\u00f3nomo de M\u00e9xico (ITAM), dice no ser aliado de nadie ni ser representante de ning\u00fan partido pol\u00edtico, pero en un documento de proyectos a futuro \u2013publicado por la revista&nbsp;<em>Proceso<\/em>&nbsp;en 2007\u2013 plante\u00f3 en una lista de \u201caliados\u201d para publicidad pol\u00edtica a personajes de medios de comunicaci\u00f3n como Bernardo G\u00f3mez (<em>Televisa<\/em>), Leo Zuckermann, Carlos Elizondo, Jorge Casta\u00f1eda, H\u00e9ctor Aguilar Cam\u00edn (algunos tambi\u00e9n amigos del CIDE) e incluso, para un proyecto de un centro de estudios, a los empresarios Claudio X. Gonz\u00e1lez y Alberto Baill\u00e8res, todos ellos actuales cr\u00edticos del Presidente Andr\u00e9s Manuel L\u00f3pez Obrador.<\/p>\n\n\n\n<blockquote class=\"wp-block-quote is-style-large is-layout-flow wp-block-quote-is-layout-flow\"><p>Otro de sus proyectos fue el libro&nbsp;<em>As\u00ed lo Viv\u00ed (<\/em>Grijalbo<em>, 2008)<\/em>. Lo termin\u00f3 de escribir en septiembre de 2008 en Boston, Estados Unidos, adonde se fue a vivir y dar clases en la Universidad de Harvard tras su salida del IFE. Antes ya hab\u00eda laborado en la embajada de M\u00e9xico en aquel pa\u00eds en tiempos del Embajador Jes\u00fas Reyes Heroles Gonz\u00e1lez-Garza (1997-2000), priista extitular de Petr\u00f3leos Mexicanos (2006-2009), otro de sus \u201caliados\u201d.<\/p><\/blockquote>\n\n\n\n<p><img loading=\"lazy\" decoding=\"async\" src=\"https:\/\/i0.wp.com\/sinembargo.mx\/wp-content\/uploads\/2021\/01\/ugalde-mcc.jpg\" alt=\"\" width=\"700\" height=\"467\" srcset=\"https:\/\/i0.wp.com\/sinembargo.mx\/wp-content\/uploads\/2021\/01\/ugalde-mcc.jpg 700w, https:\/\/i0.wp.com\/sinembargo.mx\/wp-content\/uploads\/2021\/01\/ugalde-mcc-300x200.jpg 300w\"><\/p>\n\n\n\n<p>El director de Integralia Luis Carlos Ugalde con investigadores de Mexicanos Contra la Corrupci\u00f3n, organizaci\u00f3n de Claudio X. Gonz\u00e1lez. Foto: p\u00e1gina de Luis Carlos Ugalde.<\/p>\n\n\n\n<p>El tambi\u00e9n polit\u00f3logo por la Universidad de Columbia atribuye la percepci\u00f3n de fraude de aquellas elecciones de 2006 a la manera en como esa noche reaccionaron los candidatos presidenciales, sus equipos de campa\u00f1a y el mismo Presidente Vicente Fox. Incluso se habl\u00f3 de \u201calgoritmos\u201d en el IFE, idea que se repiti\u00f3 en los se\u00f1alamientos del Presidente Donald Trump y sus seguidores para alegar fraude en las elecciones estadounidenses de noviembre en que result\u00f3 ganador por una diferencia notable el dem\u00f3crata Joe Biden, quien el mi\u00e9rcoles tom\u00f3 la estafeta. Ese detalle llev\u00f3 a Ugalde a tuitear el mi\u00e9rcoles 6 de enero que hab\u00eda semejanza entre los alegatos de ambas elecciones sobre un posible fraude electoral. <\/p>\n\n\n\n<figure class=\"wp-block-embed-twitter wp-block-embed is-type-rich is-provider-twitter\"><div class=\"wp-block-embed__wrapper\">\n<blockquote class=\"twitter-tweet\" data-width=\"500\" data-dnt=\"true\"><p lang=\"es\" dir=\"ltr\">Trump, Giuliani &amp; Company en 2020:<br><br>&quot;70% de los republicanos creen que hubo fraude, esa es la prueba de que lo hubo&quot;.<br><br>&quot;M\u00e1quinas tramposas y algoritmos ocultos que quitaron votos a Trump&quot;.<br><br>&quot;Todos sabemos que hubo fraude&quot;.<br><br>\u00a1Cu\u00e1nta semejanza con los alegatos en M\u00e9xico en 2006!<\/p>&mdash; Luis Carlos Ugalde (@LCUgalde) <a href=\"https:\/\/twitter.com\/LCUgalde\/status\/1346992282189357060?ref_src=twsrc%5Etfw\">January 7, 2021<\/a><\/blockquote><script async src=\"https:\/\/platform.twitter.com\/widgets.js\" charset=\"utf-8\"><\/script>\n<\/div><\/figure>\n\n\n\n<p>Alrededor de las tres de la tarde del 2 de julio de hace dos d\u00e9cadas, en la sala de prensa del IFE\u00a0el analista y conductor Leo Zuckermann le coment\u00f3 a Ugalde que, de acuerdo con las pl\u00e1ticas con varios encuestadores, la elecci\u00f3n estaba muy cerrada. A esas horas, a\u00fan se sent\u00eda tranquilo. Pero a las ocho de la noche los medios informaban que no hab\u00eda un ganador claro.\u00a0Seis a\u00f1os antes, el 2 de julio de 2000, a esa misma hora la prensa ya hab\u00eda anunciado que Fox hab\u00eda triunfado por un margen de m\u00e1s de 6 puntos.<\/p>\n\n\n\n<p>La \u00fanica encuestadora que daba por ganador a L\u00f3pez Obrador era la suya, la de Covarrubias.&nbsp;Jes\u00fas Ortega, coordinador de la campa\u00f1a, anunci\u00f3 en el hotel Marquis Reforma que la mayor\u00eda de las encuestas de salida le daba ventaja al candidato de la coalici\u00f3n \u201cPor el Bien de Todos\u201d. El presidente del PAN, Manuel Espino, hizo lo propio.<\/p>\n\n\n\n<blockquote class=\"wp-block-quote is-style-large is-layout-flow wp-block-quote-is-layout-flow\"><p>\u201cTodos sospechaban de todos esa noche. El IFE se estaba convirtiendo tambi\u00e9n en sujeto de sospecha, aun antes de haber anunciado un solo resultado\u201d, escribi\u00f3 Ugalde en el libro&nbsp;<em>As\u00ed lo Viv\u00ed.<\/em><\/p><\/blockquote>\n\n\n\n<p>Casi a medianoche los dos candidatos se autoproclamaron ganadores. M\u00e1s de diez a\u00f1os despu\u00e9s de aquel proceso electoral, ahora con Andr\u00e9s Manuel L\u00f3pez Obrador como Presidente y a colaboradores cercanos a Felipe Calder\u00f3n se\u00f1alados de nexos con el narcotr\u00e1fico, Ugalde considera que es un \u201cmito\u201d el fraude de 2006.<\/p>\n\n\n\n<p>\u201cQuiz\u00e1 para el PRD y L\u00f3pez Obrador la \u00fanica demostraci\u00f3n de que la elecci\u00f3n hubiera sido limpia era que el IFE lo hubiera declarado ganador. Si \u00e9l ganaba, no hab\u00eda fraude. Si otro ganaba, hab\u00eda fraude\u201d, concluye en su libro.<\/p>\n\n\n\n<p>Fuente: https:\/\/www.sinembargo.mx\/24-01-2021\/3924404<\/p>\n","protected":false},"excerpt":{"rendered":"<p>Acad\u00e9mico del CIDE, consultor pol\u00edtico y personaje central durante las elecciones cerradas de 2006. El entonces consejero presidente del IFE, [&hellip;]<\/p>\n","protected":false},"author":1,"featured_media":3724,"comment_status":"open","ping_status":"open","sticky":false,"template":"","format":"standard","meta":{"site-sidebar-layout":"default","site-content-layout":"","ast-site-content-layout":"default","site-content-style":"default","site-sidebar-style":"default","ast-global-header-display":"","ast-banner-title-visibility":"","ast-main-header-display":"","ast-hfb-above-header-display":"","ast-hfb-below-header-display":"","ast-hfb-mobile-header-display":"","site-post-title":"","ast-breadcrumbs-content":"","ast-featured-img":"","footer-sml-layout":"","theme-transparent-header-meta":"","adv-header-id-meta":"","stick-header-meta":"","header-above-stick-meta":"","header-main-stick-meta":"","header-below-stick-meta":"","astra-migrate-meta-layouts":"default","ast-page-background-enabled":"default","ast-page-background-meta":{"desktop":{"background-color":"var(--ast-global-color-4)","background-image":"","background-repeat":"repeat","background-position":"center center","background-size":"auto","background-attachment":"scroll","background-type":"","background-media":"","overlay-type":"","overlay-color":"","overlay-opacity":"","overlay-gradient":""},"tablet":{"background-color":"","background-image":"","background-repeat":"repeat","background-position":"center center","background-size":"auto","background-attachment":"scroll","background-type":"","background-media":"","overlay-type":"","overlay-color":"","overlay-opacity":"","overlay-gradient":""},"mobile":{"background-color":"","background-image":"","background-repeat":"repeat","background-position":"center center","background-size":"auto","background-attachment":"scroll","background-type":"","background-media":"","overlay-type":"","overlay-color":"","overlay-opacity":"","overlay-gradient":""}},"ast-content-background-meta":{"desktop":{"background-color":"var(--ast-global-color-5)","background-image":"","background-repeat":"repeat","background-position":"center center","background-size":"auto","background-attachment":"scroll","background-type":"","background-media":"","overlay-type":"","overlay-color":"","overlay-opacity":"","overlay-gradient":""},"tablet":{"background-color":"var(--ast-global-color-5)","background-image":"","background-repeat":"repeat","background-position":"center center","background-size":"auto","background-attachment":"scroll","background-type":"","background-media":"","overlay-type":"","overlay-color":"","overlay-opacity":"","overlay-gradient":""},"mobile":{"background-color":"var(--ast-global-color-5)","background-image":"","background-repeat":"repeat","background-position":"center center","background-size":"auto","background-attachment":"scroll","background-type":"","background-media":"","overlay-type":"","overlay-color":"","overlay-opacity":"","overlay-gradient":""}},"footnotes":""},"categories":[8],"tags":[],"class_list":["post-3723","post","type-post","status-publish","format-standard","has-post-thumbnail","hentry","category-noticias"],"_links":{"self":[{"href":"https:\/\/losperiodistas.com.mx\/portal\/wp-json\/wp\/v2\/posts\/3723","targetHints":{"allow":["GET"]}}],"collection":[{"href":"https:\/\/losperiodistas.com.mx\/portal\/wp-json\/wp\/v2\/posts"}],"about":[{"href":"https:\/\/losperiodistas.com.mx\/portal\/wp-json\/wp\/v2\/types\/post"}],"author":[{"embeddable":true,"href":"https:\/\/losperiodistas.com.mx\/portal\/wp-json\/wp\/v2\/users\/1"}],"replies":[{"embeddable":true,"href":"https:\/\/losperiodistas.com.mx\/portal\/wp-json\/wp\/v2\/comments?post=3723"}],"version-history":[{"count":1,"href":"https:\/\/losperiodistas.com.mx\/portal\/wp-json\/wp\/v2\/posts\/3723\/revisions"}],"predecessor-version":[{"id":3725,"href":"https:\/\/losperiodistas.com.mx\/portal\/wp-json\/wp\/v2\/posts\/3723\/revisions\/3725"}],"wp:featuredmedia":[{"embeddable":true,"href":"https:\/\/losperiodistas.com.mx\/portal\/wp-json\/wp\/v2\/media\/3724"}],"wp:attachment":[{"href":"https:\/\/losperiodistas.com.mx\/portal\/wp-json\/wp\/v2\/media?parent=3723"}],"wp:term":[{"taxonomy":"category","embeddable":true,"href":"https:\/\/losperiodistas.com.mx\/portal\/wp-json\/wp\/v2\/categories?post=3723"},{"taxonomy":"post_tag","embeddable":true,"href":"https:\/\/losperiodistas.com.mx\/portal\/wp-json\/wp\/v2\/tags?post=3723"}],"curies":[{"name":"wp","href":"https:\/\/api.w.org\/{rel}","templated":true}]}}